{"id":40462,"date":"2022-10-04T11:13:50","date_gmt":"2022-10-04T08:13:50","guid":{"rendered":"https:\/\/emlaktuel.com\/?p=40462"},"modified":"2022-10-04T11:13:50","modified_gmt":"2022-10-04T08:13:50","slug":"nef-arsa-ile-ogrenci-rezidansi-sahibi-olun","status":"publish","type":"post","link":"https:\/\/emlaktuel.com\/?p=40462","title":{"rendered":"Nef Arsa ile \u00f6\u011frenci rezidans\u0131 sahibi olun"},"content":{"rendered":"<p>Gayrimenkul sekt\u00f6r\u00fcn\u00fcn yenilik\u00e7i markas\u0131 Nef, son inovasyonu Nef Arsa \u00f6zelinde yeni projeler a\u00e7\u0131klamaya devam ediyor. \u015eimdi de Nef Arsa Sakarya \u00dcniversitesi\u2019nin yan\u0131 ba\u015f\u0131nda hem s\u00fcrekli de\u011ferlenen hem de kira getirisiyle ikinci emeklilik maa\u015f\u0131na d\u00f6n\u00fc\u015fecek arsalar\u0131 235 bin liradan ba\u015flayan fiyatlarla sat\u0131\u015fa sunuyor.<\/p>\n<p><img loading=\"lazy\" class=\"alignnone size-full wp-image-40464\" src=\"https:\/\/emlaktuel.com\/wp-content\/uploads\/2022\/10\/erden_timur.jpg\" alt=\"\" width=\"1080\" height=\"867\"><\/p>\n<p>Erden Timur<\/p>\n<p>D\u00fcnyada bir ilki hayata ge\u00e7irerek \u2018haz\u0131r arsa\u2019 modelini geli\u015ftiren Nef, T\u00fcrkiye genelinde f\u0131rsat kap\u0131lar\u0131n\u0131 a\u00e7maya devam ediyor. \u015eehirlerin geli\u015fime a\u00e7\u0131k noktalar\u0131nda, y\u00fcksek gelir garantisi hedefleyen haz\u0131r arsalar\u0131 T\u00fcrkiye geneline yayarken, arsa yat\u0131r\u0131m\u0131nda da risk fakt\u00f6r\u00fcn\u00fc ortadan kald\u0131ran Nef\u2019in, yeni arsa projesi \u2018\u2019Nef Arsa Sakarya\u2019\u2019 oldu. 2500 TL gibi ula\u015f\u0131labilir taksit se\u00e7enekleri ile sat\u0131\u015fa \u00e7\u0131kan Nef Arsa Sakarya\u2019da, arsa yat\u0131r\u0131mc\u0131lar\u0131 ayn\u0131 zamanda bir \u00f6\u011frenci rezidans\u0131na da sahip olabiliyor.<\/p>\n<p>Sakarya \u00dcniversitesi\u2019nin yan\u0131 ba\u015f\u0131nda bir \u00f6\u011frenci rezidans\u0131n\u0131 da devreye alacak olan Nef, yat\u0131r\u0131mc\u0131ya 235 bin liradan ba\u015flayan fiyatlarla yurt projesinde yat\u0131r\u0131m imk\u00e2n\u0131 sunuyor. \u00d6\u011frenci rezidans\u0131n\u0131n yat\u0131r\u0131mc\u0131ya kira getirisi ise bug\u00fcnk\u00fc de\u011fer \u00fczerinden ayl\u0131k 3 bin lira olarak belirlendi.<\/p>\n<p>Hem s\u00fcrekli de\u011ferlenen bir b\u00f6lgede arsa sahibi olan, hem anapara yat\u0131r\u0131m\u0131n\u0131 kur ve enflasyona kar\u015f\u0131 koruyan hem de Nef\u2019in \u00f6\u011frenci yurdu markas\u0131 olan Novu ile kira getirisi sa\u011flayan arsa sahipleri Nef Arsa Sakarya\u2019 dan ikinci emekli maa\u015f\u0131 al\u0131r gibi yat\u0131r\u0131m\u0131na de\u011fer katacak.<\/p>\n<h2>S\u0131f\u0131r risk, y\u00fcksek gelir<\/h2>\n<p>B\u00f6lgedeki beyaz yakal\u0131 ve \u00f6\u011frenci n\u00fcfusunun talep ve gerekliliklerine g\u00f6re bir proje devreye ald\u0131klar\u0131n\u0131 kaydeden Nef Y\u00f6netim Kurulu Ba\u015fkan\u0131 Erden Timur, \u201c\u015eehirde iki \u00fcniversite mevcut. 80 bini a\u015fan \u00f6\u011frenci n\u00fcfusu i\u00e7in yeterli yurt ve apart tesislerine ihtiya\u00e7 var. \u00d6\u011frencilerin Nef Novu kalitesinde bir \u00fcniversite hayat\u0131 ya\u015famalar\u0131n\u0131 ve e\u011fitimlerine bar\u0131nma sorununa tak\u0131lmadan devam etmelerini \u00f6nemsiyoruz. Bu nedenle Nef Novu \u00f6\u011frenci rezidans\u0131 yat\u0131r\u0131mlar\u0131m\u0131z devam ediyor. Sakarya, ayn\u0131 zamanda Marmara B\u00f6lgesi\u2019nin \u0130stanbul\u2019a yak\u0131n g\u00fczerg\u00e2h\u0131nda \u00f6nemli ula\u015f\u0131m hatlar\u0131n\u0131n merkezinde yer al\u0131yor.\u201d dedi. Timur, Nef Arsa taraf\u0131nda Nef City 82, Kazda\u011flar\u0131, Ilgaz, Eski\u015fehir, Sakarya, \u00c7anakkale, Ayvac\u0131k, L\u00fcleburgaz projelerinde arsalar\u0131n b\u00fcy\u00fck b\u00f6l\u00fcm\u00fcn\u00fcn sat\u0131\u015f\u0131n\u0131 ger\u00e7ekle\u015ftirdiklerini de kaydederek, \u201cKazda\u011flar\u0131, Ilgaz ve Eski\u015fehir projelerimizin sat\u0131\u015flar\u0131 tamamland\u0131. Bu y\u0131l Marmara ve Ege B\u00f6lgesi \u015fehirleri ile Ankara gibi b\u00fcy\u00fck \u015fehirlerde olmak \u00fczere yeni arsa projelerini de devreye almay\u0131 planl\u0131yoruz.\u201d dedi.<\/p>\n<p>&nbsp;<\/p>\n<p>&nbsp;<\/p>\n","protected":false},"excerpt":{"rendered":"<p>Gayrimenkul sekt\u00f6r\u00fcn\u00fcn yenilik\u00e7i markas\u0131 Nef, son inovasyonu Nef Arsa \u00f6zelinde yeni projeler a\u00e7\u0131klamaya devam ediyor. \u015eimdi de Nef Arsa Sakarya \u00dcniversitesi\u2019nin yan\u0131 ba\u015f\u0131nda hem s\u00fcrekli de\u011ferlenen hem de kira getirisiyle ikinci emeklilik maa\u015f\u0131na d\u00f6n\u00fc\u015fecek arsalar\u0131 235 bin liradan ba\u015flayan fiyatlarla sat\u0131\u015fa sunuyor. Erden Timur D\u00fcnyada bir ilki hayata ge\u00e7irerek \u2018haz\u0131r arsa\u2019 modelini geli\u015ftiren Nef, T\u00fcrkiye [&hellip;]<\/p>\n","protected":false},"author":1,"featured_media":40463,"comment_status":"open","ping_status":"open","sticky":false,"template":"","format":"standard","meta":{"ngg_post_thumbnail":0},"categories":[97,5388],"tags":[15423,16482,16481],"_links":{"self":[{"href":"https:\/\/emlaktuel.com\/index.php?rest_route=\/wp\/v2\/posts\/40462"}],"collection":[{"href":"https:\/\/emlaktuel.com\/index.php?rest_route=\/wp\/v2\/posts"}],"about":[{"href":"https:\/\/emlaktuel.com\/index.php?rest_route=\/wp\/v2\/types\/post"}],"author":[{"embeddable":true,"href":"https:\/\/emlaktuel.com\/index.php?rest_route=\/wp\/v2\/users\/1"}],"replies":[{"embeddable":true,"href":"https:\/\/emlaktuel.com\/index.php?rest_route=%2Fwp%2Fv2%2Fcomments&post=40462"}],"version-history":[{"count":1,"href":"https:\/\/emlaktuel.com\/index.php?rest_route=\/wp\/v2\/posts\/40462\/revisions"}],"predecessor-version":[{"id":40465,"href":"https:\/\/emlaktuel.com\/index.php?rest_route=\/wp\/v2\/posts\/40462\/revisions\/40465"}],"wp:featuredmedia":[{"embeddable":true,"href":"https:\/\/emlaktuel.com\/index.php?rest_route=\/wp\/v2\/media\/40463"}],"wp:attachment":[{"href":"https:\/\/emlaktuel.com\/index.php?rest_route=%2Fwp%2Fv2%2Fmedia&parent=40462"}],"wp:term":[{"taxonomy":"category","embeddable":true,"href":"https:\/\/emlaktuel.com\/index.php?rest_route=%2Fwp%2Fv2%2Fcategories&post=40462"},{"taxonomy":"post_tag","embeddable":true,"href":"https:\/\/emlaktuel.com\/index.php?rest_route=%2Fwp%2Fv2%2Ftags&post=40462"}],"curies":[{"name":"wp","href":"https:\/\/api.w.org\/{rel}","templated":true}]}}