{"id":40450,"date":"2022-10-02T14:12:38","date_gmt":"2022-10-02T11:12:38","guid":{"rendered":"https:\/\/emlaktuel.com\/?p=40450"},"modified":"2022-10-02T14:12:38","modified_gmt":"2022-10-02T11:12:38","slug":"ibb-akom-ve-akut-vakfinin-egitimleri-basladi","status":"publish","type":"post","link":"https:\/\/emlaktuel.com\/?p=40450","title":{"rendered":"\u0130BB Akom ve Akut Vakf\u0131&#8217;n\u0131n e\u011fitimleri ba\u015flad\u0131"},"content":{"rendered":"<div class=\"n2-ss-layer n2-ow n-uc-xbLaYGkxkTEQ1\" data-pm=\"normal\" data-sstype=\"layer\">\n<div class=\"n2-ss-item-content n2-ss-text n2-ow-all\">\n<div class=\"\">\n<p><strong>\u0130BB AKOM ve AKUT VAKFI&#8217;n\u0131n \u201c\u0130stanbul Seninle G\u00fcvende!\u201d slogan\u0131yla ba\u015flatt\u0131klar\u0131 Afet G\u00f6n\u00fcll\u00fcleri projesi kapsam\u0131nda, kursiyerlere ilk e\u011fitim verildi.&nbsp;<\/strong><\/p>\n<p>Mahalle Afet G\u00f6n\u00fcll\u00fc Sisteminin Olu\u015fturulmas\u0131 ve Yayg\u0131nla\u015ft\u0131r\u0131lmas\u0131\u201d hedefiyle \u0130BB AKOM ve AKUT VAKFI taraf\u0131ndan \u0130stanbul genelinde ba\u015flat\u0131lan \u201cToplanma Alanlar\u0131nda Organizasyon ve \u0130lk M\u00fcdahale Ekibi\u201d adl\u0131 toplum bilin\u00e7lendirme e\u011fitimleri kapsam\u0131nda 5.450 vatanda\u015fa \u00fccretsiz afet e\u011fitimi veriliyor. &#8220;\u0130stanbul Seninle G\u00fcvende!&#8221; slogan\u0131yla ba\u015flat\u0131lan Afet G\u00f6n\u00fcll\u00fcleri projesinin ilk e\u011fitimi 1 Ekim 2022 Cumartesi sabah\u0131, AKUT VAKFI&#8217;n\u0131n Kartal Yerle\u015fkesinde yap\u0131ld\u0131.&nbsp;<\/p>\n<p>Ba\u015fta beklenen \u0130stanbul depremi olmak \u00fczere, \u0130stanbul ve genelinde meydana gelebilecek t\u00fcm afet ve acil durumlara haz\u0131rl\u0131kl\u0131 olmak i\u00e7in&nbsp;AKUT VAKFI-Kartal Belediyesi Toplum Afet Bilin\u00e7lendirme ve Lojistik Merkezi&#8217;nde ger\u00e7ekle\u015fen &#8220;\u0130lk M\u00fcdahale Ekibi&#8221; e\u011fitimi kapsam\u0131nda; AKUT VAKFI e\u011fitmenleri, kursiyerlere ilk yard\u0131m ve yaral\u0131 ta\u015f\u0131ma tekniklerini anlatt\u0131. &nbsp;<\/p>\n<h2><strong>AKUT VAKFI Ba\u015fkan\u0131 Nasuh Mahruki \u00e7al\u0131\u015fmalara de\u011findi:<\/strong><\/h2>\n<p>AKUT VAKFI Ba\u015fkan\u0131 Nasuh Mahruki, \u201c<strong>Toplanma Alanlar\u0131nda Organizasyon<\/strong>&nbsp;e\u011fitimimiz ile ba\u015fta deprem olmak \u00fczere tahliye gerektiren do\u011fa veya insan kaynakl\u0131 t\u00fcm afet ve acil durumlarda; T\u00fcrkiye Afet M\u00fcdahale Plan\u0131 kapsam\u0131nda toplanma alanlar\u0131nda g\u00f6rev almak \u00fczere yetkilendirilmi\u015f g\u00f6revliler b\u00f6lgeye ula\u015fana kadar, pani\u011fin engellenmesi ve en acil ihtiya\u00e7lar\u0131n tespit edilebilmesi amac\u0131yla mahallelerdeki g\u00f6n\u00fcll\u00fclere bir dizi e\u011fitim vererek deprem sonras\u0131 kaos kaynakl\u0131 ikincil riskleri minimize etmeyi hedefliyoruz. Bu e\u011fitimler ile g\u00f6n\u00fcll\u00fclerimize olas\u0131 afet veya acil durumlarda toplanma alanlar\u0131nda organize olmay\u0131 ve ihtiya\u00e7lar\u0131 s\u0131n\u0131flamay\u0131 anlat\u0131yoruz.\u201d dedi.&nbsp;<\/p>\n<p>\u201c5 bini a\u015fk\u0131n vatanda\u015f\u0131m\u0131za sunmay\u0131 planlad\u0131\u011f\u0131m\u0131z bu e\u011fitim ile yetkililer b\u00f6lgeye ula\u015fana kadar ya\u015fanacak kaosun \u00f6n\u00fcne ge\u00e7meyi; engelli ve hasta bireyler, bebekler, ya\u015f alm\u0131\u015f mahalle sakinleri gibi k\u0131r\u0131lgan gruplar\u0131n maruz kalacaklar\u0131 tehlike riskini bertaraf etmeyi; \u00e7ocuklar\u0131n ve evcil hayvanlar\u0131n kaybolmas\u0131n\u0131 engellemeyi; varsa yaral\u0131lar\u0131 yetkililerle bulu\u015fturacak ileti\u015fimi ivedilikle sa\u011flamay\u0131 ve b\u00f6ylelikle halk\u0131m\u0131z\u0131n zarar g\u00f6rebilirli\u011fini en aza indirmeyi ama\u00e7l\u0131yoruz.\u201d diyen Nasuh Mahruki,&nbsp;<strong>\u0130ME-\u0130lk M\u00fcdahale Ekibi e\u011fitimlerinin<\/strong>&nbsp;ise afet sonras\u0131 12 saat i\u00e7erisinde ula\u015f\u0131labilecek kazazedelere y\u00f6nelik olarak planland\u0131\u011f\u0131n\u0131 aktard\u0131.&nbsp;<\/p>\n<p>\u201c450 vatanda\u015f\u0131m\u0131za sunmay\u0131 planlad\u0131\u011f\u0131m\u0131z bu e\u011fitim ile akredite arama-kurtarma ekipleri b\u00f6lgeye ula\u015fana kadar, a\u011f\u0131r teknik ekipman kullanmaks\u0131z\u0131n kurtar\u0131labilecek kazazedelere ula\u015farak can kay\u0131plar\u0131n\u0131 minimize etmeyi ama\u00e7l\u0131yoruz. Bina kontrol\u00fc, bina tahliye, kazazedenin yer tespiti, ula\u015fma, sedyeleme-sabitleme ve yaral\u0131y\u0131 g\u00fcvenli alana nakil etaplar\u0131ndan olu\u015fan bu e\u011fitimin i\u00e7erisinde afet ilk yard\u0131m\u0131n\u0131 da anlat\u0131yoruz.\u201d diyen Nasuh Mahruki, AKUT VAKFI g\u00f6n\u00fcll\u00fclerinin 30 y\u0131la yakla\u015fan afet ve acil durum y\u00f6netimi tecr\u00fcbesinden yola \u00e7\u0131karak ba\u015flatt\u0131klar\u0131 e\u011fitim projesine katk\u0131 sunan t\u00fcm kamu g\u00f6revlilerine ve payda\u015f sivil toplum \u00f6rg\u00fctlerine te\u015fekk\u00fcrlerini iletti.<\/p>\n<p><strong>Projenin destek\u00e7ileri:<\/strong><\/p>\n<p>\u0130stanbul B\u00fcy\u00fck\u015fehir Belediye Ba\u015fkan\u0131 Ekrem \u0130mamo\u011flu \u00f6nc\u00fcl\u00fc\u011f\u00fcnde,&nbsp;\u0130BB AKOM y\u00fcr\u00fct\u00fcc\u00fcl\u00fc\u011f\u00fcnde ger\u00e7ekle\u015fen ve&nbsp;\u0130stanbul \u0130ftaiyesi taraf\u0131ndan da \u00f6nemle desteklenen projenin e\u011fitim aya\u011f\u0131n\u0131 \u00fcstlenen AKUT VAKFI\u2019na; Kartal Belediyesi ve Maltepe Belediyesi&#8217;nin yan\u0131 s\u0131ra TRAC, \u0130HT\u0130YA\u00c7 HAR\u0130TASI, HAYATA DESTEK, \u00c7YDD, \u0130STANBUL G\u00d6N\u00dcLL\u00dcLER\u0130, MAKUT, \u0130STANBUL ARAMA KURTARMA, NESAR, Motorlu Kuryeler Federasyonu, \u0130NOGRA, TAP gibi pek \u00e7ok sivil toplum \u00f6rg\u00fct\u00fc de destek veriyor.<\/p>\n<p>Y\u0131l sonunda bitmesi planlanan proje kapsam\u0131nda e\u011fitim almak isteyen vatanda\u015flar, AKOM\u2019un web sayfas\u0131ndan \u201cAfet G\u00f6n\u00fcll\u00fcleri\u201d sekmesine t\u0131klayarak ba\u015fvuruda bulunabilirler.&nbsp;<\/p>\n<p>Proje kapsam\u0131nda e\u011fitim almak i\u00e7in:&nbsp;http:\/\/akom.ibb.<wbr>istanbul\/afet-gonulluleri\/<\/p>\n<\/div>\n<\/div>\n<\/div>\n","protected":false},"excerpt":{"rendered":"<p>\u0130BB AKOM ve AKUT VAKFI&#8217;n\u0131n \u201c\u0130stanbul Seninle G\u00fcvende!\u201d slogan\u0131yla ba\u015flatt\u0131klar\u0131 Afet G\u00f6n\u00fcll\u00fcleri projesi kapsam\u0131nda, kursiyerlere ilk e\u011fitim verildi.&nbsp; Mahalle Afet G\u00f6n\u00fcll\u00fc Sisteminin Olu\u015fturulmas\u0131 ve Yayg\u0131nla\u015ft\u0131r\u0131lmas\u0131\u201d hedefiyle \u0130BB AKOM ve AKUT VAKFI taraf\u0131ndan \u0130stanbul genelinde ba\u015flat\u0131lan \u201cToplanma Alanlar\u0131nda Organizasyon ve \u0130lk M\u00fcdahale Ekibi\u201d adl\u0131 toplum bilin\u00e7lendirme e\u011fitimleri kapsam\u0131nda 5.450 vatanda\u015fa \u00fccretsiz afet e\u011fitimi veriliyor. &#8220;\u0130stanbul Seninle [&hellip;]<\/p>\n","protected":false},"author":1,"featured_media":40451,"comment_status":"open","ping_status":"open","sticky":false,"template":"","format":"standard","meta":{"ngg_post_thumbnail":0},"categories":[26],"tags":[16480],"_links":{"self":[{"href":"https:\/\/emlaktuel.com\/index.php?rest_route=\/wp\/v2\/posts\/40450"}],"collection":[{"href":"https:\/\/emlaktuel.com\/index.php?rest_route=\/wp\/v2\/posts"}],"about":[{"href":"https:\/\/emlaktuel.com\/index.php?rest_route=\/wp\/v2\/types\/post"}],"author":[{"embeddable":true,"href":"https:\/\/emlaktuel.com\/index.php?rest_route=\/wp\/v2\/users\/1"}],"replies":[{"embeddable":true,"href":"https:\/\/emlaktuel.com\/index.php?rest_route=%2Fwp%2Fv2%2Fcomments&post=40450"}],"version-history":[{"count":1,"href":"https:\/\/emlaktuel.com\/index.php?rest_route=\/wp\/v2\/posts\/40450\/revisions"}],"predecessor-version":[{"id":40452,"href":"https:\/\/emlaktuel.com\/index.php?rest_route=\/wp\/v2\/posts\/40450\/revisions\/40452"}],"wp:featuredmedia":[{"embeddable":true,"href":"https:\/\/emlaktuel.com\/index.php?rest_route=\/wp\/v2\/media\/40451"}],"wp:attachment":[{"href":"https:\/\/emlaktuel.com\/index.php?rest_route=%2Fwp%2Fv2%2Fmedia&parent=40450"}],"wp:term":[{"taxonomy":"category","embeddable":true,"href":"https:\/\/emlaktuel.com\/index.php?rest_route=%2Fwp%2Fv2%2Fcategories&post=40450"},{"taxonomy":"post_tag","embeddable":true,"href":"https:\/\/emlaktuel.com\/index.php?rest_route=%2Fwp%2Fv2%2Ftags&post=40450"}],"curies":[{"name":"wp","href":"https:\/\/api.w.org\/{rel}","templated":true}]}}