{"id":40408,"date":"2022-09-28T14:15:55","date_gmt":"2022-09-28T11:15:55","guid":{"rendered":"https:\/\/emlaktuel.com\/?p=40408"},"modified":"2022-09-28T14:15:55","modified_gmt":"2022-09-28T11:15:55","slug":"gyoder-17-gayrimenkul-zirvesi-25-ekimde-zorlu-psmde-gerceklesecek","status":"publish","type":"post","link":"https:\/\/emlaktuel.com\/?p=40408","title":{"rendered":"GYODER 17. Gayrimenkul Zirvesi 25 Ekim\u2019de Zorlu PSM\u2019de ger\u00e7ekle\u015fecek"},"content":{"rendered":"<p class=\"p2\"><b>Gayrimenkul Sekt\u00f6r\u00fcnde Rota Yeniden Olu\u015fturuluyor.<\/b><\/p>\n<p class=\"p3\"><b>Zengin i\u00e7eri\u011fi, uluslararas\u0131 \u00fcst d\u00fczey konu\u015fmac\u0131lar\u0131 ve kat\u0131l\u0131mc\u0131lar\u0131 ile sekt\u00f6rde bir marka haline gelen ve GYODER taraf\u0131ndan 2000 y\u0131l\u0131ndan bu yana d\u00fczenlenen Gayrimenkul Zirvesi, bu y\u0131l 17. Kez \u201cRota Yeniden Olu\u015fturuluyor\u201d mottosuyla 25 Ekim 2022\u2019de Zorlu PSM\u2019de ger\u00e7ekle\u015fecek. Zirvede sekt\u00f6re dair bir\u00e7ok yenilik payla\u015f\u0131l\u0131rken, GYODER\u2019in eri\u015filebilir konut modeli ile ilgili \u00e7al\u0131\u015fmas\u0131n\u0131n detaylar\u0131 da kamuoyu ile payla\u015f\u0131lacak.<\/b><\/p>\n<p class=\"p4\">T\u00fcrkiye\u2019nin Gayrimenkul Platformu GYODER taraf\u0131ndan 2000 y\u0131l\u0131ndan bu yana d\u00fczenlenen <b>Gayrimenkul Zirvesi,<\/b> y\u0131llar i\u00e7inde artan ba\u015far\u0131s\u0131 ile gayrimenkul sekt\u00f6r\u00fcn\u00fcn en \u00f6nemli platformlar\u0131ndan biri haline gelirken, zengin i\u00e7eri\u011fi, uluslararas\u0131 \u00fcst d\u00fczey konu\u015fmac\u0131lar\u0131 ve kat\u0131l\u0131mc\u0131lar\u0131yla da sekt\u00f6rde bir marka haline gelmeyi ba\u015fard\u0131.<span class=\"Apple-converted-space\">&nbsp; <\/span>17. kez d\u00fczenlenecek olan <b>Gayrimenkul Zirvesi<\/b>, <b>25 Ekim 2022\u2019<\/b>de ilham verici sanat deneyimleri sunan ve d\u00fcnyaca \u00fcnl\u00fc bir\u00e7ok etkinli\u011fe ev sahipli\u011fi yapan Zorlu PSM\u2019de ger\u00e7ekle\u015fecek.<\/p>\n<p class=\"p4\">Sekt\u00f6rden pek \u00e7ok akt\u00f6r\u00fcn ve kurumun destek\u00e7isi oldu\u011fu, her y\u0131l farkl\u0131 bir konseptte d\u00fczenlenen <b>17. Gayrimenkul Zirvesi<\/b>, bu sene \u201c<b>Rota Yeniden Olu\u015fturuluyor\u201d <\/b>mottosu ile ger\u00e7ekle\u015ftirilecek. GYODER bu zirveyle ana vizyonu olan 4T prensibi ile; <b>Tabiat, Toplum, Teknoloji <\/b>ve<b> Tasar\u0131m<\/b> konular\u0131n\u0131 sahiplenerek amac\u0131n\u0131 ve fark\u0131n\u0131 hem yapt\u0131klar\u0131 hem de s\u00f6ylemleriyle t\u00fcm sekt\u00f6r payda\u015flar\u0131na iletmeyi ama\u00e7l\u0131yor. Zirvede sekt\u00f6re dair bir\u00e7ok yenilikle beraber, GYODER\u2019in eri\u015filebilir konut modeli ile ilgili \u00e7al\u0131\u015fmas\u0131n\u0131n detaylar\u0131 da kamuoyu ile payla\u015f\u0131lacak.<\/p>\n<p class=\"p4\">Sunuculu\u011funu <b>J\u00fclide Ate\u015f<\/b>\u2019in yapaca\u011f\u0131 zirvede yer alacak panelist ve moderat\u00f6rlerden baz\u0131lar\u0131 ise; GYODER Y\u00f6netim Kurulu Ba\u015fkan\u0131 <b>Mehmet Kalyoncu<\/b>, PwC T\u00fcrkiye Y\u00f6netici Orta\u011f\u0131 ve Sekt\u00f6r Lideri <b>Ersun Bayraktaro\u011flu,<\/b> \u0130stanbul Topkap\u0131 \u00dcniversitesi Rekt\u00f6r\u00fc <b>Prof. Dr. Emre Alkin<\/b>, \u0130stinye \u00dcniversitesi Dekan\u0131 <b>Prof. Dr. A. U\u011fur Tanyeli<\/b>, Konda Ara\u015ft\u0131rma Genel M\u00fcd\u00fcr\u00fc <b>Bekir A\u011f\u0131rd\u0131r<\/b>, Cushman &amp; Wakefield T\u00fcrkiye Y\u00f6netici Orta\u011f\u0131 <b>Tu\u011fra G\u00f6nden<\/b>, Tabanl\u0131o\u011flu Mimarl\u0131k Kurucusu <b>Murat Tabanl\u0131o\u011flu<\/b>, Epos Kurucu Orta\u011f\u0131 <b>Ne\u015fecan \u00c7ekici<\/b>, Ekonomi Gazetecisi <b>Hakan G\u00fclda\u011f<\/b>, Denizbank CEO\u2019su <b>Hakan Ate\u015f<\/b>, Arta\u015f \u0130n\u015faat Y\u00f6netim Kurulu Ba\u015fkan\u0131 <b>S\u00fcleyman \u00c7etinsaya<\/b>, iLab CEO\u2019su <b>Mustafa Say<\/b>, Missafir CEO\u2019su <b>Mehmet Y\u00fcksel<\/b>, Nulook<b> <\/b>Kurucusu ve Y\u00f6netim Kurulu Ba\u015fkan\u0131 <b>Muzaffer Y\u0131ld\u0131r\u0131m<\/b>,<span class=\"Apple-converted-space\">&nbsp; <\/span>Galataport \u0130cradan Sorumlu Y\u00f6netim Kurulu \u00dcyesi ve Genel M\u00fcd\u00fcr\u00fc <b>Erdem Tavas<\/b>, Akfen Y\u00f6netim Kurulu Ba\u015fkan Vekili <b>Selim Ak\u0131n<\/b> olacak.<\/p>\n<p class=\"p4\">Zirvenin yurtd\u0131\u015f\u0131ndan a\u011f\u0131rlayaca\u011f\u0131 konuklar\u0131 aras\u0131nda da;<b> <\/b>Emlak Yat\u0131r\u0131mc\u0131s\u0131 <b>Goodwin Gaw<\/b>, Arnavutluk Maliye ve Ekonomi Bakanl\u0131\u011f\u0131 Konut M\u00fcd\u00fcr\u00fc<b> Doris Andoni,<\/b> Neom City CEO\u2019su <b>Nadhmi Al Nasr<\/b> ve Emaar Properties CEO\u2019su<b> Mohamed Alabbar <\/b>gibi alan\u0131nda \u00f6nemli isimler yer alacak.<\/p>\n<p class=\"p5\">HYPERLINK &#8220;http:\/\/www.gayrimenkulzirvesi.org&#8221; <span class=\"s2\">www.gayrimenkulzirvesi.org<\/span><\/p>\n<p class=\"p6\">&nbsp;<\/p>\n","protected":false},"excerpt":{"rendered":"<p>Gayrimenkul Sekt\u00f6r\u00fcnde Rota Yeniden Olu\u015fturuluyor. Zengin i\u00e7eri\u011fi, uluslararas\u0131 \u00fcst d\u00fczey konu\u015fmac\u0131lar\u0131 ve kat\u0131l\u0131mc\u0131lar\u0131 ile sekt\u00f6rde bir marka haline gelen ve GYODER taraf\u0131ndan 2000 y\u0131l\u0131ndan bu yana d\u00fczenlenen Gayrimenkul Zirvesi, bu y\u0131l 17. Kez \u201cRota Yeniden Olu\u015fturuluyor\u201d mottosuyla 25 Ekim 2022\u2019de Zorlu PSM\u2019de ger\u00e7ekle\u015fecek. Zirvede sekt\u00f6re dair bir\u00e7ok yenilik payla\u015f\u0131l\u0131rken, GYODER\u2019in eri\u015filebilir konut modeli ile ilgili [&hellip;]<\/p>\n","protected":false},"author":1,"featured_media":25415,"comment_status":"open","ping_status":"open","sticky":false,"template":"","format":"standard","meta":{"ngg_post_thumbnail":0},"categories":[5388],"tags":[2241],"_links":{"self":[{"href":"https:\/\/emlaktuel.com\/index.php?rest_route=\/wp\/v2\/posts\/40408"}],"collection":[{"href":"https:\/\/emlaktuel.com\/index.php?rest_route=\/wp\/v2\/posts"}],"about":[{"href":"https:\/\/emlaktuel.com\/index.php?rest_route=\/wp\/v2\/types\/post"}],"author":[{"embeddable":true,"href":"https:\/\/emlaktuel.com\/index.php?rest_route=\/wp\/v2\/users\/1"}],"replies":[{"embeddable":true,"href":"https:\/\/emlaktuel.com\/index.php?rest_route=%2Fwp%2Fv2%2Fcomments&post=40408"}],"version-history":[{"count":1,"href":"https:\/\/emlaktuel.com\/index.php?rest_route=\/wp\/v2\/posts\/40408\/revisions"}],"predecessor-version":[{"id":40409,"href":"https:\/\/emlaktuel.com\/index.php?rest_route=\/wp\/v2\/posts\/40408\/revisions\/40409"}],"wp:featuredmedia":[{"embeddable":true,"href":"https:\/\/emlaktuel.com\/index.php?rest_route=\/wp\/v2\/media\/25415"}],"wp:attachment":[{"href":"https:\/\/emlaktuel.com\/index.php?rest_route=%2Fwp%2Fv2%2Fmedia&parent=40408"}],"wp:term":[{"taxonomy":"category","embeddable":true,"href":"https:\/\/emlaktuel.com\/index.php?rest_route=%2Fwp%2Fv2%2Fcategories&post=40408"},{"taxonomy":"post_tag","embeddable":true,"href":"https:\/\/emlaktuel.com\/index.php?rest_route=%2Fwp%2Fv2%2Ftags&post=40408"}],"curies":[{"name":"wp","href":"https:\/\/api.w.org\/{rel}","templated":true}]}}