{"id":40324,"date":"2022-09-19T15:14:08","date_gmt":"2022-09-19T12:14:08","guid":{"rendered":"https:\/\/emlaktuel.com\/?p=40324"},"modified":"2022-09-19T15:14:08","modified_gmt":"2022-09-19T12:14:08","slug":"ford-otosan-turkiyenin-elektrik-donusumune-ilklerle-damgasini-vurmaya-devam-ediyor-%100-elektrikli-kamyonunu-hannoverde-tanitti","status":"publish","type":"post","link":"https:\/\/emlaktuel.com\/?p=40324","title":{"rendered":"Ford Otosan, T\u00fcrkiye\u2019nin elektrik d\u00f6n\u00fc\u015f\u00fcm\u00fcne ilklerle damgas\u0131n\u0131 vurmaya devam ediyor: %100 elektrikli kamyonunu Hannover\u2019de tan\u0131tt\u0131"},"content":{"rendered":"<p><strong>Ford Otosan, T\u00fcrkiye\u2019nin elektrik d\u00f6n\u00fc\u015f\u00fcm\u00fcne ilklerle damgas\u0131n\u0131 vurmaya devam ediyor: %100 elektrikli kamyonunu Hannover\u2019de tan\u0131tt\u0131,<\/strong><\/p>\n<p><strong>T\u00fcrk otomotiv sanayinin \u00f6nc\u00fc \u015firketi Ford Otosan, Ford E-Transit ve E-Transit Custom\u2019\u0131n ard\u0131ndan, T\u00fcrkiye\u2019nin elektrik d\u00f6n\u00fc\u015f\u00fcm\u00fcnde yeni bir k\u0131r\u0131lma noktas\u0131 olacak %100 elektrikli kamyonunu Hannover\u2019de d\u00fczenlenen Uluslararas\u0131 Ticari Ara\u00e7 Fuar\u0131\u2019nda (IAA) tan\u0131tt\u0131. Tasar\u0131m\u0131ndan test s\u00fcre\u00e7lerine kadar tamamen T\u00fcrkiye\u2019de geli\u015ftirilen ve \u00fcretilen %100 elektrikli kamyon ile Ford Otosan, hafif ve orta ticarinin ard\u0131ndan a\u011f\u0131r ticaride de yeni nesil elektrikli ara\u00e7 geli\u015ftiren ve \u00fcreten d\u00fcnyan\u0131n say\u0131l\u0131 otomotiv markalar\u0131 aras\u0131na ad\u0131n\u0131 yazd\u0131rd\u0131.<\/strong><\/p>\n<p><strong>Ford Otosan\u2019\u0131n global markas\u0131 Ford Trucks, T\u00fcrkiye\u2019de geli\u015ftirilen ve \u00fcretilen ilk %100 elektrikli a\u011f\u0131r ticari arac\u0131 ve Generation F hareketi ile s\u0131f\u0131r karbon emisyonlu, ba\u011flant\u0131l\u0131, otonom teknolojilerle fuara damgas\u0131n\u0131 vurdu. Ford Otosan\u2019\u0131n s\u00fcrd\u00fcr\u00fclebilirlik hedefleri do\u011frultusunda, Ford Trucks 2030 y\u0131l\u0131nda Avrupa sat\u0131\u015flar\u0131n\u0131n %50\u2019sini s\u0131f\u0131r emisyonlu ara\u00e7lardan sa\u011flamay\u0131, 2040\u2019da ise t\u00fcm operasyonlar\u0131nda satt\u0131\u011f\u0131 ara\u00e7lar\u0131n tamam\u0131n\u0131n s\u0131f\u0131r emisyonlu olmas\u0131n\u0131 hedefliyor.&nbsp;<\/strong><\/p>\n<p>Avrupa\u2019n\u0131n ticari ara\u00e7 \u00fcretim lideri, T\u00fcrkiye\u2019de geli\u015ftirilen ve \u00fcretilen ilk %100 elektrikli a\u011f\u0131r ticari arac\u0131n\u0131 2022 Hannover Uluslararas\u0131 Ticari Ara\u00e7 Fuar\u0131\u2019nda (IAA) d\u00fcnyaya tan\u0131tt\u0131. Ford Otosan\u2019\u0131n segmentinde ilk PHEV (Plug-in Hibrit) ticari ara\u00e7lar\u0131n \u00fcretimiyle ba\u015flayan elektriklenme ser\u00fcveni, Avrupa\u2019n\u0131n en g\u00fc\u00e7l\u00fc tam elektrikli ticari arac\u0131 E-Transit&#8217;in 2022 y\u0131l\u0131nda hattan inmesi ile devam etti. Ge\u00e7ti\u011fimiz g\u00fcnlerde tan\u0131t\u0131lan E-Transit Custom ise \u00f6n\u00fcm\u00fczdeki y\u0131l Kocaeli\u2019nde \u00fcretilmeye ba\u015flanacak. Efsane Transit\u2019in elektriklenmesinin ard\u0131ndan, tasar\u0131m\u0131ndan test s\u00fcre\u00e7lerine kadar tamamen Ford Otosan m\u00fchendislerinin geli\u015ftirdi\u011fi ve T\u00fcrkiye\u2019de \u00fcretilen ilk %100 elektrikli a\u011f\u0131r ticari ara\u00e7 ile Ford Otosan, hafif ve orta ticarinin ard\u0131ndan a\u011f\u0131r ticaride de yeni nesil elektrikli ara\u00e7 geli\u015ftiren ve \u00fcreten d\u00fcnyan\u0131n say\u0131l\u0131 otomotiv markalar\u0131 aras\u0131na ad\u0131n\u0131 yazd\u0131rd\u0131.<\/p>\n<p>&nbsp;<\/p>\n<p>Ba\u011flant\u0131l\u0131 ve yenilik\u00e7i teknolojilere sahip %100 elektrikli kamyon; Ford Otosan\u2019\u0131n uzun d\u00f6nem s\u00fcrd\u00fcr\u00fclebilirlik hedefleri do\u011frultusunda, a\u011f\u0131r ticari ara\u00e7larda 2040\u2019ta s\u0131f\u0131r emisyon hedefine y\u00f6nelik dev bir ad\u0131m niteli\u011fi ta\u015f\u0131yor. Ayr\u0131ca Ford Trucks\u2019\u0131n 2030 y\u0131l\u0131nda Avrupa\u2019ya sat\u0131\u015flar\u0131n\u0131n yar\u0131s\u0131n\u0131n s\u0131f\u0131r emisyonlu olmas\u0131 hedefinin ger\u00e7ekle\u015fmesinde b\u00fcy\u00fck rol oynuyor.<\/p>\n<p>&nbsp;<\/p>\n<p><strong>Ford Otosan Genel M\u00fcd\u00fcr\u00fc G\u00fcven \u00d6zyurt: \u201cBinek ara\u00e7lardan a\u011f\u0131r ticari ara\u00e7lara kadar t\u00fcm otomotiv end\u00fcstrisinde elektrifikasyonda her y\u00f6n\u00fcyle global bir oyuncu konumunday\u0131z\u201d<\/strong><\/p>\n<p><strong>&nbsp;<\/strong><\/p>\n<p>Ford Otosan\u2019\u0131n T\u00fcrkiye&#8217;nin sadece en b\u00fcy\u00fck otomotiv \u015firketlerinden biri de\u011fil; otomotivde teknolojik d\u00f6n\u00fc\u015f\u00fcm\u00fcn de \u00f6nc\u00fcs\u00fc oldu\u011funa dikkat \u00e7eken Ford Otosan Genel M\u00fcd\u00fcr\u00fc G\u00fcven \u00d6zyurt, bug\u00fcn binek ara\u00e7lardan a\u011f\u0131r ticariye kadar geni\u015f bir yelpazede elektrikli d\u00f6n\u00fc\u015f\u00fcm\u00fcn d\u00fcnya \u00e7ap\u0131nda \u00f6nemli oyuncular\u0131 aras\u0131nda yer ald\u0131klar\u0131n\u0131 belirtti. Bu y\u0131l Temmuz ay\u0131nda Romanya\u2019daki Ford Craiova fabrikas\u0131n\u0131 sat\u0131n alarak \u015firketin \u00fcretim operasyonlar\u0131n\u0131 binek ara\u00e7lar\u0131 kapsayacak \u015fekilde geni\u015flettiklerini belirten \u00d6zyurt, T\u00fcrkiye\u2019deki elektriklenme yolculu\u011funu Romanya\u2019da da devam ettirece\u011fini s\u00f6zlerine ekledi. \u00d6zyurt \u015fu de\u011ferlendirmelerde bulundu: \u201cOtomotiv end\u00fcstrisinde, Paris \u0130klim Anla\u015fmas\u0131, AB Ye\u015fil Mutabakat\u0131 ve ACEA gibi anla\u015fmalara paralel \u015fekilde s\u0131f\u0131r emisyonlu ara\u00e7lar ba\u015fta olmak \u00fczere ba\u011flant\u0131l\u0131, otonom teknolojiler i\u00e7in uzun s\u00fcredir var g\u00fcc\u00fcm\u00fczle \u00e7al\u0131\u015f\u0131yoruz. &nbsp;Bu \u00e7al\u0131\u015fmalar\u0131m\u0131z bizi hep daha ileriye ta\u015f\u0131yor ve t\u00fcm segmentlerde elektrikli d\u00f6n\u00fc\u015f\u00fcme liderlik ediyoruz. T\u00fcrkiye\u2019nin en geli\u015fmi\u015f Ar-Ge merkezi ve en yetkin m\u00fchendisleri ile ge\u00e7mi\u015ften beri pek \u00e7ok ilke imza att\u0131k. Bug\u00fcn %100 elektrikli kamyonumuz ile yine bir ilki ba\u015farman\u0131n ve inovatif teknolojilerimizi sizlere sunman\u0131n gururunu ya\u015f\u0131yoruz.\u201d<\/p>\n<p>&nbsp;<\/p>\n<p><strong>Ford Trucks Genel M\u00fcd\u00fcr Yard\u0131mc\u0131s\u0131 Serhan Turfan: \u201cGeneration F teknolojik d\u00f6n\u00fc\u015f\u00fcm hareketinin \u00fcr\u00fcn\u00fc %100 elektrikli kamyonumuz ve yenilik\u00e7i teknolojilerimizle kar\u015f\u0131n\u0131zday\u0131z!\u201d<\/strong><\/p>\n<p><strong>&nbsp;<\/strong><\/p>\n<p>T\u00fcrkiye\u2019de \u00fcretilecek %100 elektrikli a\u011f\u0131r ticari arac\u0131 ve gelece\u011fin ba\u011flant\u0131l\u0131, otonom s\u00fcr\u00fc\u015f teknolojilerine y\u00f6nelik ileri teknoloji hamleleri ile global yolculuklar\u0131n\u0131 h\u0131z kesmeden s\u00fcrd\u00fcrd\u00fcklerini aktaran Ford Trucks Genel M\u00fcd\u00fcr Yard\u0131mc\u0131s\u0131 Serhan Turfan, \u015fu anda 43 \u00fclkede olduklar\u0131n\u0131 2024\u2019te ise 50 \u00fclkeye ula\u015fmay\u0131 planlad\u0131klar\u0131n\u0131 belirtti. Turfan \u201cBug\u00fcn lansman\u0131n\u0131 ger\u00e7ekle\u015ftirdi\u011fimiz elektrikli kamyonumuz ile&nbsp;sadece&nbsp;gelece\u011fin a\u011f\u0131r ticari end\u00fcstrisine y\u00f6nelik vizyonumuzu de\u011fil, tasar\u0131m ve teknoloji anlam\u0131ndaki lider konumumuzu da sizlerle payla\u015f\u0131yoruz. Bug\u00fcn yerli motor, \u015fanz\u0131man ve aks ile bir arac\u0131n t\u00fcm aktarma organlar\u0131n\u0131 geli\u015ftiren ve \u00fcreten say\u0131l\u0131 markalardan biriyiz.&nbsp;Generation F ad\u0131 alt\u0131nda ba\u015flatt\u0131\u011f\u0131m\u0131z s\u0131f\u0131r emisyonlu, ba\u011flant\u0131l\u0131 ve otonom teknolojileri kapsayan d\u00f6n\u00fc\u015f\u00fcm i\u00e7in mevcut g\u00fcc\u00fcm\u00fczden destek ve ilham alarak ilerliyoruz.&nbsp;2030\u2019da Avrupa\u2019daki sat\u0131\u015flar\u0131m\u0131z\u0131n yar\u0131s\u0131n\u0131n s\u0131f\u0131r emisyonlu ara\u00e7lardan sa\u011flamay\u0131&nbsp;2040\u2019ta t\u00fcm operasyonlar\u0131m\u0131zda portf\u00f6y\u00fcm\u00fcz\u00fcn s\u0131f\u0131r karbon emisyonlu ara\u00e7lardan olu\u015fmas\u0131n\u0131 hedefliyoruz. Bu hedefimize ula\u015fmak i\u00e7in de bug\u00fcn \u00fcr\u00fcn geli\u015ftirme ve m\u00fchendislik yetkinliklerimizin sonucu olan &nbsp; &nbsp;Ford Trucks\u2019\u0131n ilk elektrikli kamyonu ile kar\u015f\u0131n\u0131zday\u0131z.\u201d dedi.&nbsp;<\/p>\n<p>&nbsp;<\/p>\n<p><strong>Ford Trucks\u2019\u0131n 2022 Hannover Uluslararas\u0131 Ticari Ara\u00e7 Fuar\u0131\u2019nda (IAA) sundu\u011fu \u00fcr\u00fcn ve teknolojiler, markan\u0131n gelecek vizyonuna ve global yay\u0131l\u0131m\u0131na hizmet edecek.<\/strong><\/p>\n<p>&nbsp;<\/p>\n<p>60 y\u0131l\u0131 a\u015fk\u0131n s\u00fcredir a\u011f\u0131r ticari sekt\u00f6r\u00fcnde \u201cEn verimli ta\u015f\u0131ma \u00e7\u00f6z\u00fcmleri ile de\u011fer yaratmak\u201d vizyonu ile hizmet veren Ford Trucks,&nbsp;bug\u00fcn&nbsp;2022 Hannover Uluslararas\u0131 Ticari Ara\u00e7 Fuar\u0131\u2019nda (IAA)&nbsp;lansman\u0131n\u0131 ger\u00e7ekle\u015ftirdi\u011fi %100 elektrikli kamyonun yan\u0131 s\u0131ra; Ford Otosan\u2019\u0131n m\u00fchendislik yetenekleri, teknoloji \u00fcretimi ve Ar-Ge g\u00fcc\u00fc ile geli\u015ftirdi\u011fi ba\u011flant\u0131l\u0131 ve otonom s\u00fcr\u00fc\u015f teknolojilerini de ziyaret\u00e7ilerle bulu\u015fturdu.<\/p>\n<p>&nbsp;<\/p>\n<p>\u201cM\u00fc\u015fterilerini \u00f6nemseyen ve i\u015flerini geli\u015ftiren yol arkada\u015f\u0131 olmak\u201d amac\u0131yla a\u011f\u0131r ticari ara\u00e7larda Generation F hareketi alt\u0131nda s\u0131f\u0131r emisyonlu, ba\u011flant\u0131l\u0131 ve otonom teknolojilerle b\u00fcy\u00fck bir d\u00f6n\u00fc\u015f\u00fcm ba\u015flatan Ford Trucks, yeni nesil kamyonu gelecekte de m\u00fc\u015fterilerinin yan\u0131nda olacak.&nbsp;Eski\u015fehir\u2019de \u00fcretilen ve ConnecTruck teknolojisi sayesinde \u00fcst d\u00fczey ba\u011flanabilirlik \u00f6zellikleriyle de \u00f6ne \u00e7\u0131kan yeni nesil ara\u00e7lar,&nbsp;toplam sahip olma maliyeti a\u00e7\u0131s\u0131ndan da yarataca\u011f\u0131 fayda ile markay\u0131 rekabette \u00fcst seviyelere ta\u015f\u0131yacak.&nbsp;<\/p>\n<p>&nbsp;<\/p>\n<p>Otonom s\u00fcr\u00fc\u015fe giden yolda ge\u00e7mi\u015ften beri \u00f6nemli \u00e7al\u0131\u015fmalara imza atan Ford Trucks, fuarda ayr\u0131ca \u201cSeviye 4 Otoyol Pilotu\u201d ve \u201cOtonom Geri Park Etme\u201d gibi teknolojilerini kat\u0131l\u0131mc\u0131larla bulu\u015fturdu. Fuar konuklar\u0131 ayn\u0131 zamanda \u201cUzaktan Ara\u00e7 Kontrol\u201d teknolojisi ile 2.000 km uzakta olduklar\u0131 Eski\u015fehir\u2019deki F-MAX\u2019i kullanma deneyimi ya\u015fad\u0131lar. &nbsp;<strong>&nbsp;<\/strong><\/p>\n<p><strong>&nbsp;<\/strong><\/p>\n<p><strong>&nbsp;<\/strong><\/p>\n<p><strong>Yeni nesil kamyon; enerji, bak\u0131m ve toplam sahip olma maliyetlerinde pek \u00e7ok avantaj sunuyor.<\/strong><\/p>\n<p>&nbsp;<\/p>\n<p>Ford Trucks\u2019\u0131n %100 elektrikli, sessiz ve m\u00fckemmel manevra kabiliyetine sahip yeni nesil kamyonu, i\u00e7ten yanmal\u0131 motorlu ara\u00e7larla kar\u015f\u0131la\u015ft\u0131r\u0131ld\u0131\u011f\u0131nda, ayl\u0131k enerji t\u00fcketim maliyeti a\u00e7\u0131s\u0131ndan pek \u00e7ok avantaj yarat\u0131yor. \u00d6rne\u011fin m\u00fc\u015fterinin harcayaca\u011f\u0131 enerji maliyetleri bug\u00fcn\u00fcn ko\u015fullar\u0131na g\u00f6re yar\u0131 yar\u0131ya kadar d\u00fc\u015febiliyor. Benzer avantaj, bak\u0131m maliyetlerinde de g\u00f6r\u00fclecek. Hareketli ve bak\u0131m gerektiren par\u00e7a say\u0131s\u0131 elektrikli ara\u00e7ta \u00e7ok daha az oldu\u011fu i\u00e7in, bak\u0131m maliyetlerinin 3\u2019te 2 oran\u0131nda d\u00fc\u015fmesi bekleniyor. &nbsp; Ayn\u0131 zamanda Avrupa \u00fclkelerinde devrede olan te\u015fviklerle birlikte, sahip olma maliyeti daha da iyile\u015fmi\u015f olacak. Bu te\u015fvikler hesaba kat\u0131lamad\u0131\u011f\u0131 durumda dahi, Ford Trucks\u2019\u0131n elektrikli kamyonu 4 y\u0131ll\u0131k s\u00fcrede dizel ara\u00e7lara g\u00f6re daha d\u00fc\u015f\u00fck toplam sahip olma maliyeti sunacak.<\/p>\n<p>&nbsp;<\/p>\n<table width=\"100%\" cellspacing=\"0\" cellpadding=\"0\">\n<tbody>\n<tr>\n<td>\n<div>\n<p><strong>Ford Otosan\u2019\u0131n \u00fcretece\u011fi di\u011fer ticari ara\u00e7lar da Hannover\u2019de tan\u0131t\u0131ld\u0131.<\/strong><\/p>\n<p>IAA Ticari Ara\u00e7 Fuar\u0131\u2019nda Ford\u2019un E-Transit&#8217;ten sonra ikinci elektrikli ticari arac\u0131 olan E-Transit Custom da ziyaret\u00e7ilerle bulu\u015ftu. Transit Custom\u2019un seri \u00fcretimi 2023 y\u0131l\u0131nda Ford Otosan\u2019\u0131n Kocaeli\u2019ndeki Yenik\u00f6y Fabrikas\u0131nda ba\u015flayacak. Ford Otosan 2021 y\u0131l\u0131nda Kocaeli Fabrikalar\u0131nda yeni nesil elektrikli ve ba\u011flant\u0131l\u0131 ara\u00e7lar i\u00e7in 2 milyar Avro yat\u0131r\u0131m yapaca\u011f\u0131n\u0131 a\u00e7\u0131klam\u0131\u015ft\u0131. E-Transit Custom \u00fcretimi bu yat\u0131r\u0131m kapsam\u0131nda hayata ge\u00e7iriliyor. Ford Otosan hem Kocaeli yat\u0131r\u0131m\u0131 hem de Romanya Craiova fabrikas\u0131n\u0131 bu y\u0131l b\u00fcnyesine katmas\u0131 ile birlikte 900.000 ara\u00e7l\u0131k kapasitesi ile Avrupa\u2019n\u0131n en b\u00fcy\u00fck otomotiv \u00fcreticilerinden biri haline geliyor. Bu s\u00fcre\u00e7te \u015firket 2 \u00fclkede 4 fabrikas\u0131 ile Transit, E-Transit, yeni nesil 1 ton Transit Custom ve E-Transit Custom, yeni Transit Courier ve tam elektrikli versiyonu, Ford Puma ve yeni tam elektrikli versiyonunun yan\u0131 s\u0131ra Ford Trucks kamyonlar\u0131 ve %100 elektrikli Ford Trucks kamyonunu ve E-Motosiklet Rakun\u2019u \u00fcretecek.<\/p>\n<\/div>\n<\/td>\n<\/tr>\n<\/tbody>\n<\/table>\n","protected":false},"excerpt":{"rendered":"<p>Ford Otosan, T\u00fcrkiye\u2019nin elektrik d\u00f6n\u00fc\u015f\u00fcm\u00fcne ilklerle damgas\u0131n\u0131 vurmaya devam ediyor: %100 elektrikli kamyonunu Hannover\u2019de tan\u0131tt\u0131, T\u00fcrk otomotiv sanayinin \u00f6nc\u00fc \u015firketi Ford Otosan, Ford E-Transit ve E-Transit Custom\u2019\u0131n ard\u0131ndan, T\u00fcrkiye\u2019nin elektrik d\u00f6n\u00fc\u015f\u00fcm\u00fcnde yeni bir k\u0131r\u0131lma noktas\u0131 olacak %100 elektrikli kamyonunu Hannover\u2019de d\u00fczenlenen Uluslararas\u0131 Ticari Ara\u00e7 Fuar\u0131\u2019nda (IAA) tan\u0131tt\u0131. Tasar\u0131m\u0131ndan test s\u00fcre\u00e7lerine kadar tamamen T\u00fcrkiye\u2019de geli\u015ftirilen ve [&hellip;]<\/p>\n","protected":false},"author":1,"featured_media":40325,"comment_status":"open","ping_status":"open","sticky":false,"template":"","format":"standard","meta":{"ngg_post_thumbnail":0},"categories":[5215],"tags":[5434],"_links":{"self":[{"href":"https:\/\/emlaktuel.com\/index.php?rest_route=\/wp\/v2\/posts\/40324"}],"collection":[{"href":"https:\/\/emlaktuel.com\/index.php?rest_route=\/wp\/v2\/posts"}],"about":[{"href":"https:\/\/emlaktuel.com\/index.php?rest_route=\/wp\/v2\/types\/post"}],"author":[{"embeddable":true,"href":"https:\/\/emlaktuel.com\/index.php?rest_route=\/wp\/v2\/users\/1"}],"replies":[{"embeddable":true,"href":"https:\/\/emlaktuel.com\/index.php?rest_route=%2Fwp%2Fv2%2Fcomments&post=40324"}],"version-history":[{"count":1,"href":"https:\/\/emlaktuel.com\/index.php?rest_route=\/wp\/v2\/posts\/40324\/revisions"}],"predecessor-version":[{"id":40326,"href":"https:\/\/emlaktuel.com\/index.php?rest_route=\/wp\/v2\/posts\/40324\/revisions\/40326"}],"wp:featuredmedia":[{"embeddable":true,"href":"https:\/\/emlaktuel.com\/index.php?rest_route=\/wp\/v2\/media\/40325"}],"wp:attachment":[{"href":"https:\/\/emlaktuel.com\/index.php?rest_route=%2Fwp%2Fv2%2Fmedia&parent=40324"}],"wp:term":[{"taxonomy":"category","embeddable":true,"href":"https:\/\/emlaktuel.com\/index.php?rest_route=%2Fwp%2Fv2%2Fcategories&post=40324"},{"taxonomy":"post_tag","embeddable":true,"href":"https:\/\/emlaktuel.com\/index.php?rest_route=%2Fwp%2Fv2%2Ftags&post=40324"}],"curies":[{"name":"wp","href":"https:\/\/api.w.org\/{rel}","templated":true}]}}