{"id":40321,"date":"2022-09-19T15:10:21","date_gmt":"2022-09-19T12:10:21","guid":{"rendered":"https:\/\/emlaktuel.com\/?p=40321"},"modified":"2022-09-19T15:10:21","modified_gmt":"2022-09-19T12:10:21","slug":"togay-comert-insaat-sektoru-yilin-son-ceyreginde-canlanacak","status":"publish","type":"post","link":"https:\/\/emlaktuel.com\/?p=40321","title":{"rendered":"Togay C\u00f6mert: \u2018\u2019\u0130n\u015faat sekt\u00f6r\u00fc y\u0131l\u0131n son \u00e7eyre\u011finde canlanacak\u2019\u2019"},"content":{"rendered":"<p style=\"font-weight: 400;\">\u0130n\u015faat malzemesi sekt\u00f6r\u00fcn\u00fcn \u00e7at\u0131 kurulu\u015fu&nbsp;T\u00fcrkiye \u0130n\u015faat Malzemesi Sanayicileri Derne\u011fi (\u0130MSAD)taraf\u0131ndan haz\u0131rlanan Ayl\u0131k Sekt\u00f6r Raporu\u2019nun a\u011fustos ay\u0131 sonu\u00e7lar\u0131 a\u00e7\u0131kland\u0131. \u0130n\u015faat sekt\u00f6r\u00fcn\u00fcn 2022 y\u0131l\u0131 ikinci \u00e7eyre\u011finde y\u00fczde 10,9 darald\u0131\u011f\u0131na dikkat \u00e7ekilen raporda in\u015faat sekt\u00f6r\u00fc ile ekonomik b\u00fcy\u00fcme aras\u0131ndaki ayr\u0131\u015fman\u0131n artt\u0131\u011f\u0131 vurguland\u0131. Raporda \u2018\u2019Di\u011fer iktisadi faaliyetlerdeki b\u00fcy\u00fcmeye kar\u015f\u0131n in\u015faat sekt\u00f6r\u00fc ikinci \u00e7eyrekte de k\u00fc\u00e7\u00fclerek ge\u00e7en y\u0131l\u0131n ayn\u0131 d\u00f6nemine g\u00f6re y\u00fczde 10,9 darald\u0131. Y\u0131l\u0131n ilk \u00e7eyre\u011finde y\u00fczde 7,2 olan daralma, y\u00fczde 7,7 olarak g\u00fcncellendi. B\u00f6ylece in\u015faat sekt\u00f6r\u00fcnde 2021 y\u0131l\u0131n\u0131n \u00fc\u00e7\u00fcnc\u00fc \u00e7eyre\u011finden ba\u015flayarak son d\u00f6rt \u00e7eyre\u011finde k\u00fc\u00e7\u00fclme kaydedildi\u011fi belirtildi.<\/p>\n<p style=\"font-weight: 400;\">MTC Holding b\u00fcnyesinde faaliyet g\u00f6steren MTC \u0130n\u015faat Y\u00f6netim Kurulu Ba\u015fkan\u0131 Togay C\u00f6mert \u0130MSAD taraf\u0131ndan a\u00e7\u0131klanan rapor hakk\u0131nda \u015funlar\u0131 s\u00f6yledi: \u2018\u2019 \u0130n\u015faat sekt\u00f6r\u00fcn\u00fcn en \u00f6nemli derne\u011fi olan \u0130MSAD taraf\u0131ndan a\u00e7\u0131klanan raporda da g\u00f6r\u00fcld\u00fc\u011f\u00fc \u00fczere sekt\u00f6r\u00fcm\u00fczde gerileme mevcut. Bunun nedenlerini sekt\u00f6r temsilcisi olarak \u015f\u00f6yle a\u00e7\u0131klayabilirim; Kovid-19 salg\u0131n\u0131 ile t\u00fcketicinin talepleri de\u011fi\u015fti.&nbsp;\u00d6zellikle salg\u0131n s\u00fcrecinde ev ortam\u0131n\u0131n daha \u00f6nemli hale gelmesiyle kullan\u0131c\u0131lar\u0131n m\u00fcstakil, villa, bah\u00e7eli ve balkonlu ev tercihlerinin artt\u0131\u011f\u0131n\u0131 ortaya koydu. Tedarik zincirinde bozulma ve fiyat art\u0131\u015flar\u0131 sekt\u00f6r\u00fcm\u00fcze finansal sorun olu\u015fturdu. Kovid-19 salg\u0131n\u0131n da etkilerinin azalmas\u0131 ile 2022 y\u0131l\u0131n\u0131 sekt\u00f6r olarak \u2018\u2019De\u011fi\u015fim y\u0131l\u0131\u2019\u2019 olarak g\u00f6r\u00fcyorduk. Y\u0131l\u0131n ilk \u00e7eyre\u011fi sava\u015f\u0131n etkilerini g\u00f6rd\u00fck maalesef. Bu etkiye ba\u011fl\u0131 olarak ya\u015fanan malzeme tedari\u011findeki s\u0131k\u0131nt\u0131 ve d\u00f6viz kurlar\u0131ndaki dalgalanmalar bizi etkiledi. Ancak mevsimselli\u011finde azalmas\u0131 ile mart ay\u0131nda sekt\u00f6r a\u00e7\u0131s\u0131nda bir hareketlenme ya\u015fand\u0131.\u2019\u2019<\/p>\n<h2 style=\"font-weight: 400;\"><strong>SON \u00c7ERYREKTE SEKT\u00d6R\u00dcM\u00dcZ HAREKETLENECEK<\/strong><\/h2>\n<p style=\"font-weight: 400;\">Sekt\u00f6rdeki olumsuzlu\u011fun t\u00fcm d\u00fcnyadaki ekonomik ko\u015fullardan kaynakl\u0131 oldu\u011funa de\u011finen C\u00f6mert&nbsp;y\u0131l\u0131n son \u00e7eyre\u011fi hakk\u0131nda \u00f6ng\u00fclerini ise \u015f\u00f6yle a\u00e7\u0131klad\u0131: \u2018\u2019&nbsp;Pandeminin t\u00fcm d\u00fcnyada devam eden olumsuz seyri sebebiyle 2020 sonlar\u0131ndan itibaren gerileyen in\u015faat sekt\u00f6r\u00fc, 2022 y\u0131l\u0131 ilk \u00fc\u00e7 \u00e7eyre\u011fi de benzer bir tablo \u00e7izerek ilerlemi\u015ftir. D\u00f6viz kurunun piyasalara olan olumsuz etkisi ve Rusya-Ukrayna sava\u015f\u0131 pek \u00e7ok alan\u0131 oldu\u011fu gibi in\u015faat sekt\u00f6r\u00fcn\u00fc de olumsuz y\u00f6nde etkilemi\u015ftir. \u00d6zellikle in\u015faat alan\u0131nda Rusya ile olduk\u00e7a dinamik olan ili\u015fkilerimiz neredeyse durma noktas\u0131na gelmi\u015ftir.&nbsp;\u0130n\u015faat sekt\u00f6r\u00fcn\u00fcn, y\u0131l\u0131n son \u00e7eyre\u011fi i\u00e7in sava\u015f\u0131n gidi\u015fat\u0131 ve d\u00f6viz kurlar\u0131ndaki dalgalanmalar\u0131n i\u00e7 piyasadaki etkisine ba\u011fl\u0131 olarak daha iyimser bir tablo \u00e7izilebilece\u011fini \u00f6ng\u00f6rmekteyiz. Sekt\u00f6r\u00fcn %25 b\u00fcy\u00fcyece\u011fini d\u00fc\u015f\u00fcn\u00fcyorum.\u201d dedi.&nbsp;<\/p>\n","protected":false},"excerpt":{"rendered":"<p>\u0130n\u015faat malzemesi sekt\u00f6r\u00fcn\u00fcn \u00e7at\u0131 kurulu\u015fu&nbsp;T\u00fcrkiye \u0130n\u015faat Malzemesi Sanayicileri Derne\u011fi (\u0130MSAD)taraf\u0131ndan haz\u0131rlanan Ayl\u0131k Sekt\u00f6r Raporu\u2019nun a\u011fustos ay\u0131 sonu\u00e7lar\u0131 a\u00e7\u0131kland\u0131. \u0130n\u015faat sekt\u00f6r\u00fcn\u00fcn 2022 y\u0131l\u0131 ikinci \u00e7eyre\u011finde y\u00fczde 10,9 darald\u0131\u011f\u0131na dikkat \u00e7ekilen raporda in\u015faat sekt\u00f6r\u00fc ile ekonomik b\u00fcy\u00fcme aras\u0131ndaki ayr\u0131\u015fman\u0131n artt\u0131\u011f\u0131 vurguland\u0131. Raporda \u2018\u2019Di\u011fer iktisadi faaliyetlerdeki b\u00fcy\u00fcmeye kar\u015f\u0131n in\u015faat sekt\u00f6r\u00fc ikinci \u00e7eyrekte de k\u00fc\u00e7\u00fclerek ge\u00e7en y\u0131l\u0131n ayn\u0131 d\u00f6nemine [&hellip;]<\/p>\n","protected":false},"author":1,"featured_media":40322,"comment_status":"open","ping_status":"open","sticky":false,"template":"","format":"standard","meta":{"ngg_post_thumbnail":0},"categories":[5388],"tags":[16451],"_links":{"self":[{"href":"https:\/\/emlaktuel.com\/index.php?rest_route=\/wp\/v2\/posts\/40321"}],"collection":[{"href":"https:\/\/emlaktuel.com\/index.php?rest_route=\/wp\/v2\/posts"}],"about":[{"href":"https:\/\/emlaktuel.com\/index.php?rest_route=\/wp\/v2\/types\/post"}],"author":[{"embeddable":true,"href":"https:\/\/emlaktuel.com\/index.php?rest_route=\/wp\/v2\/users\/1"}],"replies":[{"embeddable":true,"href":"https:\/\/emlaktuel.com\/index.php?rest_route=%2Fwp%2Fv2%2Fcomments&post=40321"}],"version-history":[{"count":1,"href":"https:\/\/emlaktuel.com\/index.php?rest_route=\/wp\/v2\/posts\/40321\/revisions"}],"predecessor-version":[{"id":40323,"href":"https:\/\/emlaktuel.com\/index.php?rest_route=\/wp\/v2\/posts\/40321\/revisions\/40323"}],"wp:featuredmedia":[{"embeddable":true,"href":"https:\/\/emlaktuel.com\/index.php?rest_route=\/wp\/v2\/media\/40322"}],"wp:attachment":[{"href":"https:\/\/emlaktuel.com\/index.php?rest_route=%2Fwp%2Fv2%2Fmedia&parent=40321"}],"wp:term":[{"taxonomy":"category","embeddable":true,"href":"https:\/\/emlaktuel.com\/index.php?rest_route=%2Fwp%2Fv2%2Fcategories&post=40321"},{"taxonomy":"post_tag","embeddable":true,"href":"https:\/\/emlaktuel.com\/index.php?rest_route=%2Fwp%2Fv2%2Ftags&post=40321"}],"curies":[{"name":"wp","href":"https:\/\/api.w.org\/{rel}","templated":true}]}}