{"id":40318,"date":"2022-09-19T12:40:08","date_gmt":"2022-09-19T09:40:08","guid":{"rendered":"https:\/\/emlaktuel.com\/?p=40318"},"modified":"2022-09-19T12:40:56","modified_gmt":"2022-09-19T09:40:56","slug":"40318","status":"publish","type":"post","link":"https:\/\/emlaktuel.com\/?p=40318","title":{"rendered":"Sosyal Konut kampanyas\u0131na ba\u015fvuranlar\u0131n say\u0131s\u0131 3.5 milyona yakla\u015ft\u0131.."},"content":{"rendered":"<p><strong>\u00c7evre, \u015eehircilik ve \u0130klim De\u011fi\u015fikli\u011fi Bakan\u0131 Murat Kurum<\/strong>, sosyal medya hesab\u0131 \u00fczerinden yapm\u0131\u015f oldu\u011fu payla\u015f\u0131mda, milletimizin <strong>\u0130lk Evim \u0130lk \u0130\u015f Yerim Projelesine<\/strong> inanc\u0131n\u0131n tam oldu\u011funu dile getirerek \u015fu ana kadar sosyal konut kampanyas\u0131ndan konut alabilmek i\u00e7in yap\u0131lan ba\u015fvurunun 3,5 milyona yakla\u015ft\u0131\u011f\u0131n\u0131 belirtti.<\/p>\n<p>Bakan Murat Kurum, ki\u015fisel Twitter hesab\u0131 \u00fczerinden yapt\u0131\u011f\u0131 a\u00e7\u0131klamas\u0131nda \u015fu ifadelere yer verdi: <strong><em>\u201cProjemize ba\u015fvuranlar\u0131n say\u0131s\u0131 3,5 milyona yakla\u015ft\u0131. Saat 09.00 itibar\u0131yla ba\u015fvuru say\u0131s\u0131 tam olarak 3 milyon 466 bin 250. Bug\u00fcne kadar oldu\u011fu gibi bundan sonra da bu g\u00fcveni bo\u015fa \u00e7\u0131karmayaca\u011f\u0131z.\u201d<\/em><\/strong><\/p>\n","protected":false},"excerpt":{"rendered":"<p>\u00c7evre, \u015eehircilik ve \u0130klim De\u011fi\u015fikli\u011fi Bakan\u0131 Murat Kurum, sosyal medya hesab\u0131 \u00fczerinden yapm\u0131\u015f oldu\u011fu payla\u015f\u0131mda, milletimizin \u0130lk Evim \u0130lk \u0130\u015f Yerim Projelesine inanc\u0131n\u0131n tam oldu\u011funu dile getirerek \u015fu ana kadar sosyal konut kampanyas\u0131ndan konut alabilmek i\u00e7in yap\u0131lan ba\u015fvurunun 3,5 milyona yakla\u015ft\u0131\u011f\u0131n\u0131 belirtti. Bakan Murat Kurum, ki\u015fisel Twitter hesab\u0131 \u00fczerinden yapt\u0131\u011f\u0131 a\u00e7\u0131klamas\u0131nda \u015fu ifadelere yer verdi: [&hellip;]<\/p>\n","protected":false},"author":1,"featured_media":23910,"comment_status":"open","ping_status":"open","sticky":false,"template":"","format":"standard","meta":{"ngg_post_thumbnail":0},"categories":[5388],"tags":[16450],"_links":{"self":[{"href":"https:\/\/emlaktuel.com\/index.php?rest_route=\/wp\/v2\/posts\/40318"}],"collection":[{"href":"https:\/\/emlaktuel.com\/index.php?rest_route=\/wp\/v2\/posts"}],"about":[{"href":"https:\/\/emlaktuel.com\/index.php?rest_route=\/wp\/v2\/types\/post"}],"author":[{"embeddable":true,"href":"https:\/\/emlaktuel.com\/index.php?rest_route=\/wp\/v2\/users\/1"}],"replies":[{"embeddable":true,"href":"https:\/\/emlaktuel.com\/index.php?rest_route=%2Fwp%2Fv2%2Fcomments&post=40318"}],"version-history":[{"count":2,"href":"https:\/\/emlaktuel.com\/index.php?rest_route=\/wp\/v2\/posts\/40318\/revisions"}],"predecessor-version":[{"id":40320,"href":"https:\/\/emlaktuel.com\/index.php?rest_route=\/wp\/v2\/posts\/40318\/revisions\/40320"}],"wp:featuredmedia":[{"embeddable":true,"href":"https:\/\/emlaktuel.com\/index.php?rest_route=\/wp\/v2\/media\/23910"}],"wp:attachment":[{"href":"https:\/\/emlaktuel.com\/index.php?rest_route=%2Fwp%2Fv2%2Fmedia&parent=40318"}],"wp:term":[{"taxonomy":"category","embeddable":true,"href":"https:\/\/emlaktuel.com\/index.php?rest_route=%2Fwp%2Fv2%2Fcategories&post=40318"},{"taxonomy":"post_tag","embeddable":true,"href":"https:\/\/emlaktuel.com\/index.php?rest_route=%2Fwp%2Fv2%2Ftags&post=40318"}],"curies":[{"name":"wp","href":"https:\/\/api.w.org\/{rel}","templated":true}]}}