{"id":40286,"date":"2022-09-14T12:10:11","date_gmt":"2022-09-14T09:10:11","guid":{"rendered":"https:\/\/emlaktuel.com\/?p=40286"},"modified":"2022-09-14T12:10:11","modified_gmt":"2022-09-14T09:10:11","slug":"mehmet-kalyoncu-ozel-sektor-olarak-boylesine-tarihi-bir-atilimda-topluma-en-buyuk-katkiyi-saglamak-istiyoruz","status":"publish","type":"post","link":"https:\/\/emlaktuel.com\/?p=40286","title":{"rendered":"Mehmet Kalyoncu: \u00d6zel sekt\u00f6r olarak b\u00f6ylesine tarihi bir at\u0131l\u0131mda topluma en b\u00fcy\u00fck katk\u0131y\u0131 sa\u011flamak istiyoruz"},"content":{"rendered":"<p>Cumhurba\u015fkan\u0131 Recep Tayyip Erdo\u011fan&#8217;\u0131n a\u00e7\u0131klad\u0131\u011f\u0131 sosyal konut projesinin detaylar\u0131 belli oldu. \u201c\u0130lk Evim, \u0130lk \u0130\u015f Yerim\u201d Projesi\u2019yle daha \u00f6nce TOK\u0130 arac\u0131l\u0131\u011f\u0131yla ev sat\u0131n almam\u0131\u015f 18 ya\u015f\u0131n\u0131 doldurmu\u015f T\u00fcrk vatanda\u015flar\u0131 ba\u015fvuru yapabilecek. Projeyi de\u011ferlendiren GYODER Y\u00f6netim Kurulu Ba\u015fkan\u0131 Mehmet Kalyoncu, eri\u015filebilir konut \u00fcretimi i\u00e7in at\u0131lan ad\u0131mlar\u0131 desteklediklerini, \u00f6zel sekt\u00f6r olarak her t\u00fcrl\u00fc deste\u011fe haz\u0131r olduklar\u0131n\u0131 ve bu ad\u0131m\u0131n \u00f6zellikle yeni konut arz\u0131n\u0131 art\u0131rarak \u015fu anda arz \u2013 talep dengesinde olu\u015fan dengesizlik i\u00e7in \u00e7\u00f6z\u00fcm olabilece\u011fini a\u00e7\u0131klad\u0131.<br \/>\nKira fiyatlar\u0131 ve ev fiyatlar\u0131ndaki art\u0131\u015f\u0131n ard\u0131ndan Cumhurba\u015fkan\u0131 Recep Tayyip Erdo\u011fan&#8217;\u0131n talimat\u0131yla \u00c7evre, \u015eehircilik ve \u0130klim De\u011fi\u015fikli\u011fi Bakanl\u0131\u011f\u0131 taraf\u0131ndan haz\u0131rlanan sosyal konut projesine ba\u015fvuru \u015fartlar\u0131 bug\u00fcn d\u00fczenlenen bas\u0131n toplant\u0131s\u0131yla a\u00e7\u0131kland\u0131. TOK\u0130 arac\u0131l\u0131\u011f\u0131yla in\u015fa edilecek konutlara, proje ili s\u0131n\u0131rlar\u0131 i\u00e7erisinde en az 1 y\u0131l ikamet eden veya proje il n\u00fcfusuna kay\u0131tl\u0131, kendisi, e\u015fi ve velayeti alt\u0131ndaki \u00e7ocuklar\u0131 \u00fczerine \u00fclke s\u0131n\u0131rlar\u0131 i\u00e7inde tapuda kay\u0131tl\u0131 konutlar\u0131 bulunmayan, daha \u00f6nce TOK\u0130 arac\u0131l\u0131\u011f\u0131yla ev sat\u0131n almam\u0131\u015f 18 ya\u015f\u0131n\u0131 doldurmu\u015f T\u00fcrk vatanda\u015flar\u0131 ba\u015fvuru yapabilecek. Sosyal konutlar i\u00e7in bir haneden tek ba\u015fvuru al\u0131nabilecek.<\/p>\n<h2>Arz \u2013 talep dengesinde olu\u015fan dengesizlik i\u00e7in \u00e7\u00f6z\u00fcm olacak<\/h2>\n<p>Projeyi de\u011ferlendiren GYODER Y\u00f6netim Kurulu Ba\u015fkan\u0131 Mehmet Kalyoncu, bar\u0131nma ihtiyac\u0131n\u0131n \u00e7ok insanc\u0131l ve \u00f6nemli bir ihtiya\u00e7 oldu\u011funu belirterek, \u201cBar\u0131nma ihtiyac\u0131 konut geli\u015ftirme, gayrimenkul geli\u015ftirme sekt\u00f6r\u00fcn\u00fcn de bir alan\u0131. Bar\u0131nma ihtiyac\u0131 s\u00f6z konusu oldu\u011funda toplumun ihtiya\u00e7lar\u0131 ve beklentileri her zaman ticari beklentilerin \u00f6n\u00fcne ge\u00e7er. Devlet taraf\u0131ndan at\u0131lan bu ad\u0131m \u00f6zellikle yeni konut arz\u0131n\u0131 art\u0131rarak \u015fu anda arz \u2013 talep dengesinde olu\u015fan dengesizlik i\u00e7in \u00e7\u00f6z\u00fcm olabilir. Son d\u00f6nemde bar\u0131nma ihtiyac\u0131 i\u00e7in olu\u015fan yo\u011fun talep dikkat \u00e7ekiyordu.\u201d dedi.<br \/>\nAt\u0131lan bu ad\u0131m 250 alt sekt\u00f6r\u00fc de besleyecek<br \/>\nEri\u015filebilir konut \u00fcretimi i\u00e7in at\u0131lan ad\u0131mlar\u0131 sonuna kadar desteklediklerinin de alt\u0131n\u0131 \u00e7izen Kalyoncu, \u201cDevletimizin b\u00f6yle \u00f6nemli bir ihtiya\u00e7 sonras\u0131 h\u0131zl\u0131 bir aksiyon alarak bu projeyi ba\u015flatmas\u0131 bizi \u00e7ok mutlu etti. \u00d6zel sekt\u00f6r olarak memleketimiz i\u00e7in destek vermek ve hizmet etmek bizin i\u00e7in asli bir g\u00f6rev olur. GYODER i\u00e7in gurur verici bir vazife olur. Biz de bu projenin destek\u00e7isi olmaktan ve \u00fczerimize ne d\u00fc\u015ferse ger\u00e7ekle\u015ftirmekten b\u00fcy\u00fck mutluluk duyar\u0131z. \u201c\u0130lk Evim, \u0130lk \u0130\u015f Yerim\u201d Projesi, istihdam noktas\u0131nda da \u00e7ok h\u0131zl\u0131 olumlu bir etki olu\u015fturacak. At\u0131lan bu ad\u0131m 250 alt sekt\u00f6r\u00fc de beslerken, bu sekt\u00f6rlerin de \u00e7arpan etkisi ile \u00e7ok etkili bir ekonomik canlanma ya\u015fanmas\u0131n\u0131 \u00f6ng\u00f6r\u00fcyoruz. Bu 250 sekt\u00f6rde sadece in\u015faat sekt\u00f6r\u00fc yok. \u00c7ok \u00e7e\u015fitli bir spektrum var burada. Ayr\u0131ca TOK\u0130&#8217;nin in\u015faat i\u015flerini yapmas\u0131 i\u00e7in ihale ile g\u00f6revlendirdikleri \u015firketler genelde orta \u00f6l\u00e7ekli \u015firketler oluyor. Devletin att\u0131\u011f\u0131 bu ad\u0131m \u00f6zellikle dar gelir sahibi ki\u015filerin konuta eri\u015fimini kolayla\u015ft\u0131r\u0131rken, orta gelir grubunun da konuta eri\u015fim problemini \u00e7\u00f6zecek bir hamleyi ortaya koymam\u0131z gerekiyor. Bu noktada her \u015feyi sadece devletten beklemeden, biz de gayrimenkul sekt\u00f6r\u00fc olarak \u00e7al\u0131\u015fmalar\u0131m\u0131z\u0131 son h\u0131zla s\u00fcrd\u00fcr\u00fcyoruz. Toplumumuza yarar sa\u011flayacak her t\u00fcrl\u00fc projenin her zaman tam destek\u00e7isiyiz. GYODER olarak, devletimizin ba\u015flatt\u0131\u011f\u0131 bu tarihi s\u00fcrece her t\u00fcrl\u00fc deste\u011fi vermeye, \u00fczerimize d\u00fc\u015fen g\u00f6revleri yerine getirmeye b\u00fct\u00fcn kalbimizle haz\u0131r\u0131z. Bu projeye \u00f6zel sekt\u00f6r\u00fcn de dahil olmas\u0131 devletimizin \u00fczerindeki y\u00fck\u00fc azalt\u0131rken, hareketlenen ekonomiye de can suyu niteli\u011finde olacakt\u0131r. GYODER olarak topluma katk\u0131 sa\u011flama bak\u0131\u015f a\u00e7\u0131s\u0131n\u0131 \u00e7ok \u00f6nemsiyoruz<br \/>\nEri\u015filebilir Konut Komitesi\u2019ni kurduk<br \/>\nAyr\u0131ca, gayrimenkul sekt\u00f6r\u00fcn\u00fcn kal\u0131c\u0131 ve s\u00fcrd\u00fcr\u00fclebilir geli\u015fimi i\u00e7in, \u00fclkemizin kaynaklar\u0131n\u0131 optimum \u015fekilde de\u011ferlendirerek israf\u0131 \u00f6nleyecek, teknolojiyi daha yo\u011fun kullanarak gerekli hizmetleri sa\u011flayacak bir bak\u0131\u015f a\u00e7\u0131s\u0131, \u00f6n\u00fcm\u00fczdeki d\u00f6nemde tesis y\u00f6netimine y\u00f6n verecektir. Bu a\u00e7\u0131dan yap\u0131lar\u0131 in\u015fa etmek kadar ya\u015fatmak da \u00e7ok \u00f6nemlidir. GYODER olarak sekt\u00f6r\u00fcm\u00fcz ad\u0131na g\u00fczel i\u015flere imza atmak i\u00e7in \u00e7al\u0131\u015f\u0131yoruz. Ana vizyonumuz olan 4T; Tabiat, Toplum, Teknoloji ve Tasar\u0131m konular\u0131n\u0131 sahiplenerek amac\u0131m\u0131z\u0131 ve fark\u0131m\u0131z\u0131 hem yapt\u0131klar\u0131m\u0131zla hem de s\u00f6ylemlerimizle t\u00fcm sekt\u00f6r payda\u015flar\u0131na iletiyoruz. K\u0131sacas\u0131 4T vizyonumuzu t\u00fcm faaliyetlerimizin ya da projelerimizin merkezinde konumlayarak hareket ediyoruz. GYODER olarak Ocak 2022\u2019de Eri\u015filebilir Konut Komitesi\u2019ni kurduk. Komitemizde akademisyenler ve sekt\u00f6r\u00fcn farkl\u0131 temsilcileri bulunuyor.<\/p>\n<h2>\u00d6nce altyap\u0131n\u0131n, sonra \u00fcst yap\u0131n\u0131n ortaya \u00e7\u0131kar\u0131lmas\u0131 gerekir<\/h2>\n<p>\u00d6te yandan sekt\u00f6r\u00fcn daha eri\u015filebilir bir veri taban\u0131na sahip olmas\u0131, veri \u00fczerinden y\u00f6netilebilmesi, uzun d\u00f6nemli planlamalar\u0131n yap\u0131lmas\u0131 ve \u015fehirlerimizin art\u0131k eskiden olmayan fakat bug\u00fcn olan sa\u011fl\u0131k, enerji ve ula\u015f\u0131m altyap\u0131s\u0131 sayesinde \u015fehirlerimizde uzun d\u00f6nemli planlama yaparak \u00f6nce altyap\u0131n\u0131n, sonra \u00fcst yap\u0131n\u0131n ortaya \u00e7\u0131kar\u0131lmas\u0131 gerekir. Bu projede en \u00f6nemli maddelerden biri de altyap\u0131n\u0131n haz\u0131r olmas\u0131. Art\u0131k devletimizin altyap\u0131s\u0131 haz\u0131r bir arsa veriyor olabilmesi \u00e7ok de\u011ferli. Art\u0131k sa\u011fl\u0131kta, enerjide oturmu\u015f bir altyap\u0131 var. Bu altyap\u0131lar\u0131m\u0131z d\u00fcnyada da \u00f6ne \u00e7\u0131km\u0131\u015f durumda. Sekt\u00f6r\u00fcm\u00fczde bug\u00fcn arsa se\u00e7ene\u011fi, yar\u0131n ise farkl\u0131 fikirler \u00fcretebilme alan\u0131 do\u011fuyor. Sekt\u00f6r de bunu mutlaka avantaja \u00e7evirecektir.\u201d \u015feklinde konu\u015ftu.<\/p>\n<h2>Eri\u015filebilir konut \u00fcretimi ilgili projemizi 25 Ekim\u2019de a\u00e7\u0131klayaca\u011f\u0131z<\/h2>\n<p>Yerli Ye\u015fil Bina Sertifikas\u0131\u2019n\u0131n \u00e7ok \u00f6nemli oldu\u011funu da s\u00f6zlerine ekleyen Kalyoncu, \u201cGayrimenkul\u00fcm\u00fcz bizim i\u00e7in alt\u0131n de\u011ferinde. Her toplumun en b\u00fcy\u00fck de\u011feri gayrimenkuld\u00fcr. Gayrimenkul\u00fcn\u00fc iyi y\u00f6neten toplumlar her zaman geli\u015fmi\u015f toplumlard\u0131r. GYODER olarak eri\u015filebilir konut \u00fcretimi ve finansman\u0131 ile ilgili bir \u00e7al\u0131\u015fma yap\u0131yoruz. Bu \u00e7al\u0131\u015fman\u0131n \u00e7\u0131kt\u0131lar\u0131n\u0131 25 Ekim\u2019de ger\u00e7ekle\u015ftirece\u011fimiz Gayrimenkul Zirvesi\u2019nde payla\u015faca\u011f\u0131z.\u201d diyerek s\u00f6zlerini tamamlad\u0131.<\/p>\n","protected":false},"excerpt":{"rendered":"<p>Cumhurba\u015fkan\u0131 Recep Tayyip Erdo\u011fan&#8217;\u0131n a\u00e7\u0131klad\u0131\u011f\u0131 sosyal konut projesinin detaylar\u0131 belli oldu. \u201c\u0130lk Evim, \u0130lk \u0130\u015f Yerim\u201d Projesi\u2019yle daha \u00f6nce TOK\u0130 arac\u0131l\u0131\u011f\u0131yla ev sat\u0131n almam\u0131\u015f 18 ya\u015f\u0131n\u0131 doldurmu\u015f T\u00fcrk vatanda\u015flar\u0131 ba\u015fvuru yapabilecek. Projeyi de\u011ferlendiren GYODER Y\u00f6netim Kurulu Ba\u015fkan\u0131 Mehmet Kalyoncu, eri\u015filebilir konut \u00fcretimi i\u00e7in at\u0131lan ad\u0131mlar\u0131 desteklediklerini, \u00f6zel sekt\u00f6r olarak her t\u00fcrl\u00fc deste\u011fe haz\u0131r olduklar\u0131n\u0131 ve [&hellip;]<\/p>\n","protected":false},"author":1,"featured_media":31949,"comment_status":"open","ping_status":"open","sticky":false,"template":"","format":"standard","meta":{"ngg_post_thumbnail":0},"categories":[221,5388],"tags":[],"_links":{"self":[{"href":"https:\/\/emlaktuel.com\/index.php?rest_route=\/wp\/v2\/posts\/40286"}],"collection":[{"href":"https:\/\/emlaktuel.com\/index.php?rest_route=\/wp\/v2\/posts"}],"about":[{"href":"https:\/\/emlaktuel.com\/index.php?rest_route=\/wp\/v2\/types\/post"}],"author":[{"embeddable":true,"href":"https:\/\/emlaktuel.com\/index.php?rest_route=\/wp\/v2\/users\/1"}],"replies":[{"embeddable":true,"href":"https:\/\/emlaktuel.com\/index.php?rest_route=%2Fwp%2Fv2%2Fcomments&post=40286"}],"version-history":[{"count":1,"href":"https:\/\/emlaktuel.com\/index.php?rest_route=\/wp\/v2\/posts\/40286\/revisions"}],"predecessor-version":[{"id":40287,"href":"https:\/\/emlaktuel.com\/index.php?rest_route=\/wp\/v2\/posts\/40286\/revisions\/40287"}],"wp:featuredmedia":[{"embeddable":true,"href":"https:\/\/emlaktuel.com\/index.php?rest_route=\/wp\/v2\/media\/31949"}],"wp:attachment":[{"href":"https:\/\/emlaktuel.com\/index.php?rest_route=%2Fwp%2Fv2%2Fmedia&parent=40286"}],"wp:term":[{"taxonomy":"category","embeddable":true,"href":"https:\/\/emlaktuel.com\/index.php?rest_route=%2Fwp%2Fv2%2Fcategories&post=40286"},{"taxonomy":"post_tag","embeddable":true,"href":"https:\/\/emlaktuel.com\/index.php?rest_route=%2Fwp%2Fv2%2Ftags&post=40286"}],"curies":[{"name":"wp","href":"https:\/\/api.w.org\/{rel}","templated":true}]}}