{"id":40253,"date":"2022-09-08T12:18:19","date_gmt":"2022-09-08T09:18:19","guid":{"rendered":"https:\/\/emlaktuel.com\/?p=40253"},"modified":"2022-09-08T12:18:19","modified_gmt":"2022-09-08T09:18:19","slug":"cimsanin-entegre-faaliyet-raporuna-iadadan-altin-odul","status":"publish","type":"post","link":"https:\/\/emlaktuel.com\/?p=40253","title":{"rendered":"\u00c7imsa\u2019n\u0131n Entegre Faaliyet Raporu\u2019na IADA\u2019dan Alt\u0131n \u00d6d\u00fcl"},"content":{"rendered":"<p><strong><u>\u00c7imsa\u2019n\u0131n Entegre Faaliyet Raporu\u2019na 2. Alt\u0131n \u00d6d\u00fcl,<\/u><\/strong><\/p>\n<p><strong>Sabanc\u0131 Toplulu\u011fu\u2019nun global markalar\u0131ndan \u00c7imsa, 2021 Entegre Faaliyet Raporu\u2019yla \u0130ngiltere merkezli \u201cUluslararas\u0131 Faaliyet Raporu Tasar\u0131m \u00d6d\u00fclleri\u201d IADA taraf\u0131ndan&nbsp;Integrated Presentation kategorisinde&nbsp;alt\u0131n \u00f6d\u00fcle lay\u0131k g\u00f6r\u00fcld\u00fc.&nbsp;<\/strong><\/p>\n<p><strong><em>&nbsp;<\/em><\/strong><\/p>\n<p>Sabanc\u0131 Holding i\u015ftiraki \u00c7imsa, d\u00fcnya \u00e7ap\u0131nda y\u0131ll\u0131k faaliyet raporlar\u0131n\u0131, estetik ve sanatsal a\u00e7\u0131dan de\u011ferlendirerek yarat\u0131c\u0131l\u0131\u011f\u0131 \u00f6d\u00fcllendiren \u201cUluslararas\u0131 Faaliyet Raporu Tasar\u0131m \u00d6d\u00fclleri IADA\u201dda, 2021 Entegre Faaliyet Raporu ile&nbsp;Integrated Presentation kategorisinde<strong>&nbsp;<\/strong>Alt\u0131n \u00d6d\u00fcl\u2019\u00fcn sahibi oldu.&nbsp;<\/p>\n<p>&nbsp;<\/p>\n<p>Ge\u00e7ti\u011fimiz ay da Stevie International Business Awards\u2019tan alt\u0131n \u00f6d\u00fcl alan \u00c7imsa b\u00f6ylece 2021 Entegre Faaliyet Raporu ile 2. alt\u0131n \u00f6d\u00fcl\u00fcn\u00fc alm\u0131\u015f oldu.&nbsp;<\/p>\n<p>&nbsp;<\/p>\n<p>Her y\u0131l d\u00fczenli olarak verilen ve borsada i\u015flem g\u00f6ren \u015firketlerin yan\u0131 s\u0131ra devlet kurumlar\u0131, dernekler ve k\u00e2r amac\u0131 g\u00fctmeyen kurulu\u015flar\u0131n y\u0131ll\u0131k raporlar\u0131n\u0131 de\u011ferlendiren \u0130ngiltere merkezli IADA\u2019n\u0131n \u00f6d\u00fclleri, y\u0131ll\u0131k rapor tasar\u0131mc\u0131l\u0131\u011f\u0131n\u0131n s\u0131n\u0131rlar\u0131n\u0131 en \u00fcst seviyeye \u00e7\u0131karmay\u0131 hedefliyor. \u00c7imsa, Alt\u0131n \u00d6d\u00fcl\u2019e lay\u0131k g\u00f6r\u00fclen 2021 Entegre Faaliyet Raporu\u2019nda; ger\u00e7ekle\u015ftirilen faaliyetleri, gelece\u011fe dair planlar\u0131n\u0131 ve hedeflerini payla\u015farak \u00c7imsa\u2019n\u0131n ekonomik ba\u015far\u0131s\u0131n\u0131, s\u00fcrd\u00fcr\u00fclebilirlik faaliyetlerini, Ar-Ge ve inovasyon \u00e7al\u0131\u015fmalar\u0131n\u0131 g\u00f6zler \u00f6n\u00fcne sermi\u015ftir.<\/p>\n","protected":false},"excerpt":{"rendered":"<p>\u00c7imsa\u2019n\u0131n Entegre Faaliyet Raporu\u2019na 2. Alt\u0131n \u00d6d\u00fcl, Sabanc\u0131 Toplulu\u011fu\u2019nun global markalar\u0131ndan \u00c7imsa, 2021 Entegre Faaliyet Raporu\u2019yla \u0130ngiltere merkezli \u201cUluslararas\u0131 Faaliyet Raporu Tasar\u0131m \u00d6d\u00fclleri\u201d IADA taraf\u0131ndan&nbsp;Integrated Presentation kategorisinde&nbsp;alt\u0131n \u00f6d\u00fcle lay\u0131k g\u00f6r\u00fcld\u00fc.&nbsp; &nbsp; Sabanc\u0131 Holding i\u015ftiraki \u00c7imsa, d\u00fcnya \u00e7ap\u0131nda y\u0131ll\u0131k faaliyet raporlar\u0131n\u0131, estetik ve sanatsal a\u00e7\u0131dan de\u011ferlendirerek yarat\u0131c\u0131l\u0131\u011f\u0131 \u00f6d\u00fcllendiren \u201cUluslararas\u0131 Faaliyet Raporu Tasar\u0131m \u00d6d\u00fclleri IADA\u201dda, 2021 Entegre [&hellip;]<\/p>\n","protected":false},"author":1,"featured_media":40254,"comment_status":"open","ping_status":"open","sticky":false,"template":"","format":"standard","meta":{"ngg_post_thumbnail":0},"categories":[26],"tags":[13236],"_links":{"self":[{"href":"https:\/\/emlaktuel.com\/index.php?rest_route=\/wp\/v2\/posts\/40253"}],"collection":[{"href":"https:\/\/emlaktuel.com\/index.php?rest_route=\/wp\/v2\/posts"}],"about":[{"href":"https:\/\/emlaktuel.com\/index.php?rest_route=\/wp\/v2\/types\/post"}],"author":[{"embeddable":true,"href":"https:\/\/emlaktuel.com\/index.php?rest_route=\/wp\/v2\/users\/1"}],"replies":[{"embeddable":true,"href":"https:\/\/emlaktuel.com\/index.php?rest_route=%2Fwp%2Fv2%2Fcomments&post=40253"}],"version-history":[{"count":1,"href":"https:\/\/emlaktuel.com\/index.php?rest_route=\/wp\/v2\/posts\/40253\/revisions"}],"predecessor-version":[{"id":40255,"href":"https:\/\/emlaktuel.com\/index.php?rest_route=\/wp\/v2\/posts\/40253\/revisions\/40255"}],"wp:featuredmedia":[{"embeddable":true,"href":"https:\/\/emlaktuel.com\/index.php?rest_route=\/wp\/v2\/media\/40254"}],"wp:attachment":[{"href":"https:\/\/emlaktuel.com\/index.php?rest_route=%2Fwp%2Fv2%2Fmedia&parent=40253"}],"wp:term":[{"taxonomy":"category","embeddable":true,"href":"https:\/\/emlaktuel.com\/index.php?rest_route=%2Fwp%2Fv2%2Fcategories&post=40253"},{"taxonomy":"post_tag","embeddable":true,"href":"https:\/\/emlaktuel.com\/index.php?rest_route=%2Fwp%2Fv2%2Ftags&post=40253"}],"curies":[{"name":"wp","href":"https:\/\/api.w.org\/{rel}","templated":true}]}}