{"id":40131,"date":"2022-08-18T14:01:30","date_gmt":"2022-08-18T11:01:30","guid":{"rendered":"https:\/\/emlaktuel.com\/?p=40131"},"modified":"2022-08-18T14:01:30","modified_gmt":"2022-08-18T11:01:30","slug":"peker-holding-maslaktaki-yeni-ofis-projesini-devreye-aliyor","status":"publish","type":"post","link":"https:\/\/emlaktuel.com\/?p=40131","title":{"rendered":"Peker Holding, Maslak\u2019taki yeni ofis projesini devreye al\u0131yor"},"content":{"rendered":"<p>Bomonti Business Center gibi \u0130stanbul\u2019a kazand\u0131rd\u0131\u011f\u0131 i\u015f merkezleri ile \u00f6ne \u00e7\u0131kan Peker Holding, portf\u00f6y\u00fcne \u015fimdi de Maslak\u2019\u0131n kalbinde yeni bir proje ekliyor: Peker Tower Maslak.<\/p>\n<p><img loading=\"lazy\" class=\"alignnone size-full wp-image-40133\" src=\"https:\/\/emlaktuel.com\/wp-content\/uploads\/2022\/08\/IMG_20220818_135913.jpg\" alt=\"\" width=\"1080\" height=\"1044\"><\/p>\n<p>Arsa taraf\u0131ndaki yat\u0131r\u0131mlar\u0131 kadar, Bomonti Business Center gibi \u0130stanbul\u2019a kazand\u0131rd\u0131\u011f\u0131 i\u015f merkezleri ile de dikkat \u00e7eken Peker Holding, portf\u00f6y\u00fcne \u0130stanbul\u2019un kalbinde yeni bir ofis projesi daha ekliyor: Peker Tower Maslak. Teslimleri May\u0131s 2023\u2019te ger\u00e7ekle\u015fecek Peker Tower Maslak, modern ve ak\u0131ll\u0131 ofis ihtiyac\u0131na \u00e7\u00f6z\u00fcm getirecek \u015fekilde son teknoloji ile tasarland\u0131.<br \/>\nToplam 16.554 m2 in\u015faat alan\u0131na sahip olan arsada geli\u015ftirilen, 6 bodrum kat\u0131n yan\u0131nda zemin + 15 kattan olu\u015facak proje, geli\u015fen t\u00fcketici talepleri ve hijyen standartlar\u0131 dikkate al\u0131narak, b\u00f6l\u00fcnebilen yap\u0131s\u0131 ile yeni nesil bir ofis olarak kurguland\u0131. Havaland\u0131rma, \u0131s\u0131tma ve so\u011futma sistemleri pandemi sonras\u0131 de\u011fi\u015fen ihtiya\u00e7lar \u00e7er\u00e7evesinde projelendirilirken, sa\u011fl\u0131kl\u0131 ve ba\u011f\u0131ms\u0131z ofislerin baz al\u0131nd\u0131\u011f\u0131 bir konsept olu\u015fturuldu. Maslak\u2019ta B\u00fcy\u00fckdere ve Eski B\u00fcy\u00fckdere Caddelerine cepheli, ofis alan\u0131 olarak i\u015f merkezlerinin kesi\u015fim noktas\u0131nda y\u00fckselen projede tek blok, birka\u00e7 kat veya tek kat kiralama olanaklar\u0131 da sunuluyor.<\/p>\n<h2>Otopark sorununa \u00e7\u00f6z\u00fcm<\/h2>\n<p>Ofis b\u00fcy\u00fckl\u00fcklerinin 120 metrekare ile 560 metrekare aras\u0131nda de\u011fi\u015fti\u011fi projede, her kat ayr\u0131 bir kurguya sahip \u015fekilde tasarland\u0131. Ayr\u0131ca her kat 4 farkl\u0131 ofis alan\u0131na b\u00f6l\u00fcnebiliyor. Sadece i\u015f hayat\u0131n\u0131n de\u011fil al\u0131\u015fveri\u015fin, e\u011flencenin, k\u00fclt\u00fcr-sanat\u0131n merkezinde yer alan projede otopark alanlar\u0131 ise her ofisin ihtiyac\u0131n\u0131 giderecek ve 120 metrekarelik en k\u00fc\u00e7\u00fck ofise bile minimum 1 ara\u00e7l\u0131k yer sa\u011flanacak \u015fekilde planland\u0131.<\/p>\n<h2>\u2018\u00c7al\u0131\u015fma ortam\u0131ndan uzakta veya \u2018yaln\u0131z\u2019 \u00e7al\u0131\u015fma verimi d\u00fc\u015f\u00fcr\u00fcyor\u2019<\/h2>\n<p>Peker Holding Y\u00f6netim Kurulu Ba\u015fkan\u0131 Hasan Peker, T\u00fcrkiye\u2019nin sahip oldu\u011fu \u00f6zellikle Bat\u0131l\u0131 \u00fclkeler a\u00e7\u0131s\u0131ndan stratejik konumun, \u0130stanbul\u2019u global markalar i\u00e7in bir i\u015f merkezi haline getirece\u011fine dikkat \u00e7ekerek, \u201cAyr\u0131ca hem Harvard \u00dcniversitesi\u2019ndeki hem de Avrupa\u2019daki di\u011fer akademik \u00e7al\u0131\u015fmalar; \u2018yaln\u0131z\u2019, yani ba\u015fka bir deyi\u015fle \u2018\u00e7al\u0131\u015fma ortam\u0131ndan uzakta \u00e7al\u0131\u015fman\u0131n\u2019 verimi d\u00fc\u015f\u00fcrd\u00fc\u011f\u00fcn\u00fc ortaya koymu\u015f durumda. Bu sebeple \u2018ofis hayat\u0131n\u0131n\u2019 devam edece\u011fini d\u00fc\u015f\u00fcn\u00fcyorum. \u00d6zellikle pandemi sonras\u0131 istek ve ihtiya\u00e7lar g\u00f6zetilerek tasarlanan son teknolojili yeni nesil ofisler, cazibe merkezi olmay\u0131 s\u00fcrd\u00fcrecek. Biz de bu potansiyelin heyecan\u0131 ile \u00fclkemizde yat\u0131r\u0131m yapmaya devam ediyoruz.\u201d de\u011ferlendirmesinde bulundu.<\/p>\n","protected":false},"excerpt":{"rendered":"<p>Bomonti Business Center gibi \u0130stanbul\u2019a kazand\u0131rd\u0131\u011f\u0131 i\u015f merkezleri ile \u00f6ne \u00e7\u0131kan Peker Holding, portf\u00f6y\u00fcne \u015fimdi de Maslak\u2019\u0131n kalbinde yeni bir proje ekliyor: Peker Tower Maslak. Arsa taraf\u0131ndaki yat\u0131r\u0131mlar\u0131 kadar, Bomonti Business Center gibi \u0130stanbul\u2019a kazand\u0131rd\u0131\u011f\u0131 i\u015f merkezleri ile de dikkat \u00e7eken Peker Holding, portf\u00f6y\u00fcne \u0130stanbul\u2019un kalbinde yeni bir ofis projesi daha ekliyor: Peker Tower Maslak. [&hellip;]<\/p>\n","protected":false},"author":1,"featured_media":40132,"comment_status":"open","ping_status":"open","sticky":false,"template":"","format":"standard","meta":{"ngg_post_thumbnail":0},"categories":[5388],"tags":[12709],"_links":{"self":[{"href":"https:\/\/emlaktuel.com\/index.php?rest_route=\/wp\/v2\/posts\/40131"}],"collection":[{"href":"https:\/\/emlaktuel.com\/index.php?rest_route=\/wp\/v2\/posts"}],"about":[{"href":"https:\/\/emlaktuel.com\/index.php?rest_route=\/wp\/v2\/types\/post"}],"author":[{"embeddable":true,"href":"https:\/\/emlaktuel.com\/index.php?rest_route=\/wp\/v2\/users\/1"}],"replies":[{"embeddable":true,"href":"https:\/\/emlaktuel.com\/index.php?rest_route=%2Fwp%2Fv2%2Fcomments&post=40131"}],"version-history":[{"count":1,"href":"https:\/\/emlaktuel.com\/index.php?rest_route=\/wp\/v2\/posts\/40131\/revisions"}],"predecessor-version":[{"id":40134,"href":"https:\/\/emlaktuel.com\/index.php?rest_route=\/wp\/v2\/posts\/40131\/revisions\/40134"}],"wp:featuredmedia":[{"embeddable":true,"href":"https:\/\/emlaktuel.com\/index.php?rest_route=\/wp\/v2\/media\/40132"}],"wp:attachment":[{"href":"https:\/\/emlaktuel.com\/index.php?rest_route=%2Fwp%2Fv2%2Fmedia&parent=40131"}],"wp:term":[{"taxonomy":"category","embeddable":true,"href":"https:\/\/emlaktuel.com\/index.php?rest_route=%2Fwp%2Fv2%2Fcategories&post=40131"},{"taxonomy":"post_tag","embeddable":true,"href":"https:\/\/emlaktuel.com\/index.php?rest_route=%2Fwp%2Fv2%2Ftags&post=40131"}],"curies":[{"name":"wp","href":"https:\/\/api.w.org\/{rel}","templated":true}]}}