{"id":40126,"date":"2022-08-18T13:52:16","date_gmt":"2022-08-18T10:52:16","guid":{"rendered":"https:\/\/emlaktuel.com\/?p=40126"},"modified":"2022-08-18T13:52:16","modified_gmt":"2022-08-18T10:52:16","slug":"huseyin-dincel-konut-satislarinda-tatil-etkisi-ve-temmuz-ayindaki-uzun-tatiller-konut-satisini-etkiledi","status":"publish","type":"post","link":"https:\/\/emlaktuel.com\/?p=40126","title":{"rendered":"H\u00fcseyin Din\u00e7el: Konut sat\u0131\u015flar\u0131nda tatil etkisi ve temmuz ay\u0131ndaki uzun tatiller konut sat\u0131\u015f\u0131n\u0131 etkiledi"},"content":{"rendered":"<p>T\u00fcrkiye \u0130statistik Kurumu\u2019nun verilerine g\u00f6re Temmuz ay\u0131nda konut sat\u0131\u015flar\u0131 bir \u00f6nceki senenin ayn\u0131 ay\u0131na g\u00f6re %12,9 azal\u0131rken, Ocak-Temmuz d\u00f6neminde bir \u00f6nceki senenin ayn\u0131 d\u00f6nemine g\u00f6re %24,2 artt\u0131. Rakamlar\u0131 de\u011ferlendiren Akyap\u0131 Y\u00f6netim Kurulu Ba\u015fkan\u0131 H\u00fcseyin Din\u00e7el, \u201cTemmuz ay\u0131nda ge\u00e7irdi\u011fimiz uzun tatil d\u00f6nemi konut sat\u0131\u015flar\u0131n\u0131 etkiledi. Bununla birlikte Ocak \u2013 Temmuz d\u00f6neminde bir \u00f6nceki senenin ayn\u0131 d\u00f6nemine g\u00f6re ya\u015fad\u0131\u011f\u0131m\u0131z art\u0131\u015f, konutun yat\u0131r\u0131mc\u0131 g\u00f6z\u00fcnde hala en de\u011ferli varl\u0131k oldu\u011funu ortaya koyuyor\u201d dedi.<br \/>\nT\u00fcrkiye \u0130statistik Kurumu (T\u00dc\u0130K) Temmuz ay\u0131na ili\u015fkin konut sat\u0131\u015f istatistiklerini a\u00e7\u0131klad\u0131. Buna g\u00f6re, T\u00fcrkiye genelinde konut sat\u0131\u015flar\u0131 Temmuz ay\u0131nda bir \u00f6nceki y\u0131l\u0131n ayn\u0131 ay\u0131na g\u00f6re %12,9 azalarak 93 bin 902 oldu. Bir \u00f6nceki aya g\u00f6re d\u00fc\u015f\u00fc\u015f y\u00fczde 40\u2019\u0131 buldu. Yabanc\u0131lara yap\u0131lan konut sat\u0131\u015flar\u0131 da Temmuz ay\u0131nda bir \u00f6nceki y\u0131l\u0131n ayn\u0131 ay\u0131na g\u00f6re %12,4 azalarak 3 bin 939 oldu.<br \/>\nRakamlar\u0131 de\u011ferlendiren Akyap\u0131 Y\u00f6netim Kurulu Ba\u015fkan\u0131 H\u00fcseyin Din\u00e7el, \u015fu a\u00e7\u0131klamalar\u0131 yapt\u0131: \u201cKonut sat\u0131\u015flar\u0131 bu y\u0131l y\u00fckselen bir ivme kazanm\u0131\u015ft\u0131. Bunun neticesinde her ay rekorlar duymaya al\u0131\u015fm\u0131\u015ft\u0131k. Temmuz ay\u0131nda ya\u015fanan gerileme bu rekorlara bir tatil aras\u0131 verdi. Bu gerileme, konuta olan talebin d\u00fc\u015ft\u00fc\u011f\u00fcn\u00fc de\u011fil o ayda \u00e7ok fazla tapu i\u015flemi yap\u0131lmad\u0131\u011f\u0131n\u0131 g\u00f6steriyor diyebiliriz. Temmuzda Kurban Bayram\u0131 nedeniyle ay ortas\u0131nda uzun bir tatil d\u00f6nemi ya\u015fand\u0131. A\u011fustos ay\u0131nda 100 binin \u00fczerindeki rakamlara yeniden ula\u015faca\u011f\u0131m\u0131z\u0131 d\u00fc\u015f\u00fcn\u00fcyoruz. Zira konuta olan talep canl\u0131l\u0131kla devam ediyor, enflasyonist ortamdan korunmak isteyenler konut yat\u0131r\u0131m\u0131n\u0131 ilk s\u0131raya koyuyor. Ocak-Temmuz d\u00f6neminde bir \u00f6nceki y\u0131l\u0131n ayn\u0131 d\u00f6nemine g\u00f6re %24,2 art\u0131\u015fla 820 bin 300 olarak ger\u00e7ekle\u015fen sat\u0131\u015flar da konutun yat\u0131r\u0131mc\u0131 g\u00f6z\u00fcnde hala en de\u011ferli varl\u0131k oldu\u011funu ortaya koyuyor.\u201d<\/p>\n<h2>\u201c400 bin dolar alt s\u0131n\u0131r\u0131 nitelikli yabanc\u0131 yat\u0131r\u0131mc\u0131y\u0131 \u00e7ekecek\u2026\u201d<\/h2>\n<p>Din\u00e7el, yabanc\u0131ya sat\u0131\u015fla ilgili \u015fu bilgileri payla\u015ft\u0131: \u201cYabanc\u0131lara yap\u0131lan konut sat\u0131\u015flar\u0131 Temmuz ay\u0131nda bir \u00f6nceki y\u0131l\u0131n ayn\u0131 ay\u0131na g\u00f6re %12,4 azalarak 3 bin 939 oldu. Haziran\u2019da yabanc\u0131lara 8 bin 630 konut sat\u0131lm\u0131\u015ft\u0131. Haziran\u2019daki bu zirvede vatanda\u015fl\u0131k i\u00e7in 250 bin dolarl\u0131k gayrimenkul al\u0131m alt s\u0131n\u0131r\u0131n\u0131n, 400 bin dolara y\u00fckseltilmesi karar\u0131 etkili oldu. Bilindi\u011fi gibi karar 13 Haziran\u2019da y\u00fcr\u00fcrl\u00fc\u011fe girdi. Bir an \u00f6nce vatanda\u015fl\u0131k almak isteyenlerin talebi eklenince yabanc\u0131ya sat\u0131\u015fta 8 bin 630 adetle t\u00fcm zamanlar\u0131n en y\u00fcksek ayl\u0131k verisine ula\u015f\u0131lm\u0131\u015ft\u0131. Talebin \u00e7o\u011fu Haziran\u2019da hayata ge\u00e7ti. Dolay\u0131s\u0131yla Temmuz\u2019da bu konuda bir d\u00fc\u015f\u00fc\u015f ya\u015fad\u0131k. Bununla birlikte 400 bin dolar alt s\u0131n\u0131r\u0131 sayesinde \u00fclkemizin daha nitelikli yabanc\u0131 yat\u0131r\u0131mc\u0131y\u0131 kendine \u00e7ekece\u011fini s\u00f6yleyebiliriz\u201d dedi.<\/p>\n","protected":false},"excerpt":{"rendered":"<p>T\u00fcrkiye \u0130statistik Kurumu\u2019nun verilerine g\u00f6re Temmuz ay\u0131nda konut sat\u0131\u015flar\u0131 bir \u00f6nceki senenin ayn\u0131 ay\u0131na g\u00f6re %12,9 azal\u0131rken, Ocak-Temmuz d\u00f6neminde bir \u00f6nceki senenin ayn\u0131 d\u00f6nemine g\u00f6re %24,2 artt\u0131. Rakamlar\u0131 de\u011ferlendiren Akyap\u0131 Y\u00f6netim Kurulu Ba\u015fkan\u0131 H\u00fcseyin Din\u00e7el, \u201cTemmuz ay\u0131nda ge\u00e7irdi\u011fimiz uzun tatil d\u00f6nemi konut sat\u0131\u015flar\u0131n\u0131 etkiledi. Bununla birlikte Ocak \u2013 Temmuz d\u00f6neminde bir \u00f6nceki senenin ayn\u0131 d\u00f6nemine [&hellip;]<\/p>\n","protected":false},"author":1,"featured_media":37632,"comment_status":"open","ping_status":"open","sticky":false,"template":"","format":"standard","meta":{"ngg_post_thumbnail":0},"categories":[5388],"tags":[],"_links":{"self":[{"href":"https:\/\/emlaktuel.com\/index.php?rest_route=\/wp\/v2\/posts\/40126"}],"collection":[{"href":"https:\/\/emlaktuel.com\/index.php?rest_route=\/wp\/v2\/posts"}],"about":[{"href":"https:\/\/emlaktuel.com\/index.php?rest_route=\/wp\/v2\/types\/post"}],"author":[{"embeddable":true,"href":"https:\/\/emlaktuel.com\/index.php?rest_route=\/wp\/v2\/users\/1"}],"replies":[{"embeddable":true,"href":"https:\/\/emlaktuel.com\/index.php?rest_route=%2Fwp%2Fv2%2Fcomments&post=40126"}],"version-history":[{"count":1,"href":"https:\/\/emlaktuel.com\/index.php?rest_route=\/wp\/v2\/posts\/40126\/revisions"}],"predecessor-version":[{"id":40127,"href":"https:\/\/emlaktuel.com\/index.php?rest_route=\/wp\/v2\/posts\/40126\/revisions\/40127"}],"wp:featuredmedia":[{"embeddable":true,"href":"https:\/\/emlaktuel.com\/index.php?rest_route=\/wp\/v2\/media\/37632"}],"wp:attachment":[{"href":"https:\/\/emlaktuel.com\/index.php?rest_route=%2Fwp%2Fv2%2Fmedia&parent=40126"}],"wp:term":[{"taxonomy":"category","embeddable":true,"href":"https:\/\/emlaktuel.com\/index.php?rest_route=%2Fwp%2Fv2%2Fcategories&post=40126"},{"taxonomy":"post_tag","embeddable":true,"href":"https:\/\/emlaktuel.com\/index.php?rest_route=%2Fwp%2Fv2%2Ftags&post=40126"}],"curies":[{"name":"wp","href":"https:\/\/api.w.org\/{rel}","templated":true}]}}