{"id":39977,"date":"2022-08-03T13:17:33","date_gmt":"2022-08-03T10:17:33","guid":{"rendered":"https:\/\/emlaktuel.com\/?p=39977"},"modified":"2022-08-03T13:17:33","modified_gmt":"2022-08-03T10:17:33","slug":"cumhuriyet-tarihinin-en-buyuk-sosyal-konut-projesi-icin-hazirliklar-tam-gaz-suruyor","status":"publish","type":"post","link":"https:\/\/emlaktuel.com\/?p=39977","title":{"rendered":"Cumhuriyet tarihinin en b\u00fcy\u00fck sosyal konut projesi i\u00e7in haz\u0131rl\u0131klar tam gaz s\u00fcr\u00fcyor"},"content":{"rendered":"<p>Cumhuriyet tarihinin en b\u00fcy\u00fck sosyal konut projesi olacak kampanya i\u00e7in haz\u0131rl\u0131klar tam gaz s\u00fcr\u00fcyor. Ba\u015fkan Recep Tayyip Erdo\u011fan&#8217;\u0131n 2022 eyl\u00fcl ay\u0131nda detaylar\u0131n\u0131 a\u00e7\u0131klayaca\u011f\u0131 bu dev projede, vatanda\u015f\u0131n eri\u015filebilir \u015fartlarda ev sahibi olmas\u0131n\u0131 sa\u011flamak, fahi\u015f bir \u015fekilde artan kira rakamlar\u0131n\u0131 d\u00fc\u015f\u00fcrmek, salg\u0131n d\u00f6neminde daralan konut arz\u0131n\u0131 art\u0131rabilmek, in\u015faat sekt\u00f6r\u00fcn\u00fc canland\u0131rmak ama\u00e7lanmakta.<\/p>\n<p>T\u00fcrkie&#8217;n\u0131n en b\u00fcy\u00fck sosyal konut projesi i\u00e7in geri say\u0131m ba\u015flad\u0131. Vatanda\u015flar\u0131n kira \u00f6der gibi konut sahibi olaca\u011f\u0131 bu dev projeyle, salg\u0131nda daralan konut arz\u0131 daha da artarken, fahi\u015f kira fiyatlar\u0131 da gerileyecektir. Vatanda\u015f\u0131n kira \u00f6der gibi konut sahibi olaca\u011f\u0131 projede konutlar asgari \u00fccretli ailelerin eri\u015febilece\u011fi fiyat ve ko\u015fullarda in\u015fa edilecek. Artan in\u015faat maliyetleri ve arsa sorununu devlet s\u00fcbvanse edecek.<\/p>\n<h2>Yeni evliler ve di\u011fer alt gelir gruplar\u0131 i\u00e7in kota&nbsp;<\/h2>\n<p>TOK\u0130 taraf\u0131ndan daha \u00f6nce yap\u0131lan sosyal konut projelerini i\u00e7eren kampanyalarda evi olmayan emeklilere ayr\u0131 kota olu\u015fturulmu\u015ftu. Yeni yap\u0131lacak bu dev projede ise dar gelirliler, emekliler, \u015fehit ve gazi yak\u0131nlar\u0131 ayr\u0131ca gen\u00e7ler ve yeni evlenecekler i\u00e7in de ayr\u0131 kota i\u00e7inde de\u011ferlendirilecekler. Anadoluda bulunan \u015fehirler ve \u0130stanbul&#8217;da belirli aile geliri \u00fcst s\u0131n\u0131r\u0131 ve daha \u00f6nce konutu olmamas\u0131 ko\u015fullar\u0131n\u0131n aranaca\u011f\u0131 kampanyada, ba\u015fvurular\u0131n sonras\u0131nda kura yolu ile konut edinimi sa\u011flanacak.<\/p>\n<h2>Yatay ve yerel mimari&nbsp;<\/h2>\n<p>\u00c7evre, \u015eehircilik ve \u0130klim De\u011fi\u015fikli\u011fi Bakanl\u0131\u011f\u0131, sosyal konutlarda hem enerji verimlili\u011fine hem yerel-yatay mimariye \u00f6nem g\u00f6sterecek. Yenilenebilir enerji sistemlerinin projelerde kullan\u0131lmas\u0131 \u00f6ng\u00f6r\u00fcl\u00fcyor. Bakanl\u0131k iklim dostu malzemelerin kullan\u0131m\u0131na da \u00f6men g\u00f6sterecek.<\/p>\n<p>Ba\u015fkan Recep Tayyip Erdo\u011fan, Kabine Toplant\u0131s\u0131&#8217;n\u0131n ard\u0131ndan Cumhuriyet tarihinin en b\u00fcy\u00fck sosyal konut hamlesi ile ilgili \u015funlar\u0131 s\u00f6ylemi\u015fti: <strong><em>\u00dclkemizin 81 \u015fehrinde h\u0131z kesmeden toplu konut projelerini s\u00fcrd\u00fcr\u00fcyoruz. Pek \u00e7ok ilimizde \u015fehir i\u00e7inde kalan sanayi alanlar\u0131n\u0131 d\u0131\u015far\u0131ya ta\u015f\u0131yor, bu konudaki talepleri de s\u00fcratle yerine getiriyoruz. \u015eimdi de Cumhuriyet tarihinin en b\u00fcy\u00fck sosyal konut hamlesini ba\u015flat\u0131yoruz.<\/em><\/strong><\/p>\n<h2>&#8216;Yenilenebilir enerji sistemleri yer alacak&#8217;<\/h2>\n<p>\u0130lk kez konut sahibi olacak vatanda\u015flar\u0131m\u0131z\u0131n sab\u0131rs\u0131zl\u0131kla bekledi\u011fi bu dev proje ile ilgili haz\u0131rl\u0131klar bitmek \u00fczeredir. Vatanda\u015flar\u0131m\u0131z\u0131 kira \u00f6der gibi taksitlerle, yerel ve yatay mimari anlay\u0131\u015f\u0131na g\u00f6re in\u015fa edilmi\u015f konut projeleriyle ev sahibi yapaca\u011f\u0131z. S\u0131f\u0131r at\u0131k uyumlu, enerji verimli, iklim dostu malzemelerle yap\u0131lacak bu konut projelerinin tamam\u0131nda yenilenebilir enerji sistemleri kullan\u0131lacakt\u0131r.<\/p>\n<h2>&#8216;Fahi\u015f konut kiralar\u0131n\u0131n d\u00fc\u015fmesine yol a\u00e7acakt\u0131r&#8217;<\/h2>\n<p><em>Amac\u0131m\u0131z, salg\u0131n d\u00f6neminde \u00e7ok daralan konut arz\u0131n\u0131 h\u0131zla art\u0131r\u0131p hem in\u015faat sekt\u00f6r\u00fcn\u00fc canland\u0131rmak hem de insan\u0131m\u0131z\u0131n eri\u015febilir \u015fartlarda konut sahibi olmas\u0131n\u0131 temin etmektir. Bu ad\u0131m, son d\u00f6nemde ciddi \u015fikayet konusu olan kiralar\u0131n da d\u00fc\u015fmesine yol a\u00e7acakt\u0131r. Her zaman oldu\u011fu gibi bu projede de \u015fehit yak\u0131nlar\u0131 ve gazilerimiz ile emeklilerimize \u00f6zel bir kontenjan ay\u0131raca\u011f\u0131z. Ayr\u0131ca, ilk defa evlenen gen\u00e7lerimiz de bu projede kota sahibi olacakt\u0131r. Gelecek ay bir tan\u0131t\u0131m toplant\u0131s\u0131yla t\u00fcm detaylar\u0131n\u0131 duyuraca\u011f\u0131m\u0131z bu konut kampanyas\u0131n\u0131n \u015fimdiden \u00fclkeye hay\u0131rl\u0131 olmas\u0131n\u0131 diliyorum. Projenin y\u00fcr\u00fct\u00fcc\u00fcs\u00fc olan \u00c7evre, \u015eehircilik ve \u0130klim De\u011fi\u015fikli\u011fi Bakanl\u0131\u011f\u0131 ile TOK\u0130&#8217;yi tebrik ediyorum.<\/em><\/p>\n<p><strong>Kaynak: Sabah Gazetesi<\/strong><\/p>\n","protected":false},"excerpt":{"rendered":"<p>Cumhuriyet tarihinin en b\u00fcy\u00fck sosyal konut projesi olacak kampanya i\u00e7in haz\u0131rl\u0131klar tam gaz s\u00fcr\u00fcyor. Ba\u015fkan Recep Tayyip Erdo\u011fan&#8217;\u0131n 2022 eyl\u00fcl ay\u0131nda detaylar\u0131n\u0131 a\u00e7\u0131klayaca\u011f\u0131 bu dev projede, vatanda\u015f\u0131n eri\u015filebilir \u015fartlarda ev sahibi olmas\u0131n\u0131 sa\u011flamak, fahi\u015f bir \u015fekilde artan kira rakamlar\u0131n\u0131 d\u00fc\u015f\u00fcrmek, salg\u0131n d\u00f6neminde daralan konut arz\u0131n\u0131 art\u0131rabilmek, in\u015faat sekt\u00f6r\u00fcn\u00fc canland\u0131rmak ama\u00e7lanmakta. T\u00fcrkie&#8217;n\u0131n en b\u00fcy\u00fck sosyal konut [&hellip;]<\/p>\n","protected":false},"author":1,"featured_media":18156,"comment_status":"open","ping_status":"open","sticky":false,"template":"","format":"standard","meta":{"ngg_post_thumbnail":0},"categories":[219,97,5388,5222],"tags":[450,16394],"_links":{"self":[{"href":"https:\/\/emlaktuel.com\/index.php?rest_route=\/wp\/v2\/posts\/39977"}],"collection":[{"href":"https:\/\/emlaktuel.com\/index.php?rest_route=\/wp\/v2\/posts"}],"about":[{"href":"https:\/\/emlaktuel.com\/index.php?rest_route=\/wp\/v2\/types\/post"}],"author":[{"embeddable":true,"href":"https:\/\/emlaktuel.com\/index.php?rest_route=\/wp\/v2\/users\/1"}],"replies":[{"embeddable":true,"href":"https:\/\/emlaktuel.com\/index.php?rest_route=%2Fwp%2Fv2%2Fcomments&post=39977"}],"version-history":[{"count":1,"href":"https:\/\/emlaktuel.com\/index.php?rest_route=\/wp\/v2\/posts\/39977\/revisions"}],"predecessor-version":[{"id":39978,"href":"https:\/\/emlaktuel.com\/index.php?rest_route=\/wp\/v2\/posts\/39977\/revisions\/39978"}],"wp:featuredmedia":[{"embeddable":true,"href":"https:\/\/emlaktuel.com\/index.php?rest_route=\/wp\/v2\/media\/18156"}],"wp:attachment":[{"href":"https:\/\/emlaktuel.com\/index.php?rest_route=%2Fwp%2Fv2%2Fmedia&parent=39977"}],"wp:term":[{"taxonomy":"category","embeddable":true,"href":"https:\/\/emlaktuel.com\/index.php?rest_route=%2Fwp%2Fv2%2Fcategories&post=39977"},{"taxonomy":"post_tag","embeddable":true,"href":"https:\/\/emlaktuel.com\/index.php?rest_route=%2Fwp%2Fv2%2Ftags&post=39977"}],"curies":[{"name":"wp","href":"https:\/\/api.w.org\/{rel}","templated":true}]}}