{"id":39966,"date":"2022-08-03T12:51:17","date_gmt":"2022-08-03T09:51:17","guid":{"rendered":"https:\/\/emlaktuel.com\/?p=39966"},"modified":"2022-08-03T12:51:17","modified_gmt":"2022-08-03T09:51:17","slug":"tokiden-konut-fiyatlarini-ve-kiralari-dusurecek-dev-proje-geliyor","status":"publish","type":"post","link":"https:\/\/emlaktuel.com\/?p=39966","title":{"rendered":"TOK\u0130&#8217;den konut fiyatlar\u0131n\u0131 ve kiralar\u0131 d\u00fc\u015f\u00fcrecek dev proje geliyor!"},"content":{"rendered":"<p><strong>2022 a\u011fustos ay\u0131n\u0131n ilk g\u00fcn\u00fc ger\u00e7ekle\u015ftirilen Kabine toplant\u0131s\u0131 sonras\u0131 Cumhurba\u015fkan\u0131 Recep Tayyip Erdo\u011fan\u2019\u0131n m\u00fcjdesini duyurdu\u011fu \u201c81 ilimizde dar gelirliye kira \u00f6der gibi ev\u201d projesini detaylar\u0131 hakk\u0131nda bilgiler veren \u00c7evre \u015eehircilik ve \u0130klim De\u011fi\u015fikli\u011fi Bakan\u0131 Murat Kurum, T\u00fcrkiye tarihinin en b\u00fcy\u00fck konut projesi ile \u00fclkemizde y\u00fcksek konut fiyatlar\u0131 ve konut kiralar\u0131nda bir nebze gerileme olaca\u011f\u0131n\u0131 anlatt\u0131.<\/strong><\/p>\n<p>Bakan Murat Kurum konut fiyatlar\u0131yla ilgili gazetecilerin sorular\u0131n\u0131 yan\u0131tlayarak \u015funlar\u0131 s\u00f6yledi:<\/p>\n<p><strong><em>\u201cVatanda\u015flar\u0131m\u0131zdan gelen \u015fikayetlerin takibini Hazine ve Maliye Bakanl\u0131\u011f\u0131 ve biz yap\u0131yoruz. Suni bir art\u0131\u015ft\u0131 hep onu s\u00f6yl\u00fcyoruz. Arzda s\u0131k\u0131nt\u0131 varsa s\u0131k\u0131nt\u0131y\u0131 giderecek s\u00fcreci Cumhurba\u015fkan\u0131m\u0131z payla\u015ft\u0131. O da konut fiyatlar\u0131n\u0131n geri gelmesine neden olacak, sistem oturacak. <\/em><\/strong><strong><em>Maliyetlerin de orada etkisi \u00e7ok var. Demir ve \u00e7imento ana maliyetler diyelim. \u015eu an geri geri geliyor. Hem d\u00fcnyadaki tedarik zincirinin oturmas\u0131 ile de alakal\u0131 bir durum. \u00dclkeler \u00fcretime ge\u00e7tiler, arz artt\u0131. talep ayn\u0131 kal\u0131nca mecburen fiyat da geri geliyor. Onlar da oturuyor. Kirada da olacak konut fiyat\u0131nda da olacak.<\/em><\/strong><\/p>\n<p><strong><em>Bizim yapaca\u011f\u0131m\u0131z projelerle de buna imkan sa\u011flayaca\u011f\u0131z. Vatanda\u015f\u0131m\u0131z\u0131 her i\u015fte oldu\u011fu gibi konut i\u015finde de a\u00e7 ve a\u00e7\u0131kta b\u0131rakmayaca\u011f\u0131z.&nbsp; <\/em><\/strong><strong><em>Hazine arazileri ile ilgili her t\u00fcrl\u00fc s\u00fcbvansiyonu yap\u0131yoruz, yapmaya da devam edece\u011fiz. \u00d6n\u00fcm\u00fczdeki ay itibari ile onlar\u0131 a\u00e7\u0131klayaca\u011f\u0131z.<\/em><\/strong><\/p>\n<p><strong><em>TOK\u0130 sosyal konut projesi, 2022 A\u011fustos ay\u0131 de\u011fil eyl\u00fcl ay\u0131na kald\u0131 gibi, Eyl\u00fcl ay\u0131nda bu b\u00fcy\u00fck projeyi Cumhurba\u015fkan\u0131m\u0131z payla\u015facak. Bu b\u00fcy\u00fck projeyi sevgili vatanda\u015flar\u0131m\u0131za sunmu\u015f olaca\u011f\u0131z.\u201d<\/em><\/strong><\/p>\n","protected":false},"excerpt":{"rendered":"<p>2022 a\u011fustos ay\u0131n\u0131n ilk g\u00fcn\u00fc ger\u00e7ekle\u015ftirilen Kabine toplant\u0131s\u0131 sonras\u0131 Cumhurba\u015fkan\u0131 Recep Tayyip Erdo\u011fan\u2019\u0131n m\u00fcjdesini duyurdu\u011fu \u201c81 ilimizde dar gelirliye kira \u00f6der gibi ev\u201d projesini detaylar\u0131 hakk\u0131nda bilgiler veren \u00c7evre \u015eehircilik ve \u0130klim De\u011fi\u015fikli\u011fi Bakan\u0131 Murat Kurum, T\u00fcrkiye tarihinin en b\u00fcy\u00fck konut projesi ile \u00fclkemizde y\u00fcksek konut fiyatlar\u0131 ve konut kiralar\u0131nda bir nebze gerileme olaca\u011f\u0131n\u0131 anlatt\u0131. [&hellip;]<\/p>\n","protected":false},"author":1,"featured_media":25323,"comment_status":"open","ping_status":"open","sticky":false,"template":"","format":"standard","meta":{"ngg_post_thumbnail":0},"categories":[221,97,5388],"tags":[16391,16390,15938,2891],"_links":{"self":[{"href":"https:\/\/emlaktuel.com\/index.php?rest_route=\/wp\/v2\/posts\/39966"}],"collection":[{"href":"https:\/\/emlaktuel.com\/index.php?rest_route=\/wp\/v2\/posts"}],"about":[{"href":"https:\/\/emlaktuel.com\/index.php?rest_route=\/wp\/v2\/types\/post"}],"author":[{"embeddable":true,"href":"https:\/\/emlaktuel.com\/index.php?rest_route=\/wp\/v2\/users\/1"}],"replies":[{"embeddable":true,"href":"https:\/\/emlaktuel.com\/index.php?rest_route=%2Fwp%2Fv2%2Fcomments&post=39966"}],"version-history":[{"count":1,"href":"https:\/\/emlaktuel.com\/index.php?rest_route=\/wp\/v2\/posts\/39966\/revisions"}],"predecessor-version":[{"id":39967,"href":"https:\/\/emlaktuel.com\/index.php?rest_route=\/wp\/v2\/posts\/39966\/revisions\/39967"}],"wp:featuredmedia":[{"embeddable":true,"href":"https:\/\/emlaktuel.com\/index.php?rest_route=\/wp\/v2\/media\/25323"}],"wp:attachment":[{"href":"https:\/\/emlaktuel.com\/index.php?rest_route=%2Fwp%2Fv2%2Fmedia&parent=39966"}],"wp:term":[{"taxonomy":"category","embeddable":true,"href":"https:\/\/emlaktuel.com\/index.php?rest_route=%2Fwp%2Fv2%2Fcategories&post=39966"},{"taxonomy":"post_tag","embeddable":true,"href":"https:\/\/emlaktuel.com\/index.php?rest_route=%2Fwp%2Fv2%2Ftags&post=39966"}],"curies":[{"name":"wp","href":"https:\/\/api.w.org\/{rel}","templated":true}]}}