{"id":39957,"date":"2022-08-01T14:21:49","date_gmt":"2022-08-01T11:21:49","guid":{"rendered":"https:\/\/emlaktuel.com\/?p=39957"},"modified":"2022-08-01T14:21:49","modified_gmt":"2022-08-01T11:21:49","slug":"invest-insaat-yelken-takimi-turkiye-yat-sampiyomu-oldu","status":"publish","type":"post","link":"https:\/\/emlaktuel.com\/?p=39957","title":{"rendered":"\u0130nvest \u0130n\u015faat Yelken Tak\u0131m\u0131 T\u00fcrkiye Yat \u015eampiyomu Oldu"},"content":{"rendered":"<p><strong><em>Invest \u0130n\u015faat Yelken Tak\u0131m\u0131, 51. Deniz Kuvvetleri Kupas\u0131\u2019nda kald\u0131rd\u0131\u011f\u0131 kupan\u0131n ard\u0131ndan kat\u0131ld\u0131\u011f\u0131 T\u00fcrkiye Yat \u015eampiyonas\u0131\u2019nda birinci oldu. IRC 3 s\u0131n\u0131f\u0131nda 2022 y\u0131l\u0131 T\u00fcrkiye Yat \u015eampiyonu olan Invest \u0130n\u015faat Yelken Tak\u0131m\u0131, Sahil G\u00fcvenli\u011fi Kupas\u0131\u2019n\u0131n kazanan\u0131 oldu.<\/em><\/strong><\/p>\n<p>\u0130n\u015faat sekt\u00f6r\u00fcn\u00fcn \u00f6nde gelen markalar\u0131ndan Invest \u0130n\u015faat, yelken tak\u0131m\u0131 ile bir zafere daha imza att\u0131. Bodrum\u2019da 4 g\u00fcn s\u00fcren s\u0131ral\u0131 yar\u0131\u015flarda ard\u0131 ard\u0131na ald\u0131\u011f\u0131 birinciliklerle, Sahil G\u00fcvenli\u011fi Kupas\u0131 yar\u0131\u015flar\u0131nda IRC 3 s\u0131n\u0131f\u0131nda 2022 y\u0131l\u0131 T\u00fcrkiye Yat \u015eampiyonu oldu.<\/p>\n<p>Bodrum Milta Marina Yacht Club\u2019ta d\u00fczenlenen \u00f6d\u00fcl t\u00f6reninde, Invest Sailing Team ile birlikte Invest \u0130n\u015faat Y\u00f6netim Kurulu Ba\u015fkan\u0131 Bahattin U\u00e7ar ve ailesi birincilik kupas\u0131n\u0131 kald\u0131rd\u0131.<\/p>\n<p><img loading=\"lazy\" class=\"alignnone  wp-image-39958 alignright\" src=\"https:\/\/emlaktuel.com\/wp-content\/uploads\/2022\/08\/Bahattin_Ucar.jpg\" alt=\"\" width=\"217\" height=\"230\"><strong><em>Invest \u0130n\u015faat Y\u00f6netim Kurulu Ba\u015fkan\u0131 Bahattin U\u00e7ar<\/em><\/strong>; <em>\u201cYelken tak\u0131m\u0131m\u0131z\u0131n k\u0131sa s\u00fcrede elde etti\u011fi ba\u015far\u0131lar bizleri \u00e7ok memnun etti. T\u00fcrkiye\u2019nin en uzun yar\u0131\u015f\u0131 51. Deniz Kuvvetleri Kupas\u0131\u2019nda ya\u015fad\u0131klar\u0131 kazaya ra\u011fmen 30 tekne aras\u0131nda \u00fc\u00e7\u00fcnc\u00fc olan tak\u0131m\u0131m\u0131z, 68 saatlik bu yar\u0131\u015ftan bir g\u00fcn sonra kat\u0131ld\u0131klar\u0131 Sahil G\u00fcvenli\u011fi Kupas\u0131\u2019nda birinci oldu. 4 g\u00fcn s\u00fcren yar\u0131\u015flarda arka arkaya ald\u0131klar\u0131 birinciliklerle bizlere IRC 3 s\u0131n\u0131f\u0131nda T\u00fcrkiye Yat \u015eampiyonlu\u011fu\u2019nu kazand\u0131rd\u0131lar. Invest Sailing Team b\u00fcnyesindeki t\u00fcm arkada\u015flar\u0131m\u0131za \u00f6zverileri ve emekleri i\u00e7in te\u015fekk\u00fcr ederim.\u201d dedi.<\/em><\/p>\n<p>Beneteau 34.7 teknesiyle IRC 3 T\u00fcrkiye Yat \u015eampiyonu olan Invest Sailing Team, 51. Deniz Kuvvetleri Kupas\u0131\u2019nda da kendi s\u0131n\u0131f\u0131nda ve t\u00fcm klasmanlarda yar\u0131\u015fan 30 tekne aras\u0131nda en iyi \u00fc\u00e7\u00fcnc\u00fc zamanlamayla kupa kald\u0131rm\u0131\u015ft\u0131.<\/p>\n<p>&nbsp;<\/p>\n<p>T\u00fcrkiye Yat \u015eampiyonas\u0131\u2019nda ikincilik ise Rusya\u2019dan kat\u0131lan Looping teknesinin oldu.<\/p>\n","protected":false},"excerpt":{"rendered":"<p>Invest \u0130n\u015faat Yelken Tak\u0131m\u0131, 51. Deniz Kuvvetleri Kupas\u0131\u2019nda kald\u0131rd\u0131\u011f\u0131 kupan\u0131n ard\u0131ndan kat\u0131ld\u0131\u011f\u0131 T\u00fcrkiye Yat \u015eampiyonas\u0131\u2019nda birinci oldu. IRC 3 s\u0131n\u0131f\u0131nda 2022 y\u0131l\u0131 T\u00fcrkiye Yat \u015eampiyonu olan Invest \u0130n\u015faat Yelken Tak\u0131m\u0131, Sahil G\u00fcvenli\u011fi Kupas\u0131\u2019n\u0131n kazanan\u0131 oldu. \u0130n\u015faat sekt\u00f6r\u00fcn\u00fcn \u00f6nde gelen markalar\u0131ndan Invest \u0130n\u015faat, yelken tak\u0131m\u0131 ile bir zafere daha imza att\u0131. Bodrum\u2019da 4 g\u00fcn s\u00fcren s\u0131ral\u0131 [&hellip;]<\/p>\n","protected":false},"author":1,"featured_media":39959,"comment_status":"open","ping_status":"open","sticky":false,"template":"","format":"standard","meta":{"ngg_post_thumbnail":0},"categories":[5388],"tags":[7444,16388],"_links":{"self":[{"href":"https:\/\/emlaktuel.com\/index.php?rest_route=\/wp\/v2\/posts\/39957"}],"collection":[{"href":"https:\/\/emlaktuel.com\/index.php?rest_route=\/wp\/v2\/posts"}],"about":[{"href":"https:\/\/emlaktuel.com\/index.php?rest_route=\/wp\/v2\/types\/post"}],"author":[{"embeddable":true,"href":"https:\/\/emlaktuel.com\/index.php?rest_route=\/wp\/v2\/users\/1"}],"replies":[{"embeddable":true,"href":"https:\/\/emlaktuel.com\/index.php?rest_route=%2Fwp%2Fv2%2Fcomments&post=39957"}],"version-history":[{"count":1,"href":"https:\/\/emlaktuel.com\/index.php?rest_route=\/wp\/v2\/posts\/39957\/revisions"}],"predecessor-version":[{"id":39960,"href":"https:\/\/emlaktuel.com\/index.php?rest_route=\/wp\/v2\/posts\/39957\/revisions\/39960"}],"wp:featuredmedia":[{"embeddable":true,"href":"https:\/\/emlaktuel.com\/index.php?rest_route=\/wp\/v2\/media\/39959"}],"wp:attachment":[{"href":"https:\/\/emlaktuel.com\/index.php?rest_route=%2Fwp%2Fv2%2Fmedia&parent=39957"}],"wp:term":[{"taxonomy":"category","embeddable":true,"href":"https:\/\/emlaktuel.com\/index.php?rest_route=%2Fwp%2Fv2%2Fcategories&post=39957"},{"taxonomy":"post_tag","embeddable":true,"href":"https:\/\/emlaktuel.com\/index.php?rest_route=%2Fwp%2Fv2%2Ftags&post=39957"}],"curies":[{"name":"wp","href":"https:\/\/api.w.org\/{rel}","templated":true}]}}