{"id":39954,"date":"2022-07-29T10:26:55","date_gmt":"2022-07-29T07:26:55","guid":{"rendered":"https:\/\/emlaktuel.com\/?p=39954"},"modified":"2022-07-29T10:26:55","modified_gmt":"2022-07-29T07:26:55","slug":"fuzul-yapinin-basaksehir-avrasya-konutlari-2-projesinin-on-talebe-ozel-kacirilmayacak-firsatlari-devam-ediyor","status":"publish","type":"post","link":"https:\/\/emlaktuel.com\/?p=39954","title":{"rendered":"Fuzul Yap\u0131\u2019n\u0131n Ba\u015fak\u015fehir Avrasya Konutlar\u0131 2 Projesi\u2019nin \u00d6n Talebe \u00d6zel Ka\u00e7\u0131r\u0131lmayacak F\u0131rsatlar\u0131 Devam Ediyor!"},"content":{"rendered":"<p style=\"font-weight: 400;\"><strong>Fuzul Yap\u0131\u2019n\u0131n \u015fehrin yeni merkezi mottolu projesi Ba\u015fak\u015fehir Avrasya Konutlar\u0131 2\u2019nin \u00f6n talep f\u0131rsatlar\u0131 s\u00fcr\u00fcyor.<\/strong><\/p>\n<p style=\"font-weight: 400;\">\u0130stanbul Ba\u015fak\u015fehir\u2019de bir marka h\u00e2line gelen Fuzul Yap\u0131, b\u00f6lgede ger\u00e7ekle\u015ftirdi\u011fi prestijli projelerine bir yenisini daha ekliyor. Fuzul Yap\u0131\u2019n\u0131n Ba\u015fak\u015fehir Avrasya Konutlar\u0131 2 Projesi\u2019nin \u00f6n talep f\u0131rsatlar\u0131ndan yararlanmak isteyenler, lansman \u00f6ncesi avantajl\u0131 fiyatlarla konut sahibi olma imkan\u0131na sahip olacak.<\/p>\n<p style=\"font-weight: 400;\">25 bin metrekare arsa alan\u0131 \u00fczerine in\u015fa edilen ticari ve konut karma yap\u0131lar\u0131ndan olu\u015fan proje, prestijli lokasyonlara, ula\u015f\u0131m ve sa\u011fl\u0131k merkezlerine yak\u0131n konumuyla da dikkatleri \u00fczerine \u00e7ekiyor.<\/p>\n<h2 style=\"font-weight: 400;\"><strong>36 Ay Vade \u0130mk\u00e2n\u0131 Sa\u011fl\u0131yor<\/strong><\/h2>\n<p style=\"font-weight: 400;\">44 adet 1+1, 232 adet 2+1, 116 adet 3+1, 13 adet ise 4+1 daire tipi bulunan projenin 1+1 daire tiplerinin tamam\u0131n\u0131n sat\u0131\u015f\u0131 ger\u00e7ekle\u015ftirildi. Geri kalan dairelerin fiyatlar\u0131 da 3 milyon 120 bin liradan ba\u015flayan fiyatlarla sahiplerini bekliyor. Y\u00fczde 30 pe\u015fin, y\u00fczde 70\u2019i ise 36 ay vadeli \u00f6deme imk\u00e2n\u0131 sunulan proje, yatay mimari konseptine uygun olarak tasarland\u0131. 9 blok ve zemin kat+9 kat \u015feklinde planlanan projenin zemin kat dairelerinin kendilerine has bah\u00e7e kullan\u0131m\u0131 imk\u00e2nlar\u0131 da bulunuyor.<\/p>\n<p style=\"font-weight: 400;\">Bin 400 metrekare alana sahip sosyal tesis alan\u0131 bulunan projede y\u00fczme havuzu, hamam ve saunan\u0131n yan\u0131 s\u0131ra fitness da yer al\u0131yor. Ayr\u0131ca projede toplam 540 ara\u00e7 kapasiteli kapal\u0131 ve a\u00e7\u0131k otopark da bulunuyor.<\/p>\n<p style=\"font-weight: 400;\">&nbsp;<\/p>\n","protected":false},"excerpt":{"rendered":"<p>Fuzul Yap\u0131\u2019n\u0131n \u015fehrin yeni merkezi mottolu projesi Ba\u015fak\u015fehir Avrasya Konutlar\u0131 2\u2019nin \u00f6n talep f\u0131rsatlar\u0131 s\u00fcr\u00fcyor. \u0130stanbul Ba\u015fak\u015fehir\u2019de bir marka h\u00e2line gelen Fuzul Yap\u0131, b\u00f6lgede ger\u00e7ekle\u015ftirdi\u011fi prestijli projelerine bir yenisini daha ekliyor. Fuzul Yap\u0131\u2019n\u0131n Ba\u015fak\u015fehir Avrasya Konutlar\u0131 2 Projesi\u2019nin \u00f6n talep f\u0131rsatlar\u0131ndan yararlanmak isteyenler, lansman \u00f6ncesi avantajl\u0131 fiyatlarla konut sahibi olma imkan\u0131na sahip olacak. 25 bin [&hellip;]<\/p>\n","protected":false},"author":1,"featured_media":39955,"comment_status":"open","ping_status":"open","sticky":false,"template":"","format":"standard","meta":{"ngg_post_thumbnail":0},"categories":[221,5388],"tags":[14424,2935],"_links":{"self":[{"href":"https:\/\/emlaktuel.com\/index.php?rest_route=\/wp\/v2\/posts\/39954"}],"collection":[{"href":"https:\/\/emlaktuel.com\/index.php?rest_route=\/wp\/v2\/posts"}],"about":[{"href":"https:\/\/emlaktuel.com\/index.php?rest_route=\/wp\/v2\/types\/post"}],"author":[{"embeddable":true,"href":"https:\/\/emlaktuel.com\/index.php?rest_route=\/wp\/v2\/users\/1"}],"replies":[{"embeddable":true,"href":"https:\/\/emlaktuel.com\/index.php?rest_route=%2Fwp%2Fv2%2Fcomments&post=39954"}],"version-history":[{"count":1,"href":"https:\/\/emlaktuel.com\/index.php?rest_route=\/wp\/v2\/posts\/39954\/revisions"}],"predecessor-version":[{"id":39956,"href":"https:\/\/emlaktuel.com\/index.php?rest_route=\/wp\/v2\/posts\/39954\/revisions\/39956"}],"wp:featuredmedia":[{"embeddable":true,"href":"https:\/\/emlaktuel.com\/index.php?rest_route=\/wp\/v2\/media\/39955"}],"wp:attachment":[{"href":"https:\/\/emlaktuel.com\/index.php?rest_route=%2Fwp%2Fv2%2Fmedia&parent=39954"}],"wp:term":[{"taxonomy":"category","embeddable":true,"href":"https:\/\/emlaktuel.com\/index.php?rest_route=%2Fwp%2Fv2%2Fcategories&post=39954"},{"taxonomy":"post_tag","embeddable":true,"href":"https:\/\/emlaktuel.com\/index.php?rest_route=%2Fwp%2Fv2%2Ftags&post=39954"}],"curies":[{"name":"wp","href":"https:\/\/api.w.org\/{rel}","templated":true}]}}