{"id":39819,"date":"2022-07-19T11:43:51","date_gmt":"2022-07-19T08:43:51","guid":{"rendered":"https:\/\/emlaktuel.com\/?p=39819"},"modified":"2022-07-19T11:43:51","modified_gmt":"2022-07-19T08:43:51","slug":"avrupa-konutlari-esentepe-projesi-on-satisa-cikti","status":"publish","type":"post","link":"https:\/\/emlaktuel.com\/?p=39819","title":{"rendered":"Avrupa Konutlar\u0131 Esentepe Projesi \u00d6n Sat\u0131\u015fa \u00c7\u0131kt\u0131!"},"content":{"rendered":"<p><strong>Anadolu Yakas\u0131\u2019ndaki ikinci projesini \u2018Avrupa Konutlar\u0131 Esentepe\u2019 markas\u0131yla Kartal\u2019a konumland\u0131ran Arta\u015f \u0130n\u015faat, Betacons ortakl\u0131\u011f\u0131 ile projedeki \u00f6n sat\u0131\u015flar\u0131 ba\u015flatt\u0131. Diledi\u011fi daireye sahip olmak ve \u00f6n sat\u0131\u015f avantajlar\u0131ndan faydalanmak \u00fczere sat\u0131\u015f ofisini dolduran konut al\u0131c\u0131lar\u0131 y\u00fcksek prim potansiyeline sahip projeye yo\u011fun ilgi g\u00f6steriyor. 1+1\u2019den 4+1\u2019e farkl\u0131 konut se\u00e7eneklerinin sunuldu\u011fu projede s\u0131n\u0131rl\u0131 say\u0131da ticari \u00fcnitelerin yan\u0131 s\u0131ra 865 adet daireye yer veriliyor.<\/strong><\/p>\n<p>T\u00fcm projelerini <strong>kalite, g\u00fcven ve memnuniyet<\/strong> \u00fc\u00e7geni \u00fczerine konumland\u0131ran ve \u2018<strong>bulundu\u011fu her yere de\u011fer katan\u2019 Arta\u015f \u0130n\u015faat, <\/strong>\u00dcmraniye\u2019de hayata ge\u00e7irilen Avrupa Konutlar\u0131 Yamanevler\u2019in ard\u0131ndan Anadolu Yakas\u0131\u2019nda merakla beklenen ikinci projesi \u2018Avrupa Konutlar\u0131 Esentepe\u2019yi Betacons ortakl\u0131\u011f\u0131 ile \u00f6n sat\u0131\u015fa sundu.<\/p>\n<p><img loading=\"lazy\" class=\"alignnone size-full wp-image-39821\" src=\"https:\/\/emlaktuel.com\/wp-content\/uploads\/2022\/07\/Avrupa_Konutlari_Esentepe1.jpg\" alt=\"\" width=\"750\" height=\"427\"><\/p>\n<p>Lansman \u00f6ncesi \u00f6n sat\u0131\u015f avantajlar\u0131ndan yararlanmak \u00fczere sat\u0131\u015f ofisini dolduran \u00e7ok say\u0131da konut al\u0131c\u0131s\u0131 y\u00fcksek prim potansiyeline sahip projeye b\u00fcy\u00fck ilgi g\u00f6steriyor.<\/p>\n<p>39 bin 730 metrekare arsa alan\u0131na sahip Avrupa Konutlar\u0131 Esentepe projesi; 12 blokta 865 daire ile s\u0131n\u0131rl\u0131 say\u0131da ticari \u00fcnitelerden olu\u015fuyor.<\/p>\n<h2><strong>Zengin bir sosyal aktivite alanlar\u0131na sahip&nbsp;<\/strong><\/h2>\n<p>Avrupa Konutlar\u0131 Esentepe\u2019de; kapal\u0131 y\u00fczme havuzlar\u0131, fitness, sauna, hamam, \u00e7ocuk oyun alan\u0131 gibi zengin sosyal donat\u0131 alanlar\u0131na yer veriliyor. Projenin yan\u0131 ba\u015f\u0131nda ayr\u0131ca bir kamusal park bulunuyor.<\/p>\n<h2><img loading=\"lazy\" class=\"alignnone size-full wp-image-39822\" src=\"https:\/\/emlaktuel.com\/wp-content\/uploads\/2022\/07\/Avrupa_Konutlari_Esentepe_2.jpg\" alt=\"\" width=\"650\" height=\"487\"><\/h2>\n<h2><strong>Lokasyonla avantaj sa\u011flan\u0131yor&nbsp;<\/strong><\/h2>\n<p>E 5 Karayolunun yan\u0131 ba\u015f\u0131nda y\u00fckselecek olan proje, ula\u015f\u0131m avantaj\u0131 ile de dikkat \u00e7ekiyor.<\/p>\n<p>Metro, deniz otob\u00fcs\u00fc, otob\u00fcs, minib\u00fcs gibi ula\u015f\u0131m a\u011flar\u0131 ile \u00e7evrili bir lokasyonda yer alan Avrupa Konutlar\u0131 Esentepe, e\u011fitim ve sa\u011fl\u0131k kurumlar\u0131n\u0131n yan\u0131 s\u0131ra Kartal Adliyesi\u2019ne yak\u0131n bir konumda bulunuyor.<\/p>\n<p>\u0130n\u015fa \u00e7al\u0131\u015fmalar\u0131n\u0131n ba\u015flad\u0131\u011f\u0131 Avrupa Konutlar\u0131 Esentepe projesinde teslimlerin Temmuz 2024\u2019de yap\u0131lmas\u0131 planlan\u0131yor.<\/p>\n<p>&nbsp;<\/p>\n","protected":false},"excerpt":{"rendered":"<p>Anadolu Yakas\u0131\u2019ndaki ikinci projesini \u2018Avrupa Konutlar\u0131 Esentepe\u2019 markas\u0131yla Kartal\u2019a konumland\u0131ran Arta\u015f \u0130n\u015faat, Betacons ortakl\u0131\u011f\u0131 ile projedeki \u00f6n sat\u0131\u015flar\u0131 ba\u015flatt\u0131. Diledi\u011fi daireye sahip olmak ve \u00f6n sat\u0131\u015f avantajlar\u0131ndan faydalanmak \u00fczere sat\u0131\u015f ofisini dolduran konut al\u0131c\u0131lar\u0131 y\u00fcksek prim potansiyeline sahip projeye yo\u011fun ilgi g\u00f6steriyor. 1+1\u2019den 4+1\u2019e farkl\u0131 konut se\u00e7eneklerinin sunuldu\u011fu projede s\u0131n\u0131rl\u0131 say\u0131da ticari \u00fcnitelerin yan\u0131 s\u0131ra [&hellip;]<\/p>\n","protected":false},"author":1,"featured_media":39820,"comment_status":"open","ping_status":"open","sticky":false,"template":"","format":"standard","meta":{"ngg_post_thumbnail":0},"categories":[221,219,97,5388],"tags":[16338,16340,16341,16339],"_links":{"self":[{"href":"https:\/\/emlaktuel.com\/index.php?rest_route=\/wp\/v2\/posts\/39819"}],"collection":[{"href":"https:\/\/emlaktuel.com\/index.php?rest_route=\/wp\/v2\/posts"}],"about":[{"href":"https:\/\/emlaktuel.com\/index.php?rest_route=\/wp\/v2\/types\/post"}],"author":[{"embeddable":true,"href":"https:\/\/emlaktuel.com\/index.php?rest_route=\/wp\/v2\/users\/1"}],"replies":[{"embeddable":true,"href":"https:\/\/emlaktuel.com\/index.php?rest_route=%2Fwp%2Fv2%2Fcomments&post=39819"}],"version-history":[{"count":2,"href":"https:\/\/emlaktuel.com\/index.php?rest_route=\/wp\/v2\/posts\/39819\/revisions"}],"predecessor-version":[{"id":39824,"href":"https:\/\/emlaktuel.com\/index.php?rest_route=\/wp\/v2\/posts\/39819\/revisions\/39824"}],"wp:featuredmedia":[{"embeddable":true,"href":"https:\/\/emlaktuel.com\/index.php?rest_route=\/wp\/v2\/media\/39820"}],"wp:attachment":[{"href":"https:\/\/emlaktuel.com\/index.php?rest_route=%2Fwp%2Fv2%2Fmedia&parent=39819"}],"wp:term":[{"taxonomy":"category","embeddable":true,"href":"https:\/\/emlaktuel.com\/index.php?rest_route=%2Fwp%2Fv2%2Fcategories&post=39819"},{"taxonomy":"post_tag","embeddable":true,"href":"https:\/\/emlaktuel.com\/index.php?rest_route=%2Fwp%2Fv2%2Ftags&post=39819"}],"curies":[{"name":"wp","href":"https:\/\/api.w.org\/{rel}","templated":true}]}}