{"id":39756,"date":"2022-07-07T17:51:21","date_gmt":"2022-07-07T14:51:21","guid":{"rendered":"https:\/\/emlaktuel.com\/?p=39756"},"modified":"2022-07-07T17:51:21","modified_gmt":"2022-07-07T14:51:21","slug":"bayram-oncesi-ikinci-el-arac-piyasasi-hareketlendi","status":"publish","type":"post","link":"https:\/\/emlaktuel.com\/?p=39756","title":{"rendered":"Bayram \u00f6ncesi ikinci el ara\u00e7 piyasas\u0131 hareketlendi\u00a0"},"content":{"rendered":"<p><strong>Al\u0131\u015fveri\u015f ihtiyac\u0131n\u0131n artt\u0131\u011f\u0131 \u00f6zel g\u00fcnler, e-ticaret siteleri i\u00e7in b\u00fcy\u00fck \u00f6nem ta\u015f\u0131yor. Bu d\u00f6nemde hareketlenen piyasalar beraberinde \u00e7ok say\u0131da sekt\u00f6r\u00fc de canland\u0131r\u0131rken, do\u011fru stratejiler ile ilerleyen e-ticaret siteleri cirolar\u0131n\u0131 katlayabiliyor.&nbsp;<\/strong><\/p>\n<p><strong>Yeni nesil al\u0131\u015fveri\u015f deneyimi sunan BiTeklifAt uygulamas\u0131n\u0131n kurucular\u0131ndan \u0130smail Konur, Kurban Bayram\u0131 \u00f6ncesi pazarda ya\u015fanan hareketlenmeler hakk\u0131nda a\u00e7\u0131klamalarda bulundu. Bayram \u00f6ncesinde ikinci el araba ve motor sat\u0131\u015flar\u0131na olan talebin artt\u0131\u011f\u0131n\u0131 belirten Konur, \u00f6zellikle ikinci el otomobil kategorisinde ciddi art\u0131\u015f ya\u015fand\u0131\u011f\u0131n\u0131n alt\u0131n\u0131 \u00e7iziyor. 30 y\u0131l\u0131 a\u015fk\u0131n koleksiyonluk modeller ve ikinci el ara\u00e7lar, ilk s\u0131ralarda yer al\u0131yor. Bu kategoride fiyatlar ise, 51 bin TL\u2019den 1 milyon TL\u2019ye kadar uzan\u0131yor.<\/strong><\/p>\n<p>Yenilik\u00e7i bir a\u00e7\u0131k art\u0131rma deneyimi ile online al\u0131\u015fveri\u015f yapma imkan\u0131 sunan BiTeklifAt, g\u00fcvenli \u00f6deme ve kargo \u00f6zelli\u011fi ile kullan\u0131c\u0131lar\u0131n\u0131 ba\u015ftan sona m\u00fckemmel bir al\u0131\u015fveri\u015f yolculu\u011funa davet ediyor.&nbsp;<\/p>\n<p>\u00d6zel g\u00fcnlerde hareketlenen sekt\u00f6rlerin ba\u015f\u0131nda gelen e-ticaret, beraberinde \u00e7ok say\u0131da piyasay\u0131 da canland\u0131r\u0131yor. S\u0131f\u0131r veya ikinci el \u00fcr\u00fcnlerin a\u00e7\u0131k art\u0131rma ile al\u0131n\u0131p sat\u0131ld\u0131\u011f\u0131 online bir pazaryeri olan BiTeklifAt uygulamas\u0131 kurucular\u0131ndan \u0130smail Konur, Kurban Bayram\u0131 \u00f6ncesi otomobil pazar\u0131nda dikkat \u00e7eken hareketlenmeler hakk\u0131nda a\u00e7\u0131klamalarda bulundu.<\/p>\n<h2><strong>En \u00e7ok talep, Ege ve Marmara B\u00f6lgesi\u2019nden<\/strong><\/h2>\n<p>\u0130lan ekleyenlerin b\u00fcy\u00fck bir \u00e7o\u011funlu\u011fun Ege ve Marmara B\u00f6lgesi\u2019nde ya\u015fad\u0131\u011f\u0131n\u0131n alt\u0131n\u0131 \u00e7izen Konur, \u201cEn \u00e7ok ilgi g\u00f6sterilenler aras\u0131nda, 30 y\u0131ll\u0131k modeller ve ikinci el ara\u00e7lar yer al\u0131yor. Bu kategoride fiyatlar ise, 51 bin TL\u2019den 1 milyon TL\u2019ye kadar uzan\u0131yor\u201d a\u00e7\u0131klamas\u0131nda bulundu.&nbsp;<\/p>\n<h2><strong>Arac\u0131n\u0131z\u0131 y\u00fcksek fiyatta g\u00f6stermeyin<\/strong><\/h2>\n<p>A\u00e7\u0131k art\u0131rma sisteminin, kullan\u0131c\u0131lara \u00e7ok say\u0131da fayda sa\u011flad\u0131\u011f\u0131n\u0131n alt\u0131n\u0131 \u00e7izen Konur, sat\u0131c\u0131lara ara\u00e7lar\u0131n\u0131 do\u011fru fiyata satmalar\u0131 konusunda \u015fu tavsiyelerde bulundu: \u201cArac\u0131n\u0131z\u0131 a\u00e7\u0131k art\u0131rmaya \u00e7ok y\u00fcksek fiyatlardan veya \u00e7ok d\u00fc\u015f\u00fck fiyatlardan eklemeyin Satmay\u0131 d\u00fc\u015f\u00fcnd\u00fc\u011f\u00fcn\u00fcz bir fiyat aral\u0131\u011f\u0131 var ise, ondan daha d\u00fc\u015f\u00fck bir fiyata ekleyin ve a\u00e7\u0131k art\u0131rman\u0131n keyfini \u00e7\u0131kar\u0131n.&nbsp;Ayr\u0131ca, arac\u0131n\u0131z\u0131 satarken \u00e7ok yava\u015f olmay\u0131n ve gelen teklifleri mutlaka de\u011ferlendirin. Uygulama i\u00e7erisinde di\u011fer ilanlar\u0131n \u00f6n\u00fcne ge\u00e7mek i\u00e7in, \u00f6ne \u00e7\u0131karma paketi de sat\u0131n alabilirsiniz.\u201d<\/p>\n<p><strong><u>BiTeklifAt hakk\u0131nda:<\/u><\/strong><\/p>\n<p>2022\u2019de kullan\u0131ma a\u00e7\u0131lan yeni nesil al\u0131\u015fveri\u015f deneyimi sunan BiTeklifAt, s\u0131f\u0131r veya ikinci el \u00fcr\u00fcnlerin a\u00e7\u0131k art\u0131rma ile al\u0131n\u0131p sat\u0131ld\u0131\u011f\u0131 online bir pazaryeridir. \u00dccretsiz olarak \u00fcr\u00fcn listelenebilen BiTeklifAt, sorunsuz \u00f6deme ve kargo i\u015f birli\u011fiyle g\u00fcvenli bir al\u0131\u015fveri\u015f imkan\u0131 sa\u011flar.&nbsp;Kullan\u0131c\u0131lar\u0131na yenilik\u00e7i bir a\u00e7\u0131k art\u0131rma deneyimi sunan marka,&nbsp;online al\u0131\u015fveri\u015fe yeni bir vizyon katma amac\u0131yla faaliyetlerini s\u00fcrd\u00fcrmektedir. Kullan\u0131c\u0131 say\u0131s\u0131n\u0131 h\u0131zla artt\u0131ran&nbsp;BiTeklifAt,&nbsp;kullan\u0131c\u0131lar\u0131na geni\u015f kitlelerden&nbsp;teklif alma ve en ideal fiyata \u00fcr\u00fcn satma imkan\u0131 sunar.&nbsp;A\u00e7\u0131k art\u0131rman\u0131n g\u00fcc\u00fcnden yararlanarak \u00fcr\u00fcnlerin kolay ve h\u0131zl\u0131 \u015fekilde sat\u0131lmas\u0131n\u0131 sa\u011flayan marka, tekd\u00fcze al\u0131\u015fveri\u015f yerine mobil a\u00e7\u0131k art\u0131rma alan\u0131nda rekabete dayal\u0131, keyifli bir sat\u0131n alma deneyimi ya\u015fatmaktad\u0131r.&nbsp;<\/p>\n","protected":false},"excerpt":{"rendered":"<p>Al\u0131\u015fveri\u015f ihtiyac\u0131n\u0131n artt\u0131\u011f\u0131 \u00f6zel g\u00fcnler, e-ticaret siteleri i\u00e7in b\u00fcy\u00fck \u00f6nem ta\u015f\u0131yor. Bu d\u00f6nemde hareketlenen piyasalar beraberinde \u00e7ok say\u0131da sekt\u00f6r\u00fc de canland\u0131r\u0131rken, do\u011fru stratejiler ile ilerleyen e-ticaret siteleri cirolar\u0131n\u0131 katlayabiliyor.&nbsp; Yeni nesil al\u0131\u015fveri\u015f deneyimi sunan BiTeklifAt uygulamas\u0131n\u0131n kurucular\u0131ndan \u0130smail Konur, Kurban Bayram\u0131 \u00f6ncesi pazarda ya\u015fanan hareketlenmeler hakk\u0131nda a\u00e7\u0131klamalarda bulundu. Bayram \u00f6ncesinde ikinci el araba ve motor [&hellip;]<\/p>\n","protected":false},"author":1,"featured_media":39757,"comment_status":"open","ping_status":"open","sticky":false,"template":"","format":"standard","meta":{"ngg_post_thumbnail":0},"categories":[26],"tags":[16332,16333],"_links":{"self":[{"href":"https:\/\/emlaktuel.com\/index.php?rest_route=\/wp\/v2\/posts\/39756"}],"collection":[{"href":"https:\/\/emlaktuel.com\/index.php?rest_route=\/wp\/v2\/posts"}],"about":[{"href":"https:\/\/emlaktuel.com\/index.php?rest_route=\/wp\/v2\/types\/post"}],"author":[{"embeddable":true,"href":"https:\/\/emlaktuel.com\/index.php?rest_route=\/wp\/v2\/users\/1"}],"replies":[{"embeddable":true,"href":"https:\/\/emlaktuel.com\/index.php?rest_route=%2Fwp%2Fv2%2Fcomments&post=39756"}],"version-history":[{"count":1,"href":"https:\/\/emlaktuel.com\/index.php?rest_route=\/wp\/v2\/posts\/39756\/revisions"}],"predecessor-version":[{"id":39758,"href":"https:\/\/emlaktuel.com\/index.php?rest_route=\/wp\/v2\/posts\/39756\/revisions\/39758"}],"wp:featuredmedia":[{"embeddable":true,"href":"https:\/\/emlaktuel.com\/index.php?rest_route=\/wp\/v2\/media\/39757"}],"wp:attachment":[{"href":"https:\/\/emlaktuel.com\/index.php?rest_route=%2Fwp%2Fv2%2Fmedia&parent=39756"}],"wp:term":[{"taxonomy":"category","embeddable":true,"href":"https:\/\/emlaktuel.com\/index.php?rest_route=%2Fwp%2Fv2%2Fcategories&post=39756"},{"taxonomy":"post_tag","embeddable":true,"href":"https:\/\/emlaktuel.com\/index.php?rest_route=%2Fwp%2Fv2%2Ftags&post=39756"}],"curies":[{"name":"wp","href":"https:\/\/api.w.org\/{rel}","templated":true}]}}