{"id":39728,"date":"2022-07-06T14:55:35","date_gmt":"2022-07-06T11:55:35","guid":{"rendered":"https:\/\/emlaktuel.com\/?p=39728"},"modified":"2022-07-06T14:55:35","modified_gmt":"2022-07-06T11:55:35","slug":"nissan-ariya-yilin-otomobili-secildi","status":"publish","type":"post","link":"https:\/\/emlaktuel.com\/?p=39728","title":{"rendered":"Nissan Ariya Y\u0131l\u0131n Otomobili Se\u00e7ildi"},"content":{"rendered":"<p><strong>\u0130ngiltere merkezli Auto Express Dergisi\u2019nin 2022 Y\u0131l\u0131n Otomobili \u00d6d\u00fcl\u00fc\u2019n\u00fc tamamen elektrikli Nissan Ariya kazand\u0131.<\/strong><\/p>\n<p><em>&nbsp;<\/em>Nissan, k\u00f6kl\u00fc miras\u0131na sad\u0131k kalarak gelece\u011fin teknolojisini tasarlad\u0131\u011f\u0131 tamamen elektrikli Ariya ile Auto Express Dergisi taraf\u0131ndan m\u00fckemmel elektrikli ara\u00e7 \u00f6d\u00fcl\u00fcn\u00fc hak etti.<\/p>\n<p><img loading=\"lazy\" class=\"alignnone size-full wp-image-39730\" src=\"https:\/\/emlaktuel.com\/wp-content\/uploads\/2022\/07\/Nissan_Ariya_2022_.jpg\" alt=\"\" width=\"650\" height=\"343\"><\/p>\n<p>Tam elektrikli modellerin yayg\u0131nla\u015fmas\u0131yla son y\u0131llarda otomotiv pazar\u0131ndaki de\u011fi\u015fimler dikkat \u00e7ekerken, performans, konfor, teknoloji, menzil gibi fark yaratan donan\u0131mlar\u0131yla tamamen elektrikli Nissan Ariya, dinamik s\u00fcr\u00fc\u015f performans\u0131 sundu\u011fu Nissan&#8217;\u0131n Japon DNA&#8217;s\u0131 ve segmentindeki en geni\u015f i\u00e7 mekanlardan birine sahip olmas\u0131yla j\u00fcrinin dikkatini \u00e7ekti.<\/p>\n<p>Ariya, sahip oldu\u011fu premium hissiyat\u0131 ve 2WD 63kWh modeliyle dahi sahip oldu\u011fu iddial\u0131 menziliyle fark yaratt\u0131. D\u00f6rt tekerlekten \u00e7eki\u015fli e-4ORCE g\u00fc\u00e7 aktarma sistemine sahip Ariya g\u00fc\u00e7l\u00fc bir performans sunuyor. Teknik \u00f6zelliklerine ek olarak&nbsp;\u00e7arp\u0131c\u0131 d\u0131\u015f ve i\u00e7 tasar\u0131m\u0131, Nissan&#8217;\u0131n estetik ile i\u015flevselli\u011fi birle\u015ftiren Japon F\u00fct\u00fcrizm felsefesini somutla\u015ft\u0131rarak elektrikli SUV\u2019u yeniden tan\u0131ml\u0131yor.&nbsp;<\/p>\n<p><img loading=\"lazy\" class=\"alignnone size-full wp-image-39731\" src=\"https:\/\/emlaktuel.com\/wp-content\/uploads\/2022\/07\/Nissan_Ariya_2022_I.jpg\" alt=\"\" width=\"650\" height=\"433\"><\/p>\n<p>Nissan&nbsp;Ariya\u2019n\u0131n fark yaratan tasar\u0131m\u0131nda incelik ve konforun \u00f6n planda tutuldu\u011fu i\u00e7 mek\u00e2n\u0131, kendi segmentinde en geni\u015f kabin hacmi ile t\u00fcm yolcular i\u00e7in bir \u00fcst segmentteki kadar geni\u015f ya\u015fam alan\u0131 sa\u011fl\u0131yor. Zero Gravity havaland\u0131rmal\u0131 koltuklar ve \u00f6rnek te\u015fkil eden diz mesafesinden panoramik a\u00e7\u0131l\u0131r tavana ve elektrikli ayarlanabilir orta konsola kadar Ariya&#8217;n\u0131n tasar\u0131m\u0131, ara\u00e7larda konfor ve s\u0131n\u0131f\u0131n birbirini d\u0131\u015flad\u0131\u011f\u0131 anlay\u0131\u015f\u0131n\u0131 yeniden tan\u0131ml\u0131yor<\/p>\n","protected":false},"excerpt":{"rendered":"<p>\u0130ngiltere merkezli Auto Express Dergisi\u2019nin 2022 Y\u0131l\u0131n Otomobili \u00d6d\u00fcl\u00fc\u2019n\u00fc tamamen elektrikli Nissan Ariya kazand\u0131. &nbsp;Nissan, k\u00f6kl\u00fc miras\u0131na sad\u0131k kalarak gelece\u011fin teknolojisini tasarlad\u0131\u011f\u0131 tamamen elektrikli Ariya ile Auto Express Dergisi taraf\u0131ndan m\u00fckemmel elektrikli ara\u00e7 \u00f6d\u00fcl\u00fcn\u00fc hak etti. Tam elektrikli modellerin yayg\u0131nla\u015fmas\u0131yla son y\u0131llarda otomotiv pazar\u0131ndaki de\u011fi\u015fimler dikkat \u00e7ekerken, performans, konfor, teknoloji, menzil gibi fark yaratan donan\u0131mlar\u0131yla [&hellip;]<\/p>\n","protected":false},"author":1,"featured_media":39729,"comment_status":"open","ping_status":"open","sticky":false,"template":"","format":"standard","meta":{"ngg_post_thumbnail":0},"categories":[5215,5388],"tags":[],"_links":{"self":[{"href":"https:\/\/emlaktuel.com\/index.php?rest_route=\/wp\/v2\/posts\/39728"}],"collection":[{"href":"https:\/\/emlaktuel.com\/index.php?rest_route=\/wp\/v2\/posts"}],"about":[{"href":"https:\/\/emlaktuel.com\/index.php?rest_route=\/wp\/v2\/types\/post"}],"author":[{"embeddable":true,"href":"https:\/\/emlaktuel.com\/index.php?rest_route=\/wp\/v2\/users\/1"}],"replies":[{"embeddable":true,"href":"https:\/\/emlaktuel.com\/index.php?rest_route=%2Fwp%2Fv2%2Fcomments&post=39728"}],"version-history":[{"count":1,"href":"https:\/\/emlaktuel.com\/index.php?rest_route=\/wp\/v2\/posts\/39728\/revisions"}],"predecessor-version":[{"id":39732,"href":"https:\/\/emlaktuel.com\/index.php?rest_route=\/wp\/v2\/posts\/39728\/revisions\/39732"}],"wp:featuredmedia":[{"embeddable":true,"href":"https:\/\/emlaktuel.com\/index.php?rest_route=\/wp\/v2\/media\/39729"}],"wp:attachment":[{"href":"https:\/\/emlaktuel.com\/index.php?rest_route=%2Fwp%2Fv2%2Fmedia&parent=39728"}],"wp:term":[{"taxonomy":"category","embeddable":true,"href":"https:\/\/emlaktuel.com\/index.php?rest_route=%2Fwp%2Fv2%2Fcategories&post=39728"},{"taxonomy":"post_tag","embeddable":true,"href":"https:\/\/emlaktuel.com\/index.php?rest_route=%2Fwp%2Fv2%2Ftags&post=39728"}],"curies":[{"name":"wp","href":"https:\/\/api.w.org\/{rel}","templated":true}]}}