{"id":39711,"date":"2022-07-06T13:38:16","date_gmt":"2022-07-06T10:38:16","guid":{"rendered":"https:\/\/emlaktuel.com\/?p=39711"},"modified":"2022-07-06T13:38:41","modified_gmt":"2022-07-06T10:38:41","slug":"istanbulda-15-ilcede-mahalleler-yeni-yabanci-ikametine-kapatildi","status":"publish","type":"post","link":"https:\/\/emlaktuel.com\/?p=39711","title":{"rendered":"\u0130stanbul&#8217;da 15 \u0130l\u00e7ede Mahalleler Yeni Yabanc\u0131 \u0130kametine Kapat\u0131ld\u0131"},"content":{"rendered":"<p style=\"font-weight: 400;\"><strong><em>Kiralar\u0131n \u00f6nlenemez y\u00fckseli\u015fi ve baz\u0131 mahallelerde yabanc\u0131lara ait gettolar\u0131n olu\u015fmas\u0131 \u00fczerine G\u00f6\u00e7 \u0130daresi Ba\u015fkanl\u0131\u011f\u0131 1169 mahalleyi yeni yabanc\u0131 ikametine kapatt\u0131. \u0130STO\u00c7 \u0130\u015f adamlar\u0131 Derne\u011fi Y\u00f6netim Kurulu \u00dcyesi \u015eenay Ara\u00e7 Demir, yabanc\u0131 g\u00f6\u00e7\u00fcnden en fazla etkilenen \u0130stanbul\u2019da 15 il\u00e7e, Antalya\u2019da 2 il\u00e7ede yeni yabanc\u0131lar\u0131n kiralama yapamayaca\u011f\u0131n\u0131 belirterek, bu durumun kira fiyatlar\u0131n\u0131 dengeleyece\u011fini s\u00f6yledi. \u015eenay Ara\u00e7 Demir, hem ev sahipleri hem de yabanc\u0131lara y\u00f6nelik uyar\u0131larda bulundu.<\/em><\/strong><\/p>\n<p style=\"font-weight: 400;\">Kiralar\u0131n \u00f6nlenemez y\u00fckseli\u015fi ve baz\u0131 mahallelerde yabanc\u0131lara ait gettolar\u0131n olu\u015fmas\u0131 \u00fczerine G\u00f6\u00e7 \u0130daresi Ba\u015fkanl\u0131\u011f\u0131 1 Temmuz 2022 itibariyle T\u00fcrkiye\u2019de 1169 mahalleyi yeni yabanc\u0131 ikametine kapatt\u0131. Karar\u0131 de\u011ferlendiren \u0130STO\u00c7 \u0130\u015f adamlar\u0131 Derne\u011fi Y\u00f6netim Kurulu \u00dcyesi \u015eenay Ara\u00e7 Demir, yabanc\u0131 g\u00f6\u00e7\u00fcnden en fazla etkilenen \u0130stanbul\u2019da 15 il\u00e7e, Antalya\u2019da 2 il\u00e7ede yeni yabanc\u0131lar\u0131n kiralama yapamayaca\u011f\u0131n\u0131 belirterek, bu durumun kira fiyatlar\u0131n\u0131 dengeleyece\u011fini s\u00f6yledi.<\/p>\n<p style=\"font-weight: 400;\">\u015eenay Ara\u00e7 Demir, \u201cBaz\u0131 il\u00e7elerde toplam n\u00fcfusun y\u00fczde 25\u2019ini yabanc\u0131lar\u0131n olu\u015fturmas\u0131 \u00fczerine kanun maddesine dayanarak b\u00f6yle bir karar al\u0131nd\u0131. \u0130stanbul\u2019da Fatih\u2019te 13, Beyo\u011flu\u2019nda 10, Esenyurt\u2019ta 8 mahalle bu karardan etkilenecek. Yabanc\u0131lar m\u00fclk sat\u0131n alsa bile bu il\u00e7elerde oturma izni alamayacak. Art\u0131k ev sahipleri nas\u0131lsa yabanc\u0131lara istedi\u011fim fiyata kiralar\u0131m veya satar\u0131m diyerek fiyatlar\u0131 daha fazla y\u00fckseltemeyecek. Belki yabanc\u0131 uyruklu ki\u015filer ba\u015fka il\u00e7elere y\u00f6nelebilir ama o il\u00e7elerin de yabanc\u0131 n\u00fcfusu y\u00fczde 20 ile s\u0131n\u0131rland\u0131r\u0131laca\u011f\u0131 i\u00e7in, yeni kapatma karar\u0131 al\u0131nabilir. M\u00fclk sahipleri art\u0131k elini ba\u015f\u0131na koyup bu konuyu biraz daha d\u00fc\u015f\u00fcnmeli\u201d diye konu\u015ftu.<\/p>\n<p style=\"font-weight: 400;\">\u0130STO\u00c7 \u0130\u015f adamlar\u0131 Derne\u011fi Y\u00f6netim Kurulu \u00dcyesi \u015eenay Ara\u00e7 Demir, ayr\u0131ca f\u0131rsat\u00e7\u0131 bir anlay\u0131\u015fla \u00e7ok y\u00fcksek bedellerden kiralama yapan ev sahiplerinin bug\u00fcnlerde pi\u015fmanl\u0131k ya\u015fad\u0131\u011f\u0131n\u0131 da s\u00f6yledi. \u015eenay Ara\u00e7 Demir \u201cHemen ev bulma tela\u015f\u0131 ile yabanc\u0131 uyruklular fiyat\u0131na bakmaks\u0131z\u0131n evleri tuttular ama \u015fimdi \u00f6zellikle Antalya, Alanya\u2019dan gelen haberler kiralar\u0131n \u00f6denemedi\u011fi y\u00f6n\u00fcnde. Hatta yabanc\u0131lara y\u00f6nelik sosyal medya platformlar\u0131 takip edilirse g\u00f6r\u00fclecek ki onlar kiralad\u0131klar\u0131 daireleri kendileri ba\u015fkalar\u0131na kiraya vermeye ba\u015flad\u0131lar\u201d dedi.<\/p>\n<p style=\"font-weight: 400;\">Gayrimenkul yat\u0131r\u0131m\u0131 yapacak yabanc\u0131lar\u0131n kapal\u0131 olan mahallelerle ilgili do\u011fru bilgilendirilmesi gerekti\u011fini de hat\u0131rlatan \u015eenay Ara\u00e7 Demir, bu mahallelerde art\u0131k ikamet i\u00e7in uygunluk belgesi verilmeyece\u011fini s\u00f6yledi. Demir \u201cAncak daha \u00f6nce tapusunu alm\u0131\u015f yabanc\u0131lar endi\u015fe etmemeli, \u00e7\u00fcnk\u00fc onlar oturma izni yenilemelerini almaya devam edebilecek\u201d dedi.<\/p>\n<p style=\"font-weight: 400;\">&nbsp;<\/p>\n<p style=\"font-weight: 400;\">&nbsp;<\/p>\n","protected":false},"excerpt":{"rendered":"<p>Kiralar\u0131n \u00f6nlenemez y\u00fckseli\u015fi ve baz\u0131 mahallelerde yabanc\u0131lara ait gettolar\u0131n olu\u015fmas\u0131 \u00fczerine G\u00f6\u00e7 \u0130daresi Ba\u015fkanl\u0131\u011f\u0131 1169 mahalleyi yeni yabanc\u0131 ikametine kapatt\u0131. \u0130STO\u00c7 \u0130\u015f adamlar\u0131 Derne\u011fi Y\u00f6netim Kurulu \u00dcyesi \u015eenay Ara\u00e7 Demir, yabanc\u0131 g\u00f6\u00e7\u00fcnden en fazla etkilenen \u0130stanbul\u2019da 15 il\u00e7e, Antalya\u2019da 2 il\u00e7ede yeni yabanc\u0131lar\u0131n kiralama yapamayaca\u011f\u0131n\u0131 belirterek, bu durumun kira fiyatlar\u0131n\u0131 dengeleyece\u011fini s\u00f6yledi. \u015eenay Ara\u00e7 Demir, [&hellip;]<\/p>\n","protected":false},"author":1,"featured_media":39339,"comment_status":"open","ping_status":"open","sticky":false,"template":"","format":"standard","meta":{"ngg_post_thumbnail":0},"categories":[97,5388],"tags":[],"_links":{"self":[{"href":"https:\/\/emlaktuel.com\/index.php?rest_route=\/wp\/v2\/posts\/39711"}],"collection":[{"href":"https:\/\/emlaktuel.com\/index.php?rest_route=\/wp\/v2\/posts"}],"about":[{"href":"https:\/\/emlaktuel.com\/index.php?rest_route=\/wp\/v2\/types\/post"}],"author":[{"embeddable":true,"href":"https:\/\/emlaktuel.com\/index.php?rest_route=\/wp\/v2\/users\/1"}],"replies":[{"embeddable":true,"href":"https:\/\/emlaktuel.com\/index.php?rest_route=%2Fwp%2Fv2%2Fcomments&post=39711"}],"version-history":[{"count":1,"href":"https:\/\/emlaktuel.com\/index.php?rest_route=\/wp\/v2\/posts\/39711\/revisions"}],"predecessor-version":[{"id":39712,"href":"https:\/\/emlaktuel.com\/index.php?rest_route=\/wp\/v2\/posts\/39711\/revisions\/39712"}],"wp:featuredmedia":[{"embeddable":true,"href":"https:\/\/emlaktuel.com\/index.php?rest_route=\/wp\/v2\/media\/39339"}],"wp:attachment":[{"href":"https:\/\/emlaktuel.com\/index.php?rest_route=%2Fwp%2Fv2%2Fmedia&parent=39711"}],"wp:term":[{"taxonomy":"category","embeddable":true,"href":"https:\/\/emlaktuel.com\/index.php?rest_route=%2Fwp%2Fv2%2Fcategories&post=39711"},{"taxonomy":"post_tag","embeddable":true,"href":"https:\/\/emlaktuel.com\/index.php?rest_route=%2Fwp%2Fv2%2Ftags&post=39711"}],"curies":[{"name":"wp","href":"https:\/\/api.w.org\/{rel}","templated":true}]}}