{"id":39622,"date":"2022-07-01T20:03:28","date_gmt":"2022-07-01T17:03:28","guid":{"rendered":"https:\/\/emlaktuel.com\/?p=39622"},"modified":"2022-07-01T20:05:09","modified_gmt":"2022-07-01T17:05:09","slug":"39622","status":"publish","type":"post","link":"https:\/\/emlaktuel.com\/?p=39622","title":{"rendered":"Asgar \u00fccrete y\u00fczde 30 zam yap\u0131ld\u0131, 5.500 TL oldu"},"content":{"rendered":"<div class=\"td_block_wrap tdb_single_content tdi_75 td-pb-border-top td_block_template_1 td-post-content tagdiv-type\" data-td-block-uid=\"tdi_75\">\n<div class=\"tdb-block-inner td-fix-index\">\n<p>Bug\u00fcn A\u00e7\u0131kland\u0131 ve \u00fclkemizde 2022 Temmuz ay\u0131ndan itibaren yeni asgari \u00fccret y\u00fczde 30 zam ile 5 bin 500 TLye \u00e7\u0131kar\u0131ld\u0131. Ayt\u0131ca devlet i\u015fverene de 100 TL destek verecek.<\/p>\n<p>1 Temmuz 2022&#8217;den itibaren ge\u00e7erli olacak olan asgari \u00fccret Cumhurba\u015fkan\u0131 Recep Tayyip Erdo\u011fan\u2019\u0131n kat\u0131ld\u0131\u011f\u0131 Dolmabah\u00e7e \u00c7al\u0131\u015fma Ofisi\u2019nde yap\u0131lan toplant\u0131da herkese duyuruldu. \u00c7al\u0131\u015fma ve Sosyal G\u00fcvenlik Bakan\u0131 Vedat Bilgin, toplant\u0131da \u00e7al\u0131\u015fanlar\u0131n \u00fccretlerinden asgari \u00fccret kadar vergi indirimi uygulamas\u0131n\u0131n da devam edece\u011fini s\u00f6yledi.<\/p>\n<p>Bakan Vedat Bilgin\u2019in ard\u0131ndan T\u0130SK Ba\u015fkan\u0131 \u00d6zg\u00fcr Burak Akkol konu\u015ftu. Akkol, verilecek olan asgari \u00fccretin taban \u00fccret oldu\u011funu, ortalama bir \u00fccret olmad\u0131\u011f\u0131n\u0131 s\u00f6yledi.&nbsp;<\/p>\n<p>Cumhurba\u015fkan\u0131 Erdo\u011fan \u015f\u00f6yle konu\u015ftu:<\/p>\n<p><em>\u201cT\u00fcrkiye maruz kald\u0131\u011f\u0131 ekonomik tuzaklara kar\u015f\u0131 kendi kurdu\u011fu program\u0131 y\u00fcr\u00fctmektedir. Yeni durumun en somut olumsuz durumunu kurdaki ve enflasyondaki olumsuzlukla ya\u015fad\u0131k. Esasen enflasyon t\u00fcm d\u00fcnyan\u0131n \u00f6ncelikli sorunudur. <\/em><em>Bizim kendi al\u0131\u015fkanl\u0131klar\u0131m\u0131z nedeniyle \u00fclkemizde enflasyon elbette farkl\u0131 tezah\u00fcr etmektedir. Ancak insanlar\u0131n hayatlar\u0131na etkisi ayn\u0131d\u0131r. Bu anlay\u0131\u015fla, as\u0131l dikkatimizi ve \u00f6nceli\u011fimiz kendi vatanda\u015flar\u0131m\u0131z\u0131n sorunlar\u0131na verdik.<\/em><\/p>\n<p><em>Karadeniz\u2019in kuzeyindeki sava\u015f\u0131n ba\u015f\u0131ndan beri t\u00fcm taraflarla diyalo\u011fu, bar\u0131\u015fa katk\u0131 vermeyi hedefleyen bir \u00fclke olduk. Tabii t\u00fcm bunlar\u0131 yaparken vatanda\u015flar\u0131m\u0131z\u0131n g\u00fcnl\u00fck hayatlar\u0131nda fahi\u015f fiyat art\u0131\u015flar\u0131n\u0131 asla g\u00f6rmezden gelmedik. <\/em><em>\u00c7al\u0131\u015fanlar\u0131m\u0131z ba\u015fta olmak \u00fczere pek \u00e7ok tedbiri g\u00fcndeme ald\u0131k, almaya devam ediyoruz. \u00c7arklar\u0131n durmas\u0131na , istihdam\u0131n gerilmesine izin vermedik. \u0130stihdam\u0131n 30.5 milyona yakla\u015fmas\u0131 bu \u00e7abalar\u0131m\u0131z\u0131 \u00fcr\u00fcn\u00fcd\u00fcr.<\/em><\/p>\n<p><em>Engellisinden ya\u015fl\u0131s\u0131na kimsesizine kadar t\u00fcm dezavantajl\u0131 gruplar\u0131n \u00fczerine titriyoruz. Bir di\u011fer amac\u0131m\u0131z hayat pahal\u0131l\u0131\u011f\u0131 kar\u015f\u0131s\u0131nda enflasyona kar\u015f\u0131 desteklemektir. <\/em><em>Asgari \u00fccret tespit komisyonumuzun takdire \u015fayan \u00e7al\u0131\u015fmalar\u0131yla y\u00fczde 50 gibi \u00f6nemli bir art\u0131\u015f yap\u0131ld\u0131. Bunun getirdi\u011fi y\u00fck\u00fcn tamam\u0131n\u0131 da i\u015fverenin \u00fczerine y\u0131kmad\u0131k. Aral\u0131k-Ocak aylar\u0131n\u0131n enflasyonda yol a\u00e7t\u0131\u011f\u0131 kamburun art\u0131\u015f\u0131n yetersiz kalmas\u0131na yol a\u00e7t\u0131\u011f\u0131n\u0131 tespit ettik. <\/em><em>Kamu \u00e7al\u0131\u015fanlar\u0131m\u0131z\u0131n emeklilerimizin maa\u015flar\u0131na y\u00fczde 40\u2019\u0131n \u00fczerinde enflasyon fark\u0131 art\u0131\u015f\u0131 zaten yap\u0131lacak. Asgari \u00fccretlilerin kay\u0131plar\u0131n\u0131 telafi etmeyi uygun g\u00f6rd\u00fck. Komisyonu toplant\u0131ya \u00e7a\u011f\u0131rd\u0131k. <\/em><em>Yeni bir asgari \u00fccret rakam\u0131 belirledik. Yeni asgari \u00fccret Temmuz ay\u0131ndan itibaren y\u00fczde 30 oran\u0131nda ara art\u0131\u015f yap\u0131yoruz. Yeni asgari \u00fccret net 5500 lira olacakt\u0131r.\u201d<\/em><\/p>\n<\/div>\n<\/div>\n<div class=\"wpb_wrapper td_block_separator td_block_wrap vc_separator tdi_80 td_separator_solid td_separator_center\">&nbsp;<\/div>\n","protected":false},"excerpt":{"rendered":"<p>Bug\u00fcn A\u00e7\u0131kland\u0131 ve \u00fclkemizde 2022 Temmuz ay\u0131ndan itibaren yeni asgari \u00fccret y\u00fczde 30 zam ile 5 bin 500 TLye \u00e7\u0131kar\u0131ld\u0131. Ayt\u0131ca devlet i\u015fverene de 100 TL destek verecek. 1 Temmuz 2022&#8217;den itibaren ge\u00e7erli olacak olan asgari \u00fccret Cumhurba\u015fkan\u0131 Recep Tayyip Erdo\u011fan\u2019\u0131n kat\u0131ld\u0131\u011f\u0131 Dolmabah\u00e7e \u00c7al\u0131\u015fma Ofisi\u2019nde yap\u0131lan toplant\u0131da herkese duyuruldu. \u00c7al\u0131\u015fma ve Sosyal G\u00fcvenlik Bakan\u0131 Vedat [&hellip;]<\/p>\n","protected":false},"author":1,"featured_media":11332,"comment_status":"open","ping_status":"open","sticky":false,"template":"","format":"standard","meta":{"ngg_post_thumbnail":0},"categories":[5388],"tags":[5873,5943],"_links":{"self":[{"href":"https:\/\/emlaktuel.com\/index.php?rest_route=\/wp\/v2\/posts\/39622"}],"collection":[{"href":"https:\/\/emlaktuel.com\/index.php?rest_route=\/wp\/v2\/posts"}],"about":[{"href":"https:\/\/emlaktuel.com\/index.php?rest_route=\/wp\/v2\/types\/post"}],"author":[{"embeddable":true,"href":"https:\/\/emlaktuel.com\/index.php?rest_route=\/wp\/v2\/users\/1"}],"replies":[{"embeddable":true,"href":"https:\/\/emlaktuel.com\/index.php?rest_route=%2Fwp%2Fv2%2Fcomments&post=39622"}],"version-history":[{"count":3,"href":"https:\/\/emlaktuel.com\/index.php?rest_route=\/wp\/v2\/posts\/39622\/revisions"}],"predecessor-version":[{"id":39625,"href":"https:\/\/emlaktuel.com\/index.php?rest_route=\/wp\/v2\/posts\/39622\/revisions\/39625"}],"wp:featuredmedia":[{"embeddable":true,"href":"https:\/\/emlaktuel.com\/index.php?rest_route=\/wp\/v2\/media\/11332"}],"wp:attachment":[{"href":"https:\/\/emlaktuel.com\/index.php?rest_route=%2Fwp%2Fv2%2Fmedia&parent=39622"}],"wp:term":[{"taxonomy":"category","embeddable":true,"href":"https:\/\/emlaktuel.com\/index.php?rest_route=%2Fwp%2Fv2%2Fcategories&post=39622"},{"taxonomy":"post_tag","embeddable":true,"href":"https:\/\/emlaktuel.com\/index.php?rest_route=%2Fwp%2Fv2%2Ftags&post=39622"}],"curies":[{"name":"wp","href":"https:\/\/api.w.org\/{rel}","templated":true}]}}