{"id":39605,"date":"2022-07-01T13:14:32","date_gmt":"2022-07-01T10:14:32","guid":{"rendered":"https:\/\/emlaktuel.com\/?p=39605"},"modified":"2022-07-01T13:14:32","modified_gmt":"2022-07-01T10:14:32","slug":"portfoy-buyuklugunu-ikiye-katlayan-marti-gyo-rekor-kar-acikladi","status":"publish","type":"post","link":"https:\/\/emlaktuel.com\/?p=39605","title":{"rendered":"Portf\u00f6y b\u00fcy\u00fckl\u00fc\u011f\u00fcn\u00fc ikiye katlayan Mart\u0131 GYO, rekor kar a\u00e7\u0131klad\u0131"},"content":{"rendered":"<p><strong>Mart\u0131 Otel \u0130\u015fletmeleri\u2019nin ba\u011fl\u0131 ortakl\u0131\u011f\u0131 Mart\u0131 Gayrimenkul Yat\u0131r\u0131m Ortakl\u0131\u011f\u0131 portf\u00f6y b\u00fcy\u00fckl\u00fc\u011f\u00fcn\u00fc ikiye katlayarak 01.04.2021-31.03.2022 d\u00f6nemi Y\u0131ll\u0131k Finansal Tablolar\u0131nda 216.982.363 TL kar a\u00e7\u0131klad\u0131. Mart\u0131 GYO, a\u00e7\u0131klamada pozitif de\u011fi\u015fimin korunaca\u011f\u0131n\u0131 belirterek yeni hedefini de belirledi: \u201cMevcut tesislerimizin modernizasyon \u00e7al\u0131\u015fmalar\u0131na h\u0131z verilecek ve sekt\u00f6r\u00fcm\u00fczde \u00f6ne \u00e7\u0131kma gayretimiz devam edecek.\u201d<\/strong><\/p>\n<p>\u015eirketten yap\u0131lan yaz\u0131l\u0131 a\u00e7\u0131klama \u015f\u00f6yle: \u201c\u015eirketimiz, 30.06.2022 tarihinde kamuyla payla\u015f\u0131lan 01.04.2021-31.03.2022 d\u00f6nemi Y\u0131ll\u0131k Finansal Tablolar\u0131nda 216.982.363 TL kar a\u00e7\u0131klam\u0131\u015ft\u0131r. Ge\u00e7en y\u0131l ayn\u0131 d\u00f6nemde 8.652.823 TL olan kar rakam\u0131m\u0131zdaki bu art\u0131\u015f ile bilan\u00e7oda yer alan t\u00fcm ge\u00e7mi\u015f y\u0131l zararlar\u0131 bu sene itibar\u0131yla kapat\u0131lm\u0131\u015ft\u0131r. Portf\u00f6y\u00fcm\u00fczde yer alan gayrimenkullerin de\u011feri ise 900 Milyon TL\u2019den fazla art\u0131\u015f g\u00f6stererek % 110 y\u00fckselmi\u015f ve 1.765.631.322 TL\u2019ye ula\u015farak, 1.5 milyar TL\u2019ye yakla\u015fan \u00f6z sermaye b\u00fcy\u00fckl\u00fc\u011f\u00fcm\u00fczde ve a\u00e7\u0131klad\u0131\u011f\u0131m\u0131z kar\u0131n arkas\u0131ndaki en \u00f6nemli etken olmu\u015ftur.<\/p>\n<p>&nbsp;Bilindi\u011fi \u00fczere 2021 y\u0131l\u0131 i\u00e7inde ger\u00e7ekle\u015ftirdi\u011fimiz % 200 oran\u0131ndaki bedelli sermaye art\u0131r\u0131m\u0131 ile \u00e7\u0131kar\u0131lm\u0131\u015f sermayemiz 110.000.000 TL\u2019den 220.000.000 TL art\u0131\u015f ile 330.000.000 TL\u2019ye y\u00fckselmi\u015ftir.&nbsp;<\/p>\n<p>Sermaye art\u0131\u015f\u0131 ve gayrimenkul de\u011ferlerimizdeki art\u0131\u015f neticesinde \u015firket \u00f6z kaynaklar\u0131m\u0131z 492.376.916 TL\u2019den % 197 art\u0131\u015f sonras\u0131 1.462.123.793 TL\u2019ye ula\u015fm\u0131\u015ft\u0131r &nbsp;<\/p>\n<p>\u015eirketimizin toplam borcu ge\u00e7en y\u0131la oranla % 7,47 oran\u0131nda azalarak 465.587.325 TL\u2019ye d\u00fc\u015fm\u00fc\u015ft\u00fcr. B\u00f6ylelikle \u015firketimizin ge\u00e7en y\u0131l 1.02 olan bor\u00e7luluk oran\u0131, 0.32\u2019ye inmi\u015ftir. Hisse ba\u015f\u0131na d\u00fc\u015fen kar rakam\u0131 ise 0.65 TL\u2019ye ula\u015fm\u0131\u015ft\u0131r.\u201d<\/p>\n<p>A\u00e7\u0131klamada \u015firket finansallar\u0131nda ger\u00e7ekle\u015fen bu pozitif de\u011fi\u015fimin korunaca\u011f\u0131 ve daha ileriye ta\u015f\u0131naca\u011f\u0131 belirtilirken \u201cMevcut tesislerimizin modernizasyon \u00e7al\u0131\u015fmalar\u0131na h\u0131z verilecek ve sekt\u00f6r\u00fcm\u00fczde \u00f6ne \u00e7\u0131kma gayretimiz devam edecektir. Grubumuzun 55 y\u0131ll\u0131k bilgi birikimi ve tecr\u00fcbesi rehberli\u011finde t\u00fcm payda\u015flar\u0131m\u0131z ile birlikte yat\u0131r\u0131mc\u0131lar\u0131m\u0131za de\u011fer katma \u00e7abas\u0131 i\u00e7inde olmaya devam edilecektir. Faaliyetlerimiz s\u00fcrd\u00fcr\u00fclebilirlik \u00e7er\u00e7evesinde her zaman oldu\u011fu gibi \u00e7evreye kar\u015f\u0131 sayg\u0131 ile toplumsal kalk\u0131nmay\u0131 ve ekonomik geli\u015fmeyi destekleme amac\u0131yla devam edecektir\u201d denildi.<\/p>\n","protected":false},"excerpt":{"rendered":"<p>Mart\u0131 Otel \u0130\u015fletmeleri\u2019nin ba\u011fl\u0131 ortakl\u0131\u011f\u0131 Mart\u0131 Gayrimenkul Yat\u0131r\u0131m Ortakl\u0131\u011f\u0131 portf\u00f6y b\u00fcy\u00fckl\u00fc\u011f\u00fcn\u00fc ikiye katlayarak 01.04.2021-31.03.2022 d\u00f6nemi Y\u0131ll\u0131k Finansal Tablolar\u0131nda 216.982.363 TL kar a\u00e7\u0131klad\u0131. Mart\u0131 GYO, a\u00e7\u0131klamada pozitif de\u011fi\u015fimin korunaca\u011f\u0131n\u0131 belirterek yeni hedefini de belirledi: \u201cMevcut tesislerimizin modernizasyon \u00e7al\u0131\u015fmalar\u0131na h\u0131z verilecek ve sekt\u00f6r\u00fcm\u00fczde \u00f6ne \u00e7\u0131kma gayretimiz devam edecek.\u201d \u015eirketten yap\u0131lan yaz\u0131l\u0131 a\u00e7\u0131klama \u015f\u00f6yle: \u201c\u015eirketimiz, 30.06.2022 tarihinde kamuyla [&hellip;]<\/p>\n","protected":false},"author":1,"featured_media":39606,"comment_status":"open","ping_status":"open","sticky":false,"template":"","format":"standard","meta":{"ngg_post_thumbnail":0},"categories":[26],"tags":[],"_links":{"self":[{"href":"https:\/\/emlaktuel.com\/index.php?rest_route=\/wp\/v2\/posts\/39605"}],"collection":[{"href":"https:\/\/emlaktuel.com\/index.php?rest_route=\/wp\/v2\/posts"}],"about":[{"href":"https:\/\/emlaktuel.com\/index.php?rest_route=\/wp\/v2\/types\/post"}],"author":[{"embeddable":true,"href":"https:\/\/emlaktuel.com\/index.php?rest_route=\/wp\/v2\/users\/1"}],"replies":[{"embeddable":true,"href":"https:\/\/emlaktuel.com\/index.php?rest_route=%2Fwp%2Fv2%2Fcomments&post=39605"}],"version-history":[{"count":1,"href":"https:\/\/emlaktuel.com\/index.php?rest_route=\/wp\/v2\/posts\/39605\/revisions"}],"predecessor-version":[{"id":39607,"href":"https:\/\/emlaktuel.com\/index.php?rest_route=\/wp\/v2\/posts\/39605\/revisions\/39607"}],"wp:featuredmedia":[{"embeddable":true,"href":"https:\/\/emlaktuel.com\/index.php?rest_route=\/wp\/v2\/media\/39606"}],"wp:attachment":[{"href":"https:\/\/emlaktuel.com\/index.php?rest_route=%2Fwp%2Fv2%2Fmedia&parent=39605"}],"wp:term":[{"taxonomy":"category","embeddable":true,"href":"https:\/\/emlaktuel.com\/index.php?rest_route=%2Fwp%2Fv2%2Fcategories&post=39605"},{"taxonomy":"post_tag","embeddable":true,"href":"https:\/\/emlaktuel.com\/index.php?rest_route=%2Fwp%2Fv2%2Ftags&post=39605"}],"curies":[{"name":"wp","href":"https:\/\/api.w.org\/{rel}","templated":true}]}}