{"id":39576,"date":"2022-06-29T13:16:23","date_gmt":"2022-06-29T10:16:23","guid":{"rendered":"https:\/\/emlaktuel.com\/?p=39576"},"modified":"2022-06-29T13:16:23","modified_gmt":"2022-06-29T10:16:23","slug":"yesil-vadi-arsa-ofisi-bizdevallstars-ile-sirket-cirosunu-yuzde-300-arttirdi","status":"publish","type":"post","link":"https:\/\/emlaktuel.com\/?p=39576","title":{"rendered":"Ye\u015fil Vadi Arsa Ofisi, BizDevAllStars ile \u015firket cirosunu y\u00fczde 300 artt\u0131rd\u0131"},"content":{"rendered":"<p style=\"font-weight: 400;\"><strong>Sarpa\u015f Dan\u0131\u015fmanl\u0131k kurucusu Berke Sarpa\u015f, BizDevAllStars dan\u0131\u015fmanl\u0131k hizmetleriyle markalar\u0131n b\u00fcy\u00fcmelerini olduk\u00e7a zorlu ge\u00e7en pandemi d\u00f6neminde bile 3 kat\u0131na \u00e7\u0131kard\u0131klar\u0131n\u0131 ve hizmet verdikleri markalar\u0131 sa\u011flam ad\u0131mlarla b\u00fcy\u00fctt\u00fcklerini a\u00e7\u0131klad\u0131.<\/strong><\/p>\n<p style=\"font-weight: 400;\">Sarpa\u015f Dan\u0131\u015fmanl\u0131k Anonim \u015eirketi\u2019nin tescilli markas\u0131 olan ve 2014 y\u0131l\u0131nda kurulan BizDevAllStars\u2019\u0131n kurucusu&nbsp;<strong>Berke Sarpa\u015f, \u201c<\/strong>\u0130\u015fimiz, markalar\u0131 b\u00fcy\u00fctmek. B\u00fcy\u00fcrken de her ad\u0131mda destek vermek, yol g\u00f6stermek, bazen s\u0131f\u0131rdan g\u00fc\u00e7l\u00fc bir marka in\u015fa etmek, bazen de g\u00fc\u00e7l\u00fc markalar\u0131 yar\u0131nlara haz\u0131rlamak.\u201d dedi.<\/p>\n<h2 style=\"font-weight: 400;\"><strong>\u015eirketin cirosunu y\u00fczde 300 art\u0131rd\u0131k<\/strong><\/h2>\n<p style=\"font-weight: 400;\"><strong>Sarpa\u015f,&nbsp;<\/strong>\u201c\u00c7al\u0131\u015ft\u0131\u011f\u0131m\u0131z \u015firketlerde \u00e7ok \u00f6nemli bir ba\u015far\u0131 elde ettik. Hizmet verdi\u011fimiz m\u00fc\u015fterilerimizden&nbsp;<strong>Ye\u015fil Vadi Arsa Ofisi<\/strong>\u2019nin \u015firket cirosunu \u015eubat-Aral\u0131k 2021 d\u00f6nemi i\u00e7erisinde 3 kat\u0131na \u00e7\u0131kard\u0131k. Y\u00fczde 300&#8217;l\u00fck bir art\u0131\u015f sa\u011flad\u0131k.&nbsp;<strong>Ye\u015fil Vadi Arsa Ofisi<\/strong>\u2019 ile toplamda 1,5 y\u0131ld\u0131r \u00e7al\u0131\u015f\u0131yoruz. \u015eirketin operasyonundan pazarlamas\u0131na kadar \u00e7ok say\u0131da birimi uzmanlar\u0131m\u0131zca \u00f6zenle ele al\u0131nd\u0131. \u201cNas\u0131l ba\u015fard\u0131k\u201d sorusunun kar\u015f\u0131l\u0131\u011f\u0131 ise; \u015firketi her a\u00e7\u0131dan analiz etmek ve markayla bir arada i\u015fe, i\u015fin uzmanlar\u0131yla birlikte y\u00f6n vermek. Hi\u00e7bir b\u00fcy\u00fcme tek bir nedenden olmuyor. Marka, hem cirosal, hem m\u00fc\u015fteri memnuniyeti, hem de imaj bak\u0131m\u0131ndan b\u00fcy\u00fck katk\u0131lar ald\u0131. \u015eirket yap\u0131lanmalar\u0131na holistik bakmak laz\u0131m. Benzersiz de\u011fer teklifi, bunu d\u00fczg\u00fcn pazarlayabilmek, \u00fcr\u00fcn\u00fc d\u00fczg\u00fcn sevk edilebilmek, i\u015f ak\u0131\u015flar\u0131nda finans\u0131 d\u00fczg\u00fcn y\u00f6netebilmek en \u00f6nemli kriterler aras\u0131nda yer al\u0131yor.\u201d dedi.<\/p>\n<p style=\"font-weight: 400;\"><strong>Ye\u015fil Vadi Arsa Ofisi yetkilisi Asl\u0131 Orhan Demiral:&nbsp;<\/strong>\u201cS\u00fcrecin ba\u015flang\u0131c\u0131nda markam\u0131za \u00f6zel bir ihtiya\u00e7 analizi \u00e7al\u0131\u015fmas\u0131 y\u00fcr\u00fct\u00fclerek b\u00fcy\u00fcmeye ili\u015fkin ihtiya\u00e7lar analiz edildi. Ard\u0131ndan marka taraf\u0131nda web sitesi i\u00e7erikleri yenilendi, slogan ve manifesto yaz\u0131ld\u0131 ve sosyal medya y\u00f6netimi ele al\u0131nd\u0131. Markam\u0131z\u0131n dijital reklam kampanyalar\u0131 kuruldu ve etkin \u015fekilde y\u00f6netildi. Bir yandan da markan\u0131n operasyonel maliyetlerinin d\u00fc\u015f\u00fcr\u00fclmesi maksad\u0131yla i\u015f s\u00fcre\u00e7lerimize otomasyon altyap\u0131s\u0131 kazand\u0131r\u0131ld\u0131. D\u00fczenli pazar ara\u015ft\u0131rmalar\u0131 ile piyasan\u0131n nabz\u0131n\u0131 tuttuk ve d\u00fczenli reklam kampanyalar\u0131 ile \u015firketin sundu\u011fu benzersiz de\u011fer teklifini m\u00fc\u015fterilere do\u011fru \u015fekilde izah ettik. T\u00fcm s\u00fcre\u00e7lerde markam\u0131za 10 ayr\u0131 uzman isim hizmet veriyor ve her ad\u0131mda bizlerle isti\u015fare ediliyor.\u201d Dedi.<\/p>\n","protected":false},"excerpt":{"rendered":"<p>Sarpa\u015f Dan\u0131\u015fmanl\u0131k kurucusu Berke Sarpa\u015f, BizDevAllStars dan\u0131\u015fmanl\u0131k hizmetleriyle markalar\u0131n b\u00fcy\u00fcmelerini olduk\u00e7a zorlu ge\u00e7en pandemi d\u00f6neminde bile 3 kat\u0131na \u00e7\u0131kard\u0131klar\u0131n\u0131 ve hizmet verdikleri markalar\u0131 sa\u011flam ad\u0131mlarla b\u00fcy\u00fctt\u00fcklerini a\u00e7\u0131klad\u0131. Sarpa\u015f Dan\u0131\u015fmanl\u0131k Anonim \u015eirketi\u2019nin tescilli markas\u0131 olan ve 2014 y\u0131l\u0131nda kurulan BizDevAllStars\u2019\u0131n kurucusu&nbsp;Berke Sarpa\u015f, \u201c\u0130\u015fimiz, markalar\u0131 b\u00fcy\u00fctmek. B\u00fcy\u00fcrken de her ad\u0131mda destek vermek, yol g\u00f6stermek, bazen s\u0131f\u0131rdan g\u00fc\u00e7l\u00fc [&hellip;]<\/p>\n","protected":false},"author":1,"featured_media":39577,"comment_status":"open","ping_status":"open","sticky":false,"template":"","format":"standard","meta":{"ngg_post_thumbnail":0},"categories":[26],"tags":[],"_links":{"self":[{"href":"https:\/\/emlaktuel.com\/index.php?rest_route=\/wp\/v2\/posts\/39576"}],"collection":[{"href":"https:\/\/emlaktuel.com\/index.php?rest_route=\/wp\/v2\/posts"}],"about":[{"href":"https:\/\/emlaktuel.com\/index.php?rest_route=\/wp\/v2\/types\/post"}],"author":[{"embeddable":true,"href":"https:\/\/emlaktuel.com\/index.php?rest_route=\/wp\/v2\/users\/1"}],"replies":[{"embeddable":true,"href":"https:\/\/emlaktuel.com\/index.php?rest_route=%2Fwp%2Fv2%2Fcomments&post=39576"}],"version-history":[{"count":2,"href":"https:\/\/emlaktuel.com\/index.php?rest_route=\/wp\/v2\/posts\/39576\/revisions"}],"predecessor-version":[{"id":39579,"href":"https:\/\/emlaktuel.com\/index.php?rest_route=\/wp\/v2\/posts\/39576\/revisions\/39579"}],"wp:featuredmedia":[{"embeddable":true,"href":"https:\/\/emlaktuel.com\/index.php?rest_route=\/wp\/v2\/media\/39577"}],"wp:attachment":[{"href":"https:\/\/emlaktuel.com\/index.php?rest_route=%2Fwp%2Fv2%2Fmedia&parent=39576"}],"wp:term":[{"taxonomy":"category","embeddable":true,"href":"https:\/\/emlaktuel.com\/index.php?rest_route=%2Fwp%2Fv2%2Fcategories&post=39576"},{"taxonomy":"post_tag","embeddable":true,"href":"https:\/\/emlaktuel.com\/index.php?rest_route=%2Fwp%2Fv2%2Ftags&post=39576"}],"curies":[{"name":"wp","href":"https:\/\/api.w.org\/{rel}","templated":true}]}}