{"id":39564,"date":"2022-06-28T13:07:24","date_gmt":"2022-06-28T10:07:24","guid":{"rendered":"https:\/\/emlaktuel.com\/?p=39564"},"modified":"2022-06-28T13:07:24","modified_gmt":"2022-06-28T10:07:24","slug":"basin-ekspreste-aileler-icin-yeni-bir-yasam-alani-doguyor","status":"publish","type":"post","link":"https:\/\/emlaktuel.com\/?p=39564","title":{"rendered":"Bas\u0131n Ekspres&#8217;te aileler i\u00e7in yeni bir ya\u015fam alan\u0131 do\u011fuyor"},"content":{"rendered":"<p><strong>Ba\u011fc\u0131lar\u2019a Ba\u015fak\u015fehir Aile Konseptini Getiriyor. <\/strong><strong><em>Ba\u015fak\u015fehir\u2019in aileleri hedef alan konsepti, Karmar taraf\u0131ndan Bas\u0131n Ekspres Yolu\u2019na ta\u015f\u0131n\u0131yor. 241 konut ve 57 ticari \u00fcniteden olu\u015fan Karmar Sakura Projesi, ailelere \u00f6zel yeni bir ya\u015fam alan\u0131 olarak b\u00f6lgenin \u00e7ehresini de\u011fi\u015ftirmeye haz\u0131rlan\u0131yor. Daire giri\u015flerinden ses ve \u0131s\u0131 yal\u0131t\u0131m\u0131na kadar t\u00fcm detaylar\u0131n ailelerin hak ve mahremiyetini korumaya y\u00f6nelik planland\u0131\u011f\u0131 projede ayn\u0131 tip daireler ayn\u0131 bloklarda yer alacak. <\/em><\/strong><\/p>\n<p><img loading=\"lazy\" class=\"alignnone size-full wp-image-39565\" src=\"https:\/\/emlaktuel.com\/wp-content\/uploads\/2022\/06\/Karmar_erol_simsek_emrullah_yedikardes.jpg\" alt=\"\" width=\"650\" height=\"433\"><\/p>\n<p>\u0130stanbul\u2019da gayrimenkul yat\u0131r\u0131m\u0131n\u0131n y\u0131ld\u0131z b\u00f6lgelerinden olan Bas\u0131n Ekspres Yolu, bug\u00fcnlerde yepyeni bir projenin heyecan\u0131n\u0131 ya\u015f\u0131yor. 10 y\u0131l\u0131 a\u015fk\u0131n zamand\u0131r d\u00f6n\u00fc\u015f\u00fcm ge\u00e7iren ve ula\u015f\u0131m ba\u011flant\u0131lar\u0131na yak\u0131nl\u0131\u011f\u0131 sebebi ile bir\u00e7ok markal\u0131 konut projesine ev sahipli\u011fi yapan Bas\u0131n Ekspres Yolunda, ailelere \u00f6zel yepyeni bir ya\u015fam alan\u0131 do\u011fuyor.<\/p>\n<p>\u0130n\u015faat, madencilik, g\u0131da ve turizm sekt\u00f6rlerindeki ba\u015far\u0131s\u0131 ile T\u00fcrkiye\u2019nin en b\u00fcy\u00fck 500 sanayi firmas\u0131 aras\u0131na giren \u015eim\u015fek Bisk\u00fcvi G\u0131da\u2019n\u0131n in\u015faat sekt\u00f6r\u00fcndeki grup \u015firketi Karmar taraf\u0131ndan yap\u0131m\u0131na ba\u015flanan Karmar Sakura\u2019n\u0131n sat\u0131\u015f ofisi 25 Haziran 2022\u2019de faaliyete girdi.<\/p>\n<p>Sat\u0131\u015f ofisinin a\u00e7\u0131l\u0131\u015f\u0131na Ba\u011fc\u0131lar Belediye Ba\u015fkan\u0131 Abdullah \u00d6zdemir , Karmar Y\u00f6netim Kurulu Ba\u015fkan\u0131 Erol \u015eim\u015fek, \u0130cra Kurulu Ba\u015fkan\u0131 Emrullah Yedikarde\u015f, \u015eim\u015fek Bisk\u00fcvi Onursal Ba\u015fkan\u0131 Ramazan \u015eim\u015fek, Avukat Remzi Yedikarde\u015f ve Haksan Makine Y\u00f6netim Kurulu Ba\u015fkan\u0131 Mehmet Somal\u0131 ile birlikte keserek hay\u0131rl\u0131 olsun dileklerinde bulundu.<\/p>\n<h2><strong>Bas\u0131n Ekspres\u2019te aile sitesi a\u00e7\u0131\u011f\u0131n\u0131 kapatacak<\/strong><\/h2>\n<p>Yap\u0131m\u0131na 6 ay \u00f6nce ba\u015flanan Karmar Sakura projesi toplam 241 daire, 57 ticari birimden olu\u015fuyor. A\u00e7\u0131l\u0131\u015fta konu\u015fan Karmar \u0130cra Kurulu Ba\u015fkan\u0131 Emrullah Yedikarde\u015f, b\u00f6lgede nitelikli aile sitesi olmad\u0131\u011f\u0131n\u0131, marka projelerde yo\u011funlukla st\u00fcdyo ve 1+1 tipinde dairelerin yer ald\u0131\u011f\u0131n\u0131 belirterek, Karmar Sakura\u2019n\u0131n bu y\u00f6ndeki a\u00e7\u0131\u011f\u0131 kapatmak \u00fczere planlanlad\u0131\u011f\u0131n\u0131 a\u00e7\u0131klad\u0131.<\/p>\n<h2><strong>Ayn\u0131 tip daireler ayn\u0131 bloklarda yer alacak<\/strong><\/h2>\n<p>Bu nedenle projenin b\u00fcnyesinde sadece 2+1, 3+1 ve 4+1 tipinde konutlara yer verildi\u011fini belirten Emrullah Yedikarde\u015f, \u201cSadece daire geni\u015flikleri de\u011fil, t\u00fcm detaylarda aile haklar\u0131na ve mahremiyetine sayg\u0131 g\u00f6sterdik. \u00d6rne\u011fin daireler aras\u0131nda ses yal\u0131t\u0131m\u0131 i\u00e7in \u00e7ift duvar sistemi kullan\u0131ld\u0131. Daire giri\u015flerini ni\u015fli giri\u015f olarak planlad\u0131k. T\u00fcm dairelerde kullan\u0131labilir \u00f6l\u00e7\u00fclerde balkon mevcut. Y\u00fczme havuzu, hamam, spor salonu, sauna gibi sosyal tesisler bay ve bayanlara ayr\u0131 olarak in\u015fa ediliyor. Ayr\u0131ca ayn\u0131 tipte daireler ayn\u0131 bloklarda yer alacak. \u00d6rne\u011fin kalabal\u0131k aileler 4+1\u2019i tercih ediyorsa, kendileriyle ayn\u0131 \u00f6zellikteki ailelerle ayn\u0131 blokta ya\u015f\u0131yor olacaklar\u201d dedi.<\/p>\n<h2><strong>Metroya y\u00fcr\u00fcme mesafesinde<\/strong><\/h2>\n<p>1,5 milyar TL yat\u0131r\u0131m b\u00fcy\u00fckl\u00fc\u011f\u00fcne sahip olan proje, yap\u0131m\u0131 devam eden Havaalan\u0131 Metro hatt\u0131na 200 metre mesafede yer al\u0131yor.<\/p>\n<p>D\u00fcnyaya kar\u015f\u0131 sorumluluk bilinciyle tasarlanm\u0131\u015f <strong>ye\u015fil bina \u00f6zellikleri<\/strong> sayesinde ailelerin b\u00fct\u00e7esine katk\u0131 sa\u011flayan detaylar i\u00e7eren projede lavabolarda kullan\u0131lan gri sular ar\u0131t\u0131larak yeniden klozetlerde kullan\u0131ma sunuluyor. Ayr\u0131ca ya\u011fmur sular\u0131 toplanarak bah\u00e7e sulamas\u0131na y\u00f6nlendiriliyor. Enerji kaynaklar\u0131n\u0131 do\u011fru kullanmay\u0131 hedefleyen projede yerden \u0131s\u0131tma sistemiyle %40 enerji tasarrufu sa\u011flanarak, ailelerin b\u00fct\u00e7elerine katk\u0131 sunuluyor.<\/p>\n<p>\u0130cra Kurulu Ba\u015fkan\u0131 Emrullah Yedikarde\u015f, T\u00fcrkiye\u2019de her zaman gayrimenkule yat\u0131r\u0131m yapan\u0131n kazand\u0131\u011f\u0131n\u0131 belirterek, \u201cKarmar Sakura\u2019da hem yat\u0131r\u0131mc\u0131lar kazan\u0131r, hem de ailesiyle birlikte burada rahatl\u0131kla ya\u015fayan t\u00fcketiciler, ye\u015fil bina \u00f6zelliklerinden dolay\u0131 aile b\u00fct\u00e7esinden tasarruf ederek kazan\u0131r\u201d yorumunu yapt\u0131.<\/p>\n<p>&nbsp;<\/p>\n","protected":false},"excerpt":{"rendered":"<p>Ba\u011fc\u0131lar\u2019a Ba\u015fak\u015fehir Aile Konseptini Getiriyor. Ba\u015fak\u015fehir\u2019in aileleri hedef alan konsepti, Karmar taraf\u0131ndan Bas\u0131n Ekspres Yolu\u2019na ta\u015f\u0131n\u0131yor. 241 konut ve 57 ticari \u00fcniteden olu\u015fan Karmar Sakura Projesi, ailelere \u00f6zel yeni bir ya\u015fam alan\u0131 olarak b\u00f6lgenin \u00e7ehresini de\u011fi\u015ftirmeye haz\u0131rlan\u0131yor. Daire giri\u015flerinden ses ve \u0131s\u0131 yal\u0131t\u0131m\u0131na kadar t\u00fcm detaylar\u0131n ailelerin hak ve mahremiyetini korumaya y\u00f6nelik planland\u0131\u011f\u0131 projede ayn\u0131 [&hellip;]<\/p>\n","protected":false},"author":1,"featured_media":39566,"comment_status":"open","ping_status":"open","sticky":false,"template":"","format":"standard","meta":{"ngg_post_thumbnail":0},"categories":[5388],"tags":[16318],"_links":{"self":[{"href":"https:\/\/emlaktuel.com\/index.php?rest_route=\/wp\/v2\/posts\/39564"}],"collection":[{"href":"https:\/\/emlaktuel.com\/index.php?rest_route=\/wp\/v2\/posts"}],"about":[{"href":"https:\/\/emlaktuel.com\/index.php?rest_route=\/wp\/v2\/types\/post"}],"author":[{"embeddable":true,"href":"https:\/\/emlaktuel.com\/index.php?rest_route=\/wp\/v2\/users\/1"}],"replies":[{"embeddable":true,"href":"https:\/\/emlaktuel.com\/index.php?rest_route=%2Fwp%2Fv2%2Fcomments&post=39564"}],"version-history":[{"count":1,"href":"https:\/\/emlaktuel.com\/index.php?rest_route=\/wp\/v2\/posts\/39564\/revisions"}],"predecessor-version":[{"id":39567,"href":"https:\/\/emlaktuel.com\/index.php?rest_route=\/wp\/v2\/posts\/39564\/revisions\/39567"}],"wp:featuredmedia":[{"embeddable":true,"href":"https:\/\/emlaktuel.com\/index.php?rest_route=\/wp\/v2\/media\/39566"}],"wp:attachment":[{"href":"https:\/\/emlaktuel.com\/index.php?rest_route=%2Fwp%2Fv2%2Fmedia&parent=39564"}],"wp:term":[{"taxonomy":"category","embeddable":true,"href":"https:\/\/emlaktuel.com\/index.php?rest_route=%2Fwp%2Fv2%2Fcategories&post=39564"},{"taxonomy":"post_tag","embeddable":true,"href":"https:\/\/emlaktuel.com\/index.php?rest_route=%2Fwp%2Fv2%2Ftags&post=39564"}],"curies":[{"name":"wp","href":"https:\/\/api.w.org\/{rel}","templated":true}]}}