{"id":39543,"date":"2022-06-27T12:10:25","date_gmt":"2022-06-27T09:10:25","guid":{"rendered":"https:\/\/emlaktuel.com\/?p=39543"},"modified":"2022-06-27T12:10:25","modified_gmt":"2022-06-27T09:10:25","slug":"permolit-otizmli-cocuklarin-hayat-bulan-tasarimlarini-nft-esere-donusturdu","status":"publish","type":"post","link":"https:\/\/emlaktuel.com\/?p=39543","title":{"rendered":"Permolit, otizmli \u00e7ocuklar\u0131n hayat bulan tasar\u0131mlar\u0131n\u0131 &#8216;NFT&#8217; esere d\u00f6n\u00fc\u015ft\u00fcrd\u00fc"},"content":{"rendered":"<p><strong><em>Permolit Boya \u201cG\u00fczelle\u015fir D\u00fcnya\u201d \u00e7at\u0131 ileti\u015fimi ekseninde; denizcilik, yelken ve deniz \u00e7evre bilinci temas\u0131yla ger\u00e7ekle\u015ftirdi\u011fi sosyal sorumluluk projelerine bir yenisini daha ekledi. Tohum Otizm Vakf\u0131 ile hayata ge\u00e7irilen proje kapsam\u0131nda otizmli \u00e7ocuklar\u0131n tasar\u0131mlar\u0131 ile T\u00fcrkiye\u2019de bir ilke imza at\u0131ld\u0131.<\/em><\/strong><\/p>\n<p>Permolit Boya \u00e7at\u0131s\u0131 alt\u0131nda; Tohum Otizm Vakf\u0131, Yelken Federasyonu, Kalam\u0131\u015f Yelken Kul\u00fcb\u00fc ve Mimar Sinan \u00dcniversitesi \u00f6\u011frencilerinin i\u015f birli\u011fi ile geli\u015ftirilen proje ile otizmli \u00e7ocuklar\u0131n tasar\u0131mlar\u0131 Kalam\u0131\u015f Yelken Kul\u00fcb\u00fc mendire\u011finde hayat buldu.<\/p>\n<p>Ak\u00e7al\u0131 Boya b\u00fcnyesinde yer alan Permolit Boya\u2019n\u0131n <em>\u201cG\u00fczelle\u015fir D\u00fcnya Fark\u0131ndal\u0131klar\u0131m\u0131zla\u201d<\/em> s\u00f6ylemiyle ger\u00e7ekle\u015ftirilen proje kapsam\u0131nda otizmli \u00e7ocuklar\u0131n tasar\u0131mlar\u0131ndan olu\u015fan g\u00f6rsel <strong><em>\u201cNFT\u201d<\/em><\/strong> eser olarak <strong><em>opensea.io<\/em><\/strong> platformu \u00fczerinden a\u00e7\u0131k art\u0131rma ile sat\u0131\u015fa sunuldu.<\/p>\n<p>T\u00fcrkiye\u2019de ilk kez otizmli \u00e7ocuklar\u0131n tasar\u0131m\u0131n\u0131n NFT esere d\u00f6n\u00fc\u015ft\u00fc\u011f\u00fc proje kapsam\u0131nda elde edilen gelirin tamam\u0131 Tohum Otizm Vakf\u0131\u2019na ba\u011f\u0131\u015f olarak aktar\u0131lacak.<\/p>\n<p><img loading=\"lazy\" class=\"wp-image-39544 alignleft\" src=\"https:\/\/emlaktuel.com\/wp-content\/uploads\/2022\/06\/permolit_Akin_Akcali-750x500.jpg\" alt=\"\" width=\"479\" height=\"322\"><\/p>\n<ol>\n<li><strong> AKIN AK\u00c7ALI; \u201cFAAL\u0130YETTE BULUNDU\u011eUMUZ HER ALANDA DE\u011eER YARATMANIN VE D\u00dcNYAYI G\u00dcZELLE\u015eT\u0130REN \u0130\u015eLER YAPMANIN MEMNUN\u0130YET\u0130N\u0130 YA\u015eIYORUZ\u201d<\/strong><\/li>\n<\/ol>\n<p>&nbsp;<\/p>\n<p><strong><em>Ak\u00e7al\u0131 Boya CEO\u2019su M. Ak\u0131n Ak\u00e7al\u0131; <\/em><\/strong><em>\u201cAk\u00e7al\u0131 Boya olarak, 1984 y\u0131l\u0131ndan bug\u00fcne daha g\u00fczel bir d\u00fcnya i\u00e7in merakla, ilk g\u00fcnk\u00fc heyecanla \u00e7al\u0131\u015fan iyi bir tak\u0131m\u0131z. Misyonumuz faaliyette bulundu\u011fumuz her alanda de\u011fer yaratmak ve d\u00fcnyay\u0131 g\u00fczelle\u015ftiren i\u015fler yapmak. \u00dcretim ve t\u00fcketim ara\u00e7lar\u0131n\u0131n h\u0131zla de\u011fi\u015fti\u011fi dinamik bir ekonomi alan\u0131nday\u0131z. \u00d6te yandan g\u00f6z ard\u0131 edemeyece\u011fimiz f\u0131rsat e\u015fitsizli\u011fi, \u00e7evre sorunlar\u0131, iklim de\u011fi\u015fikli\u011fi gibi toplumsal sorunlar\u0131m\u0131z mevcut. Bu konjonkt\u00fcr, toplumdan ald\u0131\u011f\u0131n\u0131 topluma kazand\u0131rma d\u00fcrt\u00fcs\u00fc ile \u00e7al\u0131\u015fan iyi kalpli \u015firketleri daha \u00e7ok harekete ge\u00e7meye itiyor. Ge\u00e7ti\u011fimiz y\u0131l Marmara Denizi\u2019ndeki m\u00fcsilaj sorununa dikkat \u00e7ekmek amac\u0131yla Kalam\u0131\u015f Yelken Kul\u00fcb\u00fc ev sahipli\u011finde ve Mimar Sinan G\u00fczel Sanatlar <\/em><em>\u00dc<\/em><em>niversitesi de\u011ferli \u00f6\u011fretim \u00fcyesi Do\u00e7. Dr. <\/em><em>\u00dcmit Arpac\u0131o\u011flu\u2018nun<\/em><em> i\u015fbirli\u011fiyle Denizcilik, Yelken ve Deniz \u00c7evre Bilinci temal\u0131 mural \u2013 graffiti yar\u0131\u015fmas\u0131 d\u00fczenlemi\u015ftik. Bu projenin devam\u0131 niteli\u011findeki yeni projemizde de rotam\u0131z\u0131 yeni bir fark\u0131ndal\u0131\u011fa \u00e7evirdik ve etkinli\u011fimizi \u00e7ok k\u0131ymetli sivil toplum kurulu\u015fu olan Tohum Otizm Vakf\u0131 ile ta\u00e7land\u0131rd\u0131k. \u2018G\u00fczelle\u015fir D\u00fcnya Fark\u0131ndal\u0131klar\u0131m\u0131zla\u2019 s\u00f6ylemiyle hayata ge\u00e7irdi\u011fimiz proje kapsam\u0131nda; otizmli karde\u015flerimiz, MSGS\u00dc Mimarl\u0131k Fak\u00fcltesi \u00f6\u011frencileri olan abileri ve ablalar\u0131n\u0131n ko\u00e7lu\u011funda desenler tasarlad\u0131lar, uygulad\u0131lar, boyad\u0131lar. Yakla\u015f\u0131k bir ay boyunca \u00e7ok de\u011ferli an\u0131 ve enstantanenin birikti\u011fi, sanatla bulu\u015fulan g\u00fcnler ve saatlerin sonunda Kalam\u0131\u015f Yelken Kul\u00fcb\u00fc mendire\u011finde olu\u015fan harika zemin desenleri hayranl\u0131k uyand\u0131r\u0131c\u0131 boyuta ula\u015ft\u0131. Her bir desenin ayr\u0131 bir hikayesi var, baz\u0131 desenler ritmi, baz\u0131 renkler tekrar\u0131, baz\u0131 \u015fekiller ise geleneksel T\u00fcrk hal\u0131s\u0131 motiflerindeki gibi yinelemeyi sembolize ediyor. Uzun bir haz\u0131rl\u0131k s\u00fcreci ve otizmli \u00e7ocuklar\u0131n duyarl\u0131 oldu\u011fu desenlerin tasarlanmas\u0131, uygulanmas\u0131 ve boyanmas\u0131 ile ortaya \u00e7\u0131kan bu anlaml\u0131 \u00e7al\u0131\u015fma Boya sekt\u00f6r\u00fcnde bir ilk olarak NFT dijital esere d\u00f6n\u00fc\u015ft\u00fc ve a\u00e7\u0131k artt\u0131rma usul\u00fcyle sat\u0131\u015fa sunuldu. Sat\u0131\u015ftan edinilecek t\u00fcm gelir de ba\u011f\u0131\u015f olarak daha \u00e7ok otizmli \u00e7ocu\u011fun e\u011fitimi i\u00e7in Tohum Otizm Vakf\u0131\u2019na aktar\u0131lacak. T\u00fcrkiye\u2019de bir ilk niteli\u011fi kazanan bu k\u0131ymetli projeyle otizmli karde\u015flerimize y\u00f6nelik fark\u0131ndal\u0131k kazand\u0131rmaktan b\u00fcy\u00fck memnuniyet duyuyoruz. Permolit Boya markam\u0131zla daha g\u00fczel bir d\u00fcnya i\u00e7in \u00e7al\u0131\u015fmaya devam edece\u011fiz.\u201d<\/em> dedi.<\/p>\n<p><img loading=\"lazy\" class=\"size-full wp-image-39545 alignleft\" src=\"https:\/\/emlaktuel.com\/wp-content\/uploads\/2022\/06\/Permolit_Umit_Arpacioglu.jpg\" alt=\"\" width=\"600\" height=\"400\"><\/p>\n<p><strong>DO\u00c7. DR. \u00dcM\u0130T ARPACIO\u011eLU; \u201cD\u00dcNYADA BENZER\u0130 OLMAYAN B\u0130R PROJE HEDEFLED\u0130K\u201d<\/p>\n<p><\/strong><\/p>\n<p><strong>Do\u00e7. Dr. <\/strong><strong>\u00dcmit Arpac<\/strong><strong>\u0131o\u011flu (Mimar Sinan G\u00fczel Sanatlar <\/strong><strong>\u00dc<\/strong><strong>niversitesi)<\/strong>; <em>\u201cT\u00fcrkiye<\/em><em>\u2019<\/em><em>de otizmin fark\u0131<\/em><em>ndal<\/em><em>\u0131\u011f\u0131n\u0131 artt\u0131rmak i\u00e7in ba\u015flatt\u0131\u011f\u0131m\u0131z bu proje kapsam\u0131nda \u00e7ocuklar\u0131m\u0131za sanat arac\u0131l\u0131\u011f\u0131 ile ula\u015fmak ve <\/em><em>\u00f6<\/em><em>zellikle otizmli bireylerin istedikleri zaman neler ba\u015farabildiklerini, <\/em><em>\u00f6<\/em><em>zel bireyler olduklar\u0131n\u0131 vurgulamak istedik. Otizme do\u011fru yakla\u015f\u0131mla olduk\u00e7a verimli ve yetenekli bireyleri topluma kazand\u0131rabilece\u011fimizi d\u00fc\u015f\u00fcn\u00fcyoruz ve \u00e7ocuklar\u0131m\u0131z\u0131n i\u00e7lerindeki yetene\u011fi mimarl\u0131k \u00f6\u011frencileri ile birlikte \u00e7\u0131kartmay\u0131, daha <\/em><em>\u00f6<\/em><em>nce D<\/em><em>\u00fcnya<\/em><em>\u2019<\/em><em>da ve T\u00fcrkiye<\/em><em>\u2019<\/em><em>de yap\u0131lmam\u0131\u015f bir proje yapmay\u0131 ama\u00e7lad\u0131k. Do\u011fa sporlar\u0131 i\u00e7inde kentte yap\u0131labilen bir spor olarak yelken ve T\u00fcrkiye<\/em><em>\u2019<\/em><em>de bu sporun <\/em><em>\u00f6<\/em><em>nc\u00fc adreslerinden biri olan Kalam\u0131\u015f <\/em><em>Yelken Kul<\/em><em>\u00fcb\u00fc de \u00e7ocuklar\u0131m\u0131za ve gen\u00e7lerimize kap\u0131lar\u0131n\u0131 a\u00e7t\u0131\u011f\u0131nda proje daha da anlam kazand\u0131. Bu sene T\u00fcrkiye Yelken Federasyonunun da projeye destekleriyle, 2022 Sportsboat Trofesi \u0130stanbul Kupas\u0131\u2019na Kalam\u0131\u015f <\/em><em>Yelken Kul<\/em><em>\u00fcb\u00fc D\u00fcnya<\/em><em>\u2019<\/em><em>da e<\/em><em>\u015fi benzeri olmayan bir desenle g\u00fczelle\u015ferek haz\u0131rlanm\u0131\u015f ve D\u00fcnya<\/em><em>\u2019<\/em><em>n\u0131n her yerinden gelen yelken severle bu proje kucakla\u015f<\/em><em>ma f<\/em><em>\u0131rsat\u0131 bulmu\u015f oldu. Projenin ba\u015fka bir <\/em><em>\u00f6<\/em><em>zg\u00fcn yan\u0131 <\/em><em>ise <\/em><em>\u00e7ocuklar\u0131m\u0131z ve gen\u00e7lerimiz ile Kalam\u0131\u015f <\/em><em>Yelken Kul<\/em><em>\u00fcb\u00fc i\u00e7in tasarlanan&nbsp;&nbsp; bu <\/em><em>\u00f6<\/em><em>zel desenin NFT olarak sanat eserine d<\/em><em>\u00f6<\/em><em>n\u00fc\u015ft\u00fcr\u00fclmesi bu dijital sanat eserinin ba\u011f\u0131\u015f i\u00e7in kullan\u0131lacak olmas\u0131<\/em><em>yd<\/em><em>\u0131.\u201d<\/em> dedi.<\/p>\n<p>Otizmli \u00e7ocuklar\u0131n tasar\u0131mlar\u0131ndan olu\u015fturulan ve geliri Tohum Otizm Vakf\u0131\u2019na ba\u011f\u0131\u015flanacak NFT eserin a\u00e7\u0131k artt\u0131rma s\u00fcreci 8 Temmuz Cuma g\u00fcn\u00fcne kadar s\u00fcrecek. NFT eseri incelemek ve teklif vermek i\u00e7in a\u015fa\u011f\u0131daki linki t\u0131klayabilirsiniz.<\/p>\n<p><img loading=\"lazy\" class=\"alignnone size-full wp-image-39546\" src=\"https:\/\/emlaktuel.com\/wp-content\/uploads\/2022\/06\/permolit_KalamisYelkenKulu\u0308bu\u03081.jpg\" alt=\"\" width=\"600\" height=\"409\"><\/p>\n<p><strong>\u201cG\u00fczelle\u015fir D\u00fcnya Fark\u0131ndal\u0131klar\u0131m\u0131zla\u201d NFT Eseri:<\/strong><\/p>\n<p><a href=\"https:\/\/opensea.io\/assets\/ethereum\/0x495f947276749ce646f68ac8c248420045cb7b5e\/102856304960192539816058363931053979925314825036868892347617126305308142993409\">opensea.io\/assets\/ethereum\/0x495f947276749ce646f68ac8c248420045cb7b5e\/102856304960192539816058363931053979925314825036868892347617126305308142993409<\/a><\/p>\n<p>&nbsp;<\/p>\n","protected":false},"excerpt":{"rendered":"<p>Permolit Boya \u201cG\u00fczelle\u015fir D\u00fcnya\u201d \u00e7at\u0131 ileti\u015fimi ekseninde; denizcilik, yelken ve deniz \u00e7evre bilinci temas\u0131yla ger\u00e7ekle\u015ftirdi\u011fi sosyal sorumluluk projelerine bir yenisini daha ekledi. Tohum Otizm Vakf\u0131 ile hayata ge\u00e7irilen proje kapsam\u0131nda otizmli \u00e7ocuklar\u0131n tasar\u0131mlar\u0131 ile T\u00fcrkiye\u2019de bir ilke imza at\u0131ld\u0131. Permolit Boya \u00e7at\u0131s\u0131 alt\u0131nda; Tohum Otizm Vakf\u0131, Yelken Federasyonu, Kalam\u0131\u015f Yelken Kul\u00fcb\u00fc ve Mimar Sinan \u00dcniversitesi [&hellip;]<\/p>\n","protected":false},"author":1,"featured_media":39547,"comment_status":"open","ping_status":"open","sticky":false,"template":"","format":"standard","meta":{"ngg_post_thumbnail":0},"categories":[5388],"tags":[],"_links":{"self":[{"href":"https:\/\/emlaktuel.com\/index.php?rest_route=\/wp\/v2\/posts\/39543"}],"collection":[{"href":"https:\/\/emlaktuel.com\/index.php?rest_route=\/wp\/v2\/posts"}],"about":[{"href":"https:\/\/emlaktuel.com\/index.php?rest_route=\/wp\/v2\/types\/post"}],"author":[{"embeddable":true,"href":"https:\/\/emlaktuel.com\/index.php?rest_route=\/wp\/v2\/users\/1"}],"replies":[{"embeddable":true,"href":"https:\/\/emlaktuel.com\/index.php?rest_route=%2Fwp%2Fv2%2Fcomments&post=39543"}],"version-history":[{"count":1,"href":"https:\/\/emlaktuel.com\/index.php?rest_route=\/wp\/v2\/posts\/39543\/revisions"}],"predecessor-version":[{"id":39548,"href":"https:\/\/emlaktuel.com\/index.php?rest_route=\/wp\/v2\/posts\/39543\/revisions\/39548"}],"wp:featuredmedia":[{"embeddable":true,"href":"https:\/\/emlaktuel.com\/index.php?rest_route=\/wp\/v2\/media\/39547"}],"wp:attachment":[{"href":"https:\/\/emlaktuel.com\/index.php?rest_route=%2Fwp%2Fv2%2Fmedia&parent=39543"}],"wp:term":[{"taxonomy":"category","embeddable":true,"href":"https:\/\/emlaktuel.com\/index.php?rest_route=%2Fwp%2Fv2%2Fcategories&post=39543"},{"taxonomy":"post_tag","embeddable":true,"href":"https:\/\/emlaktuel.com\/index.php?rest_route=%2Fwp%2Fv2%2Ftags&post=39543"}],"curies":[{"name":"wp","href":"https:\/\/api.w.org\/{rel}","templated":true}]}}