{"id":39541,"date":"2022-06-27T11:57:13","date_gmt":"2022-06-27T08:57:13","guid":{"rendered":"https:\/\/emlaktuel.com\/?p=39541"},"modified":"2022-06-27T11:57:13","modified_gmt":"2022-06-27T08:57:13","slug":"benesta-acibadem-hizla-yukselmeye-devam-ediyor","status":"publish","type":"post","link":"https:\/\/emlaktuel.com\/?p=39541","title":{"rendered":"Benesta Ac\u0131badem h\u0131zla y\u00fckselmeye devam ediyor"},"content":{"rendered":"<p><strong>\u0130stanbul\u2019un Kalbinde, \u0130ki Yakan\u0131n Bulu\u015fma Noktas\u0131nda <\/strong><strong>Benesta Ac\u0131badem h\u0131zla y\u00fckselmeye devam ediyor.<\/strong><\/p>\n<p>Hen\u00fcz sat\u0131\u015fa \u00e7\u0131kmadan, Benesta\u2019n\u0131n g\u00fcc\u00fcyle in\u015fas\u0131na ba\u015flanan Benesta Ac\u0131badem, \u0130stanbul Anadolu ve Avrupa yakas\u0131n\u0131 birbirine ba\u011flayan en de\u011ferli lokasyonlardan Ac\u0131badem\u2019de y\u00fckseliyor. Benesta Ac\u0131badem\u2019de \u00f6n sat\u0131\u015f d\u00f6nemi devam ediyor.<\/p>\n<h2><strong>Hayat\u0131nda daima en iyiye yer a\u00e7anlar i\u00e7in tasarland\u0131 <\/strong><\/h2>\n<p>Benesta Ac\u0131badem; bulundu\u011fu de\u011ferli lokasyonda, Asya yakas\u0131n\u0131n me\u015fhur sakinli\u011fini, Ac\u0131badem\u2019in yemye\u015fil do\u011fas\u0131n\u0131, \u0130stanbul\u2019un en temiz havas\u0131na sahip 200 d\u00f6n\u00fcm b\u00fcy\u00fckl\u00fc\u011f\u00fcndeki GATA Orman\u0131 ve Avrupa Yakas\u0131\u2019n\u0131n hi\u00e7 uyumayan dinamizmi ve \u0131\u015f\u0131l \u0131\u015f\u0131l ya\u015fam\u0131 ile birle\u015ftiriyor.<\/p>\n<p>Benesta Ac\u0131badem, hayat\u0131nda daima en iyiye yer a\u00e7anlar\u0131n arad\u0131\u011f\u0131 o e\u015fsiz ya\u015fam\u0131 sizler i\u00e7in sunuyor. Akasya AVM\u2019ye y\u00fcr\u00fcme mesafesindeki proje, Ba\u011fdat Caddesi, Kad\u0131k\u00f6y, Kalam\u0131\u015f Marina gibi Anadolu Yakas\u0131\u2019n\u0131n renkli adreslerine; Zincirlikuyu, Be\u015fikta\u015f, Levent, Mecidiyek\u00f6y, Taksim, Karak\u00f6y lokasyonlar\u0131yla bo\u011faz hatt\u0131na yak\u0131nl\u0131\u011f\u0131 ile dikkat \u00e7ekiyor.<\/p>\n<h2><img loading=\"lazy\" class=\"alignnone size-full wp-image-38205\" src=\"https:\/\/emlaktuel.com\/wp-content\/uploads\/2022\/02\/Benesta_Acibadem_2.jpg\" alt=\"\" width=\"680\" height=\"383\"><\/h2>\n<h2><strong>D\u00fcnyada bir ilk: Benleo Park <\/strong><\/h2>\n<p>Tarihiyle, konumuyla, prestijli kom\u015fular\u0131yla Benesta Ac\u0131badem\u2019in muhte\u015fem lokasyonu hi\u00e7 \u015fahit olmad\u0131\u011f\u0131m\u0131z bir projeye ve o projenin \u00e7evreledi\u011fi, d\u00fcnyaca \u00fcnl\u00fc tasar\u0131mc\u0131s\u0131 WATG y\u00f6neticilerinin \u2018d\u00fcnyada bir ilk\u2019 olarak tan\u0131mlad\u0131\u011f\u0131 iki futbol sahas\u0131 b\u00fcy\u00fckl\u00fc\u011f\u00fcnde m\u00fcthi\u015f bir parka ev sahipli\u011fi yap\u0131yor. BenLeo Park, \u0130stanbul\u2019da hi\u00e7 de al\u0131\u015fk\u0131n olmad\u0131\u011f\u0131m\u0131z devasa \u00f6l\u00e7\u00fcleri ve sahip oldu\u011fu, herkes i\u00e7in ayr\u0131 ayr\u0131 d\u00fc\u015f\u00fcn\u00fclm\u00fc\u015f, her metrekaresiyle ye\u015fil alan tan\u0131m\u0131n\u0131n d\u0131\u015f\u0131na \u00e7\u0131karak sizi yemye\u015fil do\u011fayla bulu\u015fturuyor.<\/p>\n<h2><img loading=\"lazy\" class=\"alignnone size-full wp-image-38203\" src=\"https:\/\/emlaktuel.com\/wp-content\/uploads\/2022\/02\/Benesta_Acibadem.jpg\" alt=\"\" width=\"650\" height=\"366\"><\/h2>\n<h2><strong>Her yeni g\u00fcn \u0130stanbul\u2019un her iki yakas\u0131na a\u00e7\u0131lan konumuyla her metrekaresinde hayat bulacaks\u0131n\u0131z <\/strong><\/h2>\n<p>Mimari standartlar\u0131n \u00f6tesinde bir tasar\u0131m anlay\u0131\u015f\u0131 ile haz\u0131rlanan Benesta Ac\u0131badem, devasa bir terastan Kalam\u0131\u015f k\u0131y\u0131lar\u0131na kadar uzanan deniz manzaras\u0131 ve BenLeo Park\u2019a a\u00e7\u0131lan yemye\u015fil bah\u00e7e manzaras\u0131 ile evinizin teras ve salonundan geni\u015f bir \u015fehir manzaras\u0131 da sunuyor. Her salon penceresinin ya\u015fataca\u011f\u0131 deneyim ayr\u0131 ayr\u0131 hesaplan\u0131yor. Her odadan keyif alman\u0131z\u0131 sa\u011flayacak detaylar, y\u00fcksek fonksiyonalite ve m\u00fchendislik anlay\u0131\u015f\u0131yla tasarlanarak sizi ayr\u0131cal\u0131klarla dolu yepyeni bir ya\u015fama davet ediyor.<\/p>\n<p>Proje\u2019nin hayallerin \u00f6tesine ge\u00e7mesi i\u00e7in genel tasar\u0131mda TAGO Mimarl\u0131k ve ekibi, i\u00e7 tasar\u0131mda Tanju \u00d6zelgin ve ekibi her daireyi sadece k\u00e2\u011f\u0131t \u00fcst\u00fcndeki kusursuz plana g\u00f6re de\u011fil; in\u015faat s\u0131ras\u0131nda ad\u0131m ad\u0131m deneyimlenerek kontrol ediliyor; beklentilerin \u00f6tesine ta\u015f\u0131mak i\u00e7in \u00e7al\u0131\u015f\u0131yor. Tasar\u0131m ve cephe kalitesiyle ya\u015flanmayan, ya\u015f alan; y\u0131lland\u0131k\u00e7a klasikle\u015fecek tasar\u0131m\u0131yla zaman\u0131n \u00f6tesinde hissedeceksiniz. Ya\u015fam\u0131n t\u00fcm renklerini bir arada bulaca\u011f\u0131n\u0131z Benesta Ac\u0131badem\u2019de g\u00fcn\u00fcn yo\u011funlu\u011funu Gata Orman\u0131\u2019na a\u00e7\u0131lan geni\u015f teras\u0131n\u0131zda unutacak, do\u011fan\u0131n tazeleyen esintisi ve topra\u011f\u0131n kokusuyla huzurun keyfini \u00e7\u0131karacaks\u0131n\u0131z.<\/p>\n<p>Daha fazla tavan y\u00fcksekli\u011fi, daha iyi manzara, daha rahat ya\u015fam alanlar\u0131, daha fazla ki\u015fiselle\u015ftirme ve y\u00fcksek yat\u0131r\u0131m de\u011feri ile siz ve sevdikleriniz i\u00e7in yepyeni bir deneyimin habercisi olacak. H\u0131zla y\u00fckselen her Benesta blo\u011funda t\u00fcm d\u00fcnyada b\u00fcy\u00fck ve ba\u015far\u0131l\u0131 projelere imza atan deneyimli uzman mimari ve m\u00fchendislik ekiplerinin son dokunu\u015f \u00e7al\u0131\u015fmalar\u0131n\u0131 y\u00fcr\u00fctt\u00fc\u011f\u00fc Benesta Ac\u0131badem\u2019de fonksiyonel mimari ve y\u00fcksek m\u00fchendisli\u011fin sundu\u011fu kaliteyi hissedeceksiniz.<\/p>\n<h2><strong>\u0130stanbul\u2019un en iddial\u0131 mutfaklar\u0131 Benesta Hub\u2019da <\/strong><strong>&nbsp;<\/strong><\/h2>\n<p>Projede BenLeo Park\u2019a kom\u015fu olarak tasarlanan Benesta Hub, \u0130stanbul\u2019un en iddial\u0131 mutfaklar\u0131na ev sahipli\u011fi yapmaya haz\u0131rlan\u0131yor. Rafine zevklerin yeni merkezi olacak alanda gurme lezzetler, s\u0131ra d\u0131\u015f\u0131 restoran ve kafeler yer al\u0131yor. Hemen yan\u0131 ba\u015f\u0131nda ise ofisler ve di\u011fer \u00e7al\u0131\u015fma alanlar\u0131 yeni normalde ihtiya\u00e7 duydu\u011funuz t\u00fcm sosyalle\u015fme, \u00e7al\u0131\u015fma ve dinlenme keyfini bir arada sunuyor. Projedeki t\u00fcm g\u00fczelliklerse BenLeo Park\u2019a \u00e7\u0131k\u0131yor. Uzun y\u00fcr\u00fcy\u00fc\u015f parkurlar\u0131, yeti\u015fmi\u015f a\u011fa\u00e7lara ev sahipli\u011fi yapan ger\u00e7ek do\u011fal zemini, oyun alanlar\u0131, kumsall\u0131 y\u00fczme havuzu, dinlenme alanlar\u0131, t\u0131rmanma duvar\u0131, mini amfi tiyatrosu ve g\u00f6ky\u00fcz\u00fcne uzanan Skywalk y\u00fcr\u00fcy\u00fc\u015f yoluyla BenLeo Park her ya\u015fta, herkese hitap etmeyi ba\u015far\u0131yor.<\/p>\n<p>&nbsp;<\/p>\n","protected":false},"excerpt":{"rendered":"<p>\u0130stanbul\u2019un Kalbinde, \u0130ki Yakan\u0131n Bulu\u015fma Noktas\u0131nda Benesta Ac\u0131badem h\u0131zla y\u00fckselmeye devam ediyor. Hen\u00fcz sat\u0131\u015fa \u00e7\u0131kmadan, Benesta\u2019n\u0131n g\u00fcc\u00fcyle in\u015fas\u0131na ba\u015flanan Benesta Ac\u0131badem, \u0130stanbul Anadolu ve Avrupa yakas\u0131n\u0131 birbirine ba\u011flayan en de\u011ferli lokasyonlardan Ac\u0131badem\u2019de y\u00fckseliyor. Benesta Ac\u0131badem\u2019de \u00f6n sat\u0131\u015f d\u00f6nemi devam ediyor. Hayat\u0131nda daima en iyiye yer a\u00e7anlar i\u00e7in tasarland\u0131 Benesta Ac\u0131badem; bulundu\u011fu de\u011ferli lokasyonda, Asya yakas\u0131n\u0131n [&hellip;]<\/p>\n","protected":false},"author":1,"featured_media":38204,"comment_status":"open","ping_status":"open","sticky":false,"template":"","format":"standard","meta":{"ngg_post_thumbnail":0},"categories":[5388],"tags":[],"_links":{"self":[{"href":"https:\/\/emlaktuel.com\/index.php?rest_route=\/wp\/v2\/posts\/39541"}],"collection":[{"href":"https:\/\/emlaktuel.com\/index.php?rest_route=\/wp\/v2\/posts"}],"about":[{"href":"https:\/\/emlaktuel.com\/index.php?rest_route=\/wp\/v2\/types\/post"}],"author":[{"embeddable":true,"href":"https:\/\/emlaktuel.com\/index.php?rest_route=\/wp\/v2\/users\/1"}],"replies":[{"embeddable":true,"href":"https:\/\/emlaktuel.com\/index.php?rest_route=%2Fwp%2Fv2%2Fcomments&post=39541"}],"version-history":[{"count":1,"href":"https:\/\/emlaktuel.com\/index.php?rest_route=\/wp\/v2\/posts\/39541\/revisions"}],"predecessor-version":[{"id":39542,"href":"https:\/\/emlaktuel.com\/index.php?rest_route=\/wp\/v2\/posts\/39541\/revisions\/39542"}],"wp:featuredmedia":[{"embeddable":true,"href":"https:\/\/emlaktuel.com\/index.php?rest_route=\/wp\/v2\/media\/38204"}],"wp:attachment":[{"href":"https:\/\/emlaktuel.com\/index.php?rest_route=%2Fwp%2Fv2%2Fmedia&parent=39541"}],"wp:term":[{"taxonomy":"category","embeddable":true,"href":"https:\/\/emlaktuel.com\/index.php?rest_route=%2Fwp%2Fv2%2Fcategories&post=39541"},{"taxonomy":"post_tag","embeddable":true,"href":"https:\/\/emlaktuel.com\/index.php?rest_route=%2Fwp%2Fv2%2Ftags&post=39541"}],"curies":[{"name":"wp","href":"https:\/\/api.w.org\/{rel}","templated":true}]}}