{"id":39450,"date":"2022-06-19T15:14:58","date_gmt":"2022-06-19T12:14:58","guid":{"rendered":"https:\/\/emlaktuel.com\/?p=39450"},"modified":"2022-06-19T15:14:58","modified_gmt":"2022-06-19T12:14:58","slug":"nissan-turkiye-kurumsal-iletisim-muduru-umut-kir-oldu","status":"publish","type":"post","link":"https:\/\/emlaktuel.com\/?p=39450","title":{"rendered":"Nissan T\u00fcrkiye Kurumsal \u0130leti\u015fim M\u00fcd\u00fcr\u00fc Umut K\u0131r oldu"},"content":{"rendered":"<p><strong>Nissan\u2019da yeni d\u00f6nem N<\/strong><strong>issan T\u00fcrkiye Kurumsal \u0130leti\u015fim M\u00fcd\u00fcr\u00fc Umut K\u0131r oldu<\/strong><\/p>\n<p><strong>Otomotiv sekt\u00f6r\u00fcndeki uzun y\u0131llara dayanan tecr\u00fcbesi ve birikimiyle Umut K\u0131r, Nissan T\u00fcrkiye ileti\u015fimine yeni bir soluk getirecek.<\/strong><\/p>\n<p>Nissan T\u00fcrkiye Kurumsal \u0130leti\u015fim M\u00fcd\u00fcr\u00fc pozisyonuna otomotiv sekt\u00f6r\u00fcn\u00fcn duayen ileti\u015fim y\u00f6neticisi Umut K\u0131r getirildi. Umut K\u0131r, 01 Temmuz 2022 tarihinden itibaren yeni g\u00f6revine ba\u015flayacak. 2021 y\u0131l\u0131ndan bu yana Nissan T\u00fcrkiye Pazarlama \u0130leti\u015fimi M\u00fcd\u00fcr\u00fc olarak g\u00f6rev alan Umut K\u0131r, ger\u00e7ekle\u015fen bu atama ile Nissan T\u00fcrkiye\u2019nin Kurumsal \u0130leti\u015fimine yeni bir y\u00f6n verecek.&nbsp;<\/p>\n<p>Bu \u00fcst d\u00fczey atama ile birlikte Kurumsal \u0130leti\u015fim, Medya \u0130li\u015fkileri, \u0130\u00e7 \u0130leti\u015fim gibi t\u00fcm ileti\u015fim faaliyetlerini y\u00fcr\u00fctecek olan Umut K\u0131r yeni pozisyonunda direkt olarak Nissan T\u00fcrkiye Genel M\u00fcd\u00fcr\u00fc Charbel Abi Ghanem\u2019e raporlayacak. Ayr\u0131ca Nissan\u2019\u0131n elektrifikasyon stratejisi ve s\u00fcrd\u00fcr\u00fclebilirlik hedefleri do\u011frultusunda Ambition 2030, EV 36Zero, Nissan Next, 2050 S\u0131f\u0131r Karbon konular\u0131nda da stratejik ileti\u015fim y\u00f6netimini s\u00fcrd\u00fcrecek.<\/p>\n<h2><strong>Umut K\u0131r kimdir?<\/strong><\/h2>\n<p>1976 y\u0131l\u0131nda \u0130stanbul\u2019da do\u011fdu. 1999 y\u0131l\u0131nda Uluda\u011f \u00dcniversitesi \u0130ktisadi ve \u0130dari Bilimler Fak\u00fcltesi \u00c7al\u0131\u015fma Ekonomisi ve End\u00fcstri \u0130li\u015fkileri b\u00f6l\u00fcm\u00fcnden, 2017 y\u0131l\u0131nda da \u0130stanbul \u00dcniversitesi AUZEF Tarih B\u00f6l\u00fcm\u00fc ve Hasan Ali Y\u00fccel E\u011fitim Fak\u00fcltesi Pedagojik Formasyon program\u0131ndan mezun oldu.&nbsp;<\/p>\n<p>\u0130\u015f ya\u015fam\u0131na 2001 y\u0131l\u0131nda Uluslararas\u0131 Nakliyeciler Derne\u011fi Halkla \u0130li\u015fkiler departman\u0131nda ba\u015flad\u0131. Kariyerine s\u0131ras\u0131yla TIRSAN Treyler San. ve Tic A.\u015e. , Koluman K\u00f6gel Treyler San. ve Tic A.\u015e, Mesaj \u0130leti\u015fim Hiz. Ltd. \u015eti\u2019nde devam<\/p>\n<p>etti. 2013-2021 y\u0131llar\u0131 aras\u0131nda Toyota T\u00fcrkiye Pazarlama ve Sat\u0131\u015f A.\u015e Kurumsal \u0130leti\u015fim ve Kurumsal Pazarlama Y\u00f6neticisi olarak \u00e7al\u0131\u015ft\u0131. Son olarak, 2021 y\u0131l\u0131 Eyl\u00fcl ay\u0131ndan bu yana Nissan T\u00fcrkiye Pazarlama \u0130leti\u015fim M\u00fcd\u00fcrl\u00fc\u011f\u00fc g\u00f6revini y\u00fcr\u00fctt\u00fc. Evli ve 1 \u00e7ocuk babas\u0131 olan Umut K\u0131r \u0130ngilizce, Yunanca ve Almanca dillerini biliyor.<\/p>\n<p><strong>&nbsp;<\/strong><\/p>\n","protected":false},"excerpt":{"rendered":"<p>Nissan\u2019da yeni d\u00f6nem Nissan T\u00fcrkiye Kurumsal \u0130leti\u015fim M\u00fcd\u00fcr\u00fc Umut K\u0131r oldu Otomotiv sekt\u00f6r\u00fcndeki uzun y\u0131llara dayanan tecr\u00fcbesi ve birikimiyle Umut K\u0131r, Nissan T\u00fcrkiye ileti\u015fimine yeni bir soluk getirecek. Nissan T\u00fcrkiye Kurumsal \u0130leti\u015fim M\u00fcd\u00fcr\u00fc pozisyonuna otomotiv sekt\u00f6r\u00fcn\u00fcn duayen ileti\u015fim y\u00f6neticisi Umut K\u0131r getirildi. Umut K\u0131r, 01 Temmuz 2022 tarihinden itibaren yeni g\u00f6revine ba\u015flayacak. 2021 y\u0131l\u0131ndan bu [&hellip;]<\/p>\n","protected":false},"author":1,"featured_media":39451,"comment_status":"open","ping_status":"open","sticky":false,"template":"","format":"standard","meta":{"ngg_post_thumbnail":0},"categories":[26,5215],"tags":[16298,16299],"_links":{"self":[{"href":"https:\/\/emlaktuel.com\/index.php?rest_route=\/wp\/v2\/posts\/39450"}],"collection":[{"href":"https:\/\/emlaktuel.com\/index.php?rest_route=\/wp\/v2\/posts"}],"about":[{"href":"https:\/\/emlaktuel.com\/index.php?rest_route=\/wp\/v2\/types\/post"}],"author":[{"embeddable":true,"href":"https:\/\/emlaktuel.com\/index.php?rest_route=\/wp\/v2\/users\/1"}],"replies":[{"embeddable":true,"href":"https:\/\/emlaktuel.com\/index.php?rest_route=%2Fwp%2Fv2%2Fcomments&post=39450"}],"version-history":[{"count":1,"href":"https:\/\/emlaktuel.com\/index.php?rest_route=\/wp\/v2\/posts\/39450\/revisions"}],"predecessor-version":[{"id":39452,"href":"https:\/\/emlaktuel.com\/index.php?rest_route=\/wp\/v2\/posts\/39450\/revisions\/39452"}],"wp:featuredmedia":[{"embeddable":true,"href":"https:\/\/emlaktuel.com\/index.php?rest_route=\/wp\/v2\/media\/39451"}],"wp:attachment":[{"href":"https:\/\/emlaktuel.com\/index.php?rest_route=%2Fwp%2Fv2%2Fmedia&parent=39450"}],"wp:term":[{"taxonomy":"category","embeddable":true,"href":"https:\/\/emlaktuel.com\/index.php?rest_route=%2Fwp%2Fv2%2Fcategories&post=39450"},{"taxonomy":"post_tag","embeddable":true,"href":"https:\/\/emlaktuel.com\/index.php?rest_route=%2Fwp%2Fv2%2Ftags&post=39450"}],"curies":[{"name":"wp","href":"https:\/\/api.w.org\/{rel}","templated":true}]}}