{"id":39403,"date":"2022-06-16T12:15:39","date_gmt":"2022-06-16T09:15:39","guid":{"rendered":"https:\/\/emlaktuel.com\/?p=39403"},"modified":"2022-06-16T12:15:39","modified_gmt":"2022-06-16T09:15:39","slug":"vedat-arslan-ekonomik-onlemler-konut-satisindaki-ivmeyi-yavaslatmaya-basladi","status":"publish","type":"post","link":"https:\/\/emlaktuel.com\/?p=39403","title":{"rendered":"Vedat Arslan: Ekonomik \u00f6nlemler konut sat\u0131\u015f\u0131ndaki ivmeyi yava\u015flatmaya ba\u015flad\u0131"},"content":{"rendered":"<p>Aremas Y\u00f6netim Kurulu Ba\u015fkan\u0131 Vedat Arslan:<br \/>\n\u201cEkonomik \u00f6nlemler konut sat\u0131\u015f\u0131ndaki ivmeyi yava\u015flatmaya ba\u015flad\u0131\u201d<\/p>\n<p>T\u00dc\u0130K\u2019in a\u00e7\u0131klad\u0131\u011f\u0131 verilere g\u00f6re T\u00fcrkiye genelinde konut sat\u0131\u015flar\u0131 May\u0131s ay\u0131nda bir \u00f6nceki y\u0131l\u0131n ayn\u0131 ay\u0131na k\u0131yasla y\u00fczde 107,5 artarak 122 bin 768 oldu. May\u0131s ay\u0131 konut sat\u0131\u015f istatistiklerini de\u011ferlendiren Aremas Y\u00f6netim Kurulu Ba\u015fkan\u0131 Vedat Arslan, \u201cUygulanan ekonomik \u00f6nlemler konut sat\u0131\u015flar\u0131nda ge\u00e7ti\u011fimiz aya g\u00f6re ufak bir d\u00fc\u015f\u00fc\u015fe neden oldu. Ancak ge\u00e7en y\u0131la g\u00f6re ya\u015fanan art\u0131\u015f, konutun hala en de\u011ferli yat\u0131r\u0131m arac\u0131 olarak g\u00f6r\u00fcld\u00fc\u011f\u00fcn\u00fc kan\u0131tl\u0131yor\u201d dedi.<\/p>\n<p>B\u00fcy\u00fck \u00f6l\u00e7ekli konut projelerine sat\u0131\u015f, pazarlama ve konsept dan\u0131\u015fmanl\u0131\u011f\u0131 hizmeti veren Aremas\u2019\u0131n Y\u00f6netim Kurulu Ba\u015fkan\u0131 Vedat Arslan, May\u0131s ay\u0131 konut sat\u0131\u015f istatistiklerini de\u011ferlendirdi. Arslan, konut sat\u0131\u015flar\u0131nda bir \u00f6nceki y\u0131la g\u00f6re y\u00fczde 100\u2019\u00fcn \u00fczerinde art\u0131\u015f olsa da ge\u00e7ti\u011fimiz Nisan ay\u0131na g\u00f6re k\u00fc\u00e7\u00fck bir d\u00fc\u015f\u00fc\u015f ya\u015fand\u0131\u011f\u0131n\u0131, bu d\u00fc\u015f\u00fc\u015fte ise ekonomik \u00f6nlemlerin etkili oldu\u011fu a\u00e7\u0131klad\u0131.<br \/>\nKonut sat\u0131\u015flar\u0131nda artan ivmenin May\u0131s ay\u0131nda hafif bir d\u00fc\u015f\u00fc\u015fle kesildi\u011fini belirten Arslan, \u201cBu d\u00fc\u015f\u00fc\u015f bize gerek FED\u2019in faiz art\u0131r\u0131m\u0131 ve parasal s\u0131k\u0131la\u015ft\u0131rma politikas\u0131 gerek \u00fclkemizde al\u0131nan ekonomik \u00f6nlemler nedeniyle s\u0131cak paran\u0131n yava\u015f yava\u015f \u00e7ekilmeye ba\u015flad\u0131\u011f\u0131n\u0131, bankalar\u0131n ise kredi verme i\u015ftah\u0131n\u0131n d\u00fc\u015ft\u00fc\u011f\u00fcn\u00fc g\u00f6steriyor. Bunun sonu\u00e7lar\u0131n\u0131 Haziran ay\u0131nda a\u00e7\u0131klanacak verilerle daha net g\u00f6rece\u011fiz. Buna ra\u011fmen bir \u00f6nceki y\u0131la g\u00f6re ya\u015fanan art\u0131\u015f, konutun hala en de\u011ferli yat\u0131r\u0131m arac\u0131 olarak g\u00f6r\u00fcld\u00fc\u011f\u00fcn\u00fc kan\u0131tl\u0131yor\u201d dedi.<br \/>\nYabanc\u0131ya sat\u0131\u015fta homojen da\u011f\u0131l\u0131ma dikkat edilmeli.\u201d<\/p>\n<p>Yabanc\u0131ya konut sat\u0131\u015f rakamlar\u0131n\u0131 da de\u011ferlendiren Arslan, \u201cVatanda\u015fl\u0131k i\u00e7in 250 bin dolar olan ba\u015fvuru \u015fart\u0131n\u0131n 400 bin dolara y\u00fckseltilmesinin etkilerini san\u0131r\u0131m Haziran ay\u0131 itibar\u0131yla g\u00f6rece\u011fiz. Bu etkinin yabanc\u0131ya sat\u0131\u015f\u0131n en y\u00fcksek seviyeye \u00e7\u0131kt\u0131\u011f\u0131 Temmuz ve A\u011fustos aylar\u0131nda da s\u00fcrece\u011fini \u00f6ng\u00f6r\u00fcyoruz\u201d diye konu\u015ftu. Baz\u0131 mahallelerde \u0130\u00e7i\u015fleri Bakanl\u0131\u011f\u0131 taraf\u0131ndan yabanc\u0131lar i\u00e7in yo\u011funla\u015fma dolay\u0131s\u0131yla ikamete s\u0131n\u0131r getirilmesi konusuna da de\u011finen Arslan, T\u00fcrkiye\u2019nin 81 ilinde yabanc\u0131ya sat\u0131\u015f olmad\u0131\u011f\u0131n\u0131, her d\u00f6rt sat\u0131\u015ftan neredeyse 3\u2019\u00fcn\u00fcn \u0130stanbul ve Antalya\u2019da ger\u00e7ekle\u015fti\u011fini, \u00fcstelik bu \u015fehirlerde de belli ilce ve mahallelerde yo\u011funla\u015fma oldu\u011funu ve bu sebeple ilgili uygulaman\u0131n daha homojen da\u011f\u0131l\u0131ma imk\u00e2n sa\u011flamas\u0131n\u0131 umduklar\u0131n\u0131 s\u00f6yledi.<\/p>\n<h2>\u201cRus vatanda\u015flar\u0131n birincili\u011fi peki\u015fiyor\u201d<\/h2>\n<p>Rus vatanda\u015flara yap\u0131lan sat\u0131\u015f\u0131n bir \u00f6nceki aya g\u00f6re artarak bin 275&#8217;e y\u00fckseldi\u011fini ifade eden Arslan, \u201cRusya&#8217;n\u0131n etkisini artarak g\u00f6rece\u011fimizi bekliyorduk, Rus vatanda\u015flar\u0131n konut sat\u0131\u015f\u0131nda birincili\u011fi peki\u015fiyor&#8221; dedi.<br \/>\nAremas hakk\u0131nda:<br \/>\n2010 y\u0131l\u0131nda konut projelerine sat\u0131\u015f pazarlama deste\u011fi vermek amac\u0131yla yola \u00e7\u0131kan AREMAS bug\u00fcn b\u00fcnyesinde 6 ana departmanla faaliyet g\u00f6steriyor. T\u00fcrkiye d\u0131\u015f\u0131nda Almanya, Azerbaycan ve G\u00fcrcistan\u2019da da ofisleri bulunan AREMAS; yurt i\u00e7i ve yurtd\u0131\u015f\u0131ndaki b\u00fcy\u00fck \u00f6l\u00e7ekli gayrimenkul projelerine sat\u0131\u015f-pazarlama, proje ve konsept geli\u015ftirme, ticari gayrimenkul sat\u0131\u015f\u0131 gibi alanlarda hizmet veriyor. Ayr\u0131ca yabanc\u0131ya konut sat\u0131\u015f\u0131 alan\u0131nda hizmet veren Maya International da \u0130stanbul merkezli olarak y\u00fcr\u00fctt\u00fc\u011f\u00fc operasyonlardan biridir. &nbsp;<\/p>\n","protected":false},"excerpt":{"rendered":"<p>Aremas Y\u00f6netim Kurulu Ba\u015fkan\u0131 Vedat Arslan: \u201cEkonomik \u00f6nlemler konut sat\u0131\u015f\u0131ndaki ivmeyi yava\u015flatmaya ba\u015flad\u0131\u201d T\u00dc\u0130K\u2019in a\u00e7\u0131klad\u0131\u011f\u0131 verilere g\u00f6re T\u00fcrkiye genelinde konut sat\u0131\u015flar\u0131 May\u0131s ay\u0131nda bir \u00f6nceki y\u0131l\u0131n ayn\u0131 ay\u0131na k\u0131yasla y\u00fczde 107,5 artarak 122 bin 768 oldu. May\u0131s ay\u0131 konut sat\u0131\u015f istatistiklerini de\u011ferlendiren Aremas Y\u00f6netim Kurulu Ba\u015fkan\u0131 Vedat Arslan, \u201cUygulanan ekonomik \u00f6nlemler konut sat\u0131\u015flar\u0131nda ge\u00e7ti\u011fimiz aya [&hellip;]<\/p>\n","protected":false},"author":1,"featured_media":39404,"comment_status":"open","ping_status":"open","sticky":false,"template":"","format":"standard","meta":{"ngg_post_thumbnail":0},"categories":[5388],"tags":[9354,6230],"_links":{"self":[{"href":"https:\/\/emlaktuel.com\/index.php?rest_route=\/wp\/v2\/posts\/39403"}],"collection":[{"href":"https:\/\/emlaktuel.com\/index.php?rest_route=\/wp\/v2\/posts"}],"about":[{"href":"https:\/\/emlaktuel.com\/index.php?rest_route=\/wp\/v2\/types\/post"}],"author":[{"embeddable":true,"href":"https:\/\/emlaktuel.com\/index.php?rest_route=\/wp\/v2\/users\/1"}],"replies":[{"embeddable":true,"href":"https:\/\/emlaktuel.com\/index.php?rest_route=%2Fwp%2Fv2%2Fcomments&post=39403"}],"version-history":[{"count":1,"href":"https:\/\/emlaktuel.com\/index.php?rest_route=\/wp\/v2\/posts\/39403\/revisions"}],"predecessor-version":[{"id":39405,"href":"https:\/\/emlaktuel.com\/index.php?rest_route=\/wp\/v2\/posts\/39403\/revisions\/39405"}],"wp:featuredmedia":[{"embeddable":true,"href":"https:\/\/emlaktuel.com\/index.php?rest_route=\/wp\/v2\/media\/39404"}],"wp:attachment":[{"href":"https:\/\/emlaktuel.com\/index.php?rest_route=%2Fwp%2Fv2%2Fmedia&parent=39403"}],"wp:term":[{"taxonomy":"category","embeddable":true,"href":"https:\/\/emlaktuel.com\/index.php?rest_route=%2Fwp%2Fv2%2Fcategories&post=39403"},{"taxonomy":"post_tag","embeddable":true,"href":"https:\/\/emlaktuel.com\/index.php?rest_route=%2Fwp%2Fv2%2Ftags&post=39403"}],"curies":[{"name":"wp","href":"https:\/\/api.w.org\/{rel}","templated":true}]}}