{"id":39401,"date":"2022-06-16T11:16:03","date_gmt":"2022-06-16T08:16:03","guid":{"rendered":"https:\/\/emlaktuel.com\/?p=39401"},"modified":"2022-06-16T11:16:03","modified_gmt":"2022-06-16T08:16:03","slug":"huseyin-dincel-konutta-talebin-oldukca-canli-oldugu-bir-donemdeyiz","status":"publish","type":"post","link":"https:\/\/emlaktuel.com\/?p=39401","title":{"rendered":"H\u00fcseyin Din\u00e7el: Konutta Talebin Olduk\u00e7a Canl\u0131 Oldu\u011fu Bir D\u00f6nemdeyiz"},"content":{"rendered":"<p>&#8220;Konutta Talebin Olduk\u00e7a Canl\u0131 Oldu\u011fu Bir D\u00f6nemdeyiz\u201d<\/p>\n<p>Konut sat\u0131\u015flar\u0131 May\u0131s ay\u0131nda bir \u00f6nceki y\u0131l\u0131n ayn\u0131 ay\u0131na g\u00f6re y\u00fczde 107.5 artarak 122 bin 768 adet oldu.<br \/>\nSat\u0131\u015flar, Ocak-May\u0131s d\u00f6neminde bir \u00f6nceki y\u0131l\u0131n ayn\u0131 d\u00f6nemine g\u00f6re %37.7 art\u0131\u015fla 575 bin 889 olarak ger\u00e7ekle\u015fti.<br \/>\nRakamlar\u0131 de\u011ferlendiren Akyap\u0131 Y\u00f6netim Kurulu Ba\u015fkan\u0131 H\u00fcseyin Din\u00e7el, \u015fu a\u00e7\u0131klamalar\u0131 yapt\u0131: \u201cBu rakamlar son \u00fc\u00e7 y\u0131ldaki en iyi May\u0131s ay\u0131 sat\u0131\u015f\u0131na i\u015faret ediyor. Konut sat\u0131\u015flar\u0131ndaki art\u0131\u015f s\u00fcr\u00fcyor. Ge\u00e7ti\u011fimiz iki y\u0131lda koronavir\u00fcs tedbirlerinin konut sat\u0131\u015flar\u0131na da yans\u0131d\u0131\u011f\u0131n\u0131 tecr\u00fcbe ettik. Pandemi s\u00fcrecinden beri biriken arz ve sekt\u00f6r taraf\u0131ndan beklemeye al\u0131nan taleplerin bir sonucu olarak, pozitif etkiyi ger\u00e7ek anlamda Nisan ay\u0131nda g\u00f6rmeye ba\u015flad\u0131k. Bunda, pandeminin \u00fclkemiz ve d\u00fcnya genelinde kontrol alt\u0131na al\u0131nmas\u0131, ya\u015fam\u0131n normale d\u00f6nmeye ba\u015flamas\u0131yla beraber 2022\u2019nin ilk \u00e7eyre\u011finde yeni projelerin sat\u0131\u015fa sunulmas\u0131n\u0131n da etkisi b\u00fcy\u00fck. Ayr\u0131ca May\u0131s ay\u0131nda devreye giren Konut Finansman Projesi\u2019nin de sat\u0131\u015flar\u0131n art\u0131\u015f\u0131na olumlu etki etti\u011fini g\u00f6r\u00fcyoruz. B\u00fct\u00fcn bunlar birle\u015fti\u011finde konutta rekor serisinin devam edece\u011fini s\u00f6yleyebiliriz. Konutta talebin olduk\u00e7a canl\u0131 oldu\u011fu bir d\u00f6nemdeyiz\u201d<br \/>\nYabanc\u0131lara yap\u0131lan konut sat\u0131\u015flar\u0131n\u0131n da baz etkisiyle y\u00fczde 235.7 y\u00fckselerek 5 bin 962 oldu\u011funu, ancak bir \u00f6nceki aya g\u00f6re d\u00fc\u015f\u00fc\u015f g\u00f6r\u00fcld\u00fc\u011f\u00fcn\u00fc belirten Din\u00e7el, 2022\u2019nin ba\u015f\u0131ndan beri yabanc\u0131lara sat\u0131\u015fta ilk defa d\u00fc\u015f\u00fc\u015f ya\u015fand\u0131\u011f\u0131n\u0131 da ifade etti.<\/p>\n","protected":false},"excerpt":{"rendered":"<p>&#8220;Konutta Talebin Olduk\u00e7a Canl\u0131 Oldu\u011fu Bir D\u00f6nemdeyiz\u201d Konut sat\u0131\u015flar\u0131 May\u0131s ay\u0131nda bir \u00f6nceki y\u0131l\u0131n ayn\u0131 ay\u0131na g\u00f6re y\u00fczde 107.5 artarak 122 bin 768 adet oldu. Sat\u0131\u015flar, Ocak-May\u0131s d\u00f6neminde bir \u00f6nceki y\u0131l\u0131n ayn\u0131 d\u00f6nemine g\u00f6re %37.7 art\u0131\u015fla 575 bin 889 olarak ger\u00e7ekle\u015fti. Rakamlar\u0131 de\u011ferlendiren Akyap\u0131 Y\u00f6netim Kurulu Ba\u015fkan\u0131 H\u00fcseyin Din\u00e7el, \u015fu a\u00e7\u0131klamalar\u0131 yapt\u0131: \u201cBu rakamlar son [&hellip;]<\/p>\n","protected":false},"author":1,"featured_media":37632,"comment_status":"open","ping_status":"open","sticky":false,"template":"","format":"standard","meta":{"ngg_post_thumbnail":0},"categories":[5388],"tags":[15507],"_links":{"self":[{"href":"https:\/\/emlaktuel.com\/index.php?rest_route=\/wp\/v2\/posts\/39401"}],"collection":[{"href":"https:\/\/emlaktuel.com\/index.php?rest_route=\/wp\/v2\/posts"}],"about":[{"href":"https:\/\/emlaktuel.com\/index.php?rest_route=\/wp\/v2\/types\/post"}],"author":[{"embeddable":true,"href":"https:\/\/emlaktuel.com\/index.php?rest_route=\/wp\/v2\/users\/1"}],"replies":[{"embeddable":true,"href":"https:\/\/emlaktuel.com\/index.php?rest_route=%2Fwp%2Fv2%2Fcomments&post=39401"}],"version-history":[{"count":1,"href":"https:\/\/emlaktuel.com\/index.php?rest_route=\/wp\/v2\/posts\/39401\/revisions"}],"predecessor-version":[{"id":39402,"href":"https:\/\/emlaktuel.com\/index.php?rest_route=\/wp\/v2\/posts\/39401\/revisions\/39402"}],"wp:featuredmedia":[{"embeddable":true,"href":"https:\/\/emlaktuel.com\/index.php?rest_route=\/wp\/v2\/media\/37632"}],"wp:attachment":[{"href":"https:\/\/emlaktuel.com\/index.php?rest_route=%2Fwp%2Fv2%2Fmedia&parent=39401"}],"wp:term":[{"taxonomy":"category","embeddable":true,"href":"https:\/\/emlaktuel.com\/index.php?rest_route=%2Fwp%2Fv2%2Fcategories&post=39401"},{"taxonomy":"post_tag","embeddable":true,"href":"https:\/\/emlaktuel.com\/index.php?rest_route=%2Fwp%2Fv2%2Ftags&post=39401"}],"curies":[{"name":"wp","href":"https:\/\/api.w.org\/{rel}","templated":true}]}}