{"id":3936,"date":"2016-08-06T14:29:17","date_gmt":"2016-08-06T11:29:17","guid":{"rendered":"http:\/\/emlaktuel.com\/?p=3936"},"modified":"2018-07-05T14:29:26","modified_gmt":"2018-07-05T11:29:26","slug":"agaoglundan-3-milyar-dolarlik-yatirim","status":"publish","type":"post","link":"https:\/\/emlaktuel.com\/?p=3936","title":{"rendered":"A\u011fao\u011flu&#8217;ndan 3 milyar dolarl\u0131k yat\u0131r\u0131m!"},"content":{"rendered":"<p>A\u011fao\u011flu \u015eirketler Grubu Ba\u015fkan\u0131 Ali A\u011fao\u011flu, hem yerli hem de yabanc\u0131 yat\u0131r\u0131mc\u0131lar\u0131n T\u00fcrkiye\u2019nin gelece\u011fine g\u00fcvendi\u011fini s\u00f6yledi. 15 Temmuz darbe giri\u015fimi sonras\u0131 yabanc\u0131 yat\u0131r\u0131mc\u0131larla 2 g\u00fcn boyunca telefon g\u00f6r\u00fc\u015fmesi yapt\u0131klar\u0131n\u0131 s\u00f6yleyen A\u011fao\u011flu, \u201cHepsinin T\u00fcrkiye\u2019ye g\u00fcveni tam. Bana \u2018T\u00fcrkiye r\u00fc\u015ft\u00fcn\u00fc ispatlad\u0131, demokrasisine sahip \u00e7\u0131kt\u0131\u2019 dediler. Bu saatten sonra yabanc\u0131 yat\u0131r\u0131mlar daha da artacak. \u00d6zellikle K\u00f6rfez\u2019den talep gelmeye ba\u015flad\u0131. Bu s\u00fcre\u00e7te bize destek olmak i\u00e7in al\u0131m yap\u0131yorlar. Biz darbe giri\u015fiminden 2 g\u00fcn sonra Maslak 1453 projemizde 25 milyon liral\u0131k sat\u0131\u015f yapt\u0131k. Irakl\u0131 bir i\u015fadam\u0131 17 milyon liraya tam kat sat\u0131n ald\u0131\u201d dedi.<\/p>\n<div>\n<h2>14 TEMMUZ\u2019DAN DAHA TEM\u0130Z<\/h2>\n<p>15 Temmuz gecesi ya\u015fanan darbe giri\u015fimi sonras\u0131 siyasi iradenin gerekli ad\u0131mlar\u0131 att\u0131\u011f\u0131n\u0131 belirten A\u011fao\u011flu, \u201cT\u00fcrkiye 14 Temmuz\u2019dan daha temiz. Siyasi irade ay\u0131klamalar\u0131 yapacak ve T\u00fcrkiye\u2019nin b\u00fcy\u00fcmesine engel t\u00fcm olumsuzluklar ortadan kalkacak. Bug\u00fcne kadar ba\u015fta in\u015faat olmak \u00fczere her sekt\u00f6rde yolumuza ta\u015f koyan hainlerden kurtulaca\u011f\u0131z ve T\u00fcrkiye 2023 hedeflerine emin ad\u0131mlarla ilerleyecek\u201d dedi.<\/p>\n<h2>3 M\u0130LYARLIK YATIRIM YOLDA<\/h2>\n<p>Bug\u00fcne kadar b\u00fcrokrasi y\u00fcz\u00fcnden i\u015f yapman\u0131n imk\u00e2ns\u0131z hale geldi\u011fini belirten A\u011fao\u011flu, \u201cEngeller ortadan kalkmaya ba\u015flad\u0131\u011f\u0131 i\u00e7in biz de yeni yat\u0131r\u0131mlar i\u00e7in \u00e7al\u0131\u015fmaya ba\u015flad\u0131k. \u00a0Sadece in\u015faatta 3 milyar dolarl\u0131k bekleyen yat\u0131r\u0131m\u0131m\u0131z var. Yenik\u00f6y, \u00c7ekmek\u00f6y, Ba\u011fc\u0131lar ve Bak\u0131rk\u00f6y\u2019de b\u00fcy\u00fck konut projelerimiz devreye girecek. Ayr\u0131ca \u00a0enerjide 1 milyar dolar, sanayide de 180 milyon dolar yat\u0131r\u0131m\u0131m\u0131z var\u201d dedi. Sekt\u00f6r oyuncular\u0131n\u0131n k\u00e2r\u0131ndan feragat ederek \u00f6nemli bir kampanya ba\u015flatt\u0131\u011f\u0131n\u0131 belirten A\u011fao\u011flu, \u201cE\u011fer devlet de bize destek olursa sekt\u00f6r ciddi ivme kazan\u0131r. Dolayl\u0131 vergi ve KDV konusunda d\u00fczenleme bekliyoruz. M\u00fcktesep hak (kazan\u0131lm\u0131\u015f hak) konusu netle\u015fmeli ve al\u0131nan ruhsatlardan sonra keyfe g\u00f6re de\u011fi\u015fikler olmamal\u0131. Yabanc\u0131 yat\u0131r\u0131mc\u0131n\u0131n \u00f6n\u00fcn\u00fc a\u00e7mak i\u00e7in de uzun s\u00fcre oturma izni ve vatanda\u015fl\u0131k hakk\u0131 tekrar g\u00fcndeme gelmeli\u201d dedi.<\/p>\n<h2>MASLAK\u2019TA YA\u015eAM BA\u015eLADI<\/h2>\n<p>A\u011eAO\u011eLU \u015eirketler Grubu imzal\u0131 Maslak 1453 projesinde yakla\u015f\u0131k 3 bin daire ekim sonuna kadar teslim edilecek. 2 milyon metrekarelik alan\u0131yla Avrupa\u2019n\u0131n en b\u00fcy\u00fck ya\u015fam kompleksi olan Maslak 1453 konut, ofis ve ticari fonksiyonlar\u0131n\u0131n yan\u0131 s\u0131ra 1453 metre al\u0131\u015fveri\u015f caddesi ile \u0130stanbul\u2019un yepyeni i\u015f ve ya\u015fam merkezi. Projede; 4 bin 203 konut, 507 ofis ile 117 kule alt\u0131 ma\u011faza yer al\u0131yor. Lokasyon avantaj\u0131 ile \u00f6ne \u00e7\u0131kan projede bug\u00fcne kadar 40 bin ki\u015fiye istihdam sa\u011fland\u0131\u011f\u0131n\u0131 belirten A\u011fao\u011flu, \u201c20 bini konutlarda ya\u015fayanlar, 40 bini \u00fcniversite \u00f6\u011frencisi, 10 bini ofis \u00e7al\u0131\u015fan\u0131 olmak \u00fczere g\u00fcnl\u00fck ziyaret\u00e7iler ile birlikte toplam 100 bin ki\u015fiyi a\u015fan bir n\u00fcfusun b\u00fct\u00fcn ihtiya\u00e7lar\u0131n\u0131 kar\u015f\u0131layacak bir ya\u015fam merkezi in\u015fa ettik\u201d diye konu\u015ftu.<\/p>\n<h2>DUBA\u0130 \u00c7IKARMASI<\/h2>\n<p>A\u011eAO\u011eLU eyl\u00fcl ay\u0131nda Dubai\u2019de ger\u00e7ekle\u015fecek uluslararas\u0131 gayrimenkul fuar\u0131 Cityscape\u2019e etkili bir kat\u0131l\u0131m planlad\u0131klar\u0131n\u0131 s\u00f6yledi. Y\u00fczlerce i\u015fadam\u0131 ile birebir g\u00f6r\u00fc\u015fme yapacaklar\u0131n\u0131 belirten A\u011fao\u011flu, \u201cDavetiyeler haz\u0131rlat\u0131yorum. B\u00f6lgenin en g\u00fc\u00e7l\u00fc isimleri ile g\u00f6r\u00fc\u015fece\u011fiz. Aile meclislerine kat\u0131l\u0131p kendimizi anlataca\u011f\u0131z\u201d dedi.<\/p>\n<p>H\u00fcrriyet<\/p>\n<\/div>\n","protected":false},"excerpt":{"rendered":"<p>A\u011fao\u011flu \u015eirketler Grubu Ba\u015fkan\u0131 Ali A\u011fao\u011flu, hem yerli hem de yabanc\u0131 yat\u0131r\u0131mc\u0131lar\u0131n T\u00fcrkiye\u2019nin gelece\u011fine g\u00fcvendi\u011fini s\u00f6yledi. 15 Temmuz darbe giri\u015fimi sonras\u0131 yabanc\u0131 yat\u0131r\u0131mc\u0131larla 2 g\u00fcn boyunca telefon g\u00f6r\u00fc\u015fmesi yapt\u0131klar\u0131n\u0131 s\u00f6yleyen A\u011fao\u011flu, \u201cHepsinin T\u00fcrkiye\u2019ye g\u00fcveni tam. Bana \u2018T\u00fcrkiye r\u00fc\u015ft\u00fcn\u00fc ispatlad\u0131, demokrasisine sahip \u00e7\u0131kt\u0131\u2019 dediler. Bu saatten sonra yabanc\u0131 yat\u0131r\u0131mlar daha da artacak. \u00d6zellikle K\u00f6rfez\u2019den talep gelmeye [&hellip;]<\/p>\n","protected":false},"author":1,"featured_media":2534,"comment_status":"open","ping_status":"open","sticky":false,"template":"","format":"standard","meta":{"ngg_post_thumbnail":0},"categories":[221,1,26,27],"tags":[2373,253,970,2701,1514,4618,2161,62,2689,2702,80,1551,1999,159,96,900],"_links":{"self":[{"href":"https:\/\/emlaktuel.com\/index.php?rest_route=\/wp\/v2\/posts\/3936"}],"collection":[{"href":"https:\/\/emlaktuel.com\/index.php?rest_route=\/wp\/v2\/posts"}],"about":[{"href":"https:\/\/emlaktuel.com\/index.php?rest_route=\/wp\/v2\/types\/post"}],"author":[{"embeddable":true,"href":"https:\/\/emlaktuel.com\/index.php?rest_route=\/wp\/v2\/users\/1"}],"replies":[{"embeddable":true,"href":"https:\/\/emlaktuel.com\/index.php?rest_route=%2Fwp%2Fv2%2Fcomments&post=3936"}],"version-history":[{"count":1,"href":"https:\/\/emlaktuel.com\/index.php?rest_route=\/wp\/v2\/posts\/3936\/revisions"}],"predecessor-version":[{"id":3937,"href":"https:\/\/emlaktuel.com\/index.php?rest_route=\/wp\/v2\/posts\/3936\/revisions\/3937"}],"wp:featuredmedia":[{"embeddable":true,"href":"https:\/\/emlaktuel.com\/index.php?rest_route=\/wp\/v2\/media\/2534"}],"wp:attachment":[{"href":"https:\/\/emlaktuel.com\/index.php?rest_route=%2Fwp%2Fv2%2Fmedia&parent=3936"}],"wp:term":[{"taxonomy":"category","embeddable":true,"href":"https:\/\/emlaktuel.com\/index.php?rest_route=%2Fwp%2Fv2%2Fcategories&post=3936"},{"taxonomy":"post_tag","embeddable":true,"href":"https:\/\/emlaktuel.com\/index.php?rest_route=%2Fwp%2Fv2%2Ftags&post=3936"}],"curies":[{"name":"wp","href":"https:\/\/api.w.org\/{rel}","templated":true}]}}