{"id":39196,"date":"2022-06-04T12:31:24","date_gmt":"2022-06-04T09:31:24","guid":{"rendered":"https:\/\/emlaktuel.com\/?p=39196"},"modified":"2022-06-04T12:31:24","modified_gmt":"2022-06-04T09:31:24","slug":"tayfun-kucukoglu-insaat-atik-yonetiminde-kendimizi-gelistirmeliyiz","status":"publish","type":"post","link":"https:\/\/emlaktuel.com\/?p=39196","title":{"rendered":"Tayfun K\u00fc\u00e7\u00fcko\u011flu: \u0130n\u015faat at\u0131k y\u00f6netiminde kendimizi geli\u015ftirmeliyiz"},"content":{"rendered":"<p><strong>T\u00fcrkiye \u0130MSAD Ba\u015fkan\u0131 <\/strong><strong>Tayfun K\u00fc\u00e7\u00fcko\u011flu: <\/strong><strong>\u201c\u0130n\u015faat at\u0131k y\u00f6netiminde kendimizi geli\u015ftirmeliyiz\u201d<\/strong><\/p>\n<p><strong>T\u00fcrkiye \u0130MSAD Y\u00f6netim Kurulu Ba\u015fkan\u0131 Tayfun K\u00fc\u00e7\u00fcko\u011flu, 5 Haziran D\u00fcnya \u00c7evre G\u00fcn\u00fc dolay\u0131s\u0131yla yapt\u0131\u011f\u0131 a\u00e7\u0131klamada; \u201c\u00d6nceki y\u0131llarda vurgulad\u0131\u011f\u0131m\u0131z&nbsp;<\/strong><strong>\u2018enerji verimli, s\u00fcrd\u00fcr\u00fclebilir binalar \u00fclkelerin \u00f6nemli g\u00fcndemi olacak\u2019 tespitlerimiz bug\u00fcn kar\u015f\u0131l\u0131\u011f\u0131n\u0131 buluyor. Gelecek nesiller i\u00e7in s<\/strong><strong>\u00fcrd\u00fcr\u00fclebilir yap\u0131lara odaklanmal\u0131, \u00e7evre dostu inovatif malzemeler geli\u015ftirmeye \u00f6ncelik vermeliyiz. \u00d6zellikle kentsel d\u00f6n\u00fc\u015f\u00fcm s\u00fcrecinde moloz y\u00f6netimi ve geri d\u00f6n\u00fc\u015f\u00fcmle ilgili noktalarda da kendimizi geli\u015ftirmeliyiz\u201d mesajlar\u0131n\u0131 verdi.<\/strong><\/p>\n<p><strong>T\u00fcrkiye \u0130MSAD (T\u00fcrkiye \u0130n\u015faat Malzemesi Sanayicileri Derne\u011fi) Y\u00f6netim Kurulu Ba\u015fkan\u0131 Tayfun K\u00fc\u00e7\u00fcko\u011flu,<\/strong>&nbsp;<strong>her y\u0131l kutlanan D\u00fcnya \u00c7evre G\u00fcn\u00fc\u2019n\u00fcn, \u00c7evre, \u0130klim ve \u015eehircilik Bakanl\u0131\u011f\u0131 \u00f6nerisi ile&nbsp;<\/strong><strong>T\u00fcrkiye \u00c7evre Haftas\u0131\u2019<\/strong>&nbsp;olarak&nbsp;kapsam\u0131n\u0131n geni\u015fletildi\u011fini ve bu y\u0131l&nbsp;<strong>\u2018S\u0131f\u0131r At\u0131k\u2019<\/strong>&nbsp;temas\u0131yla kutland\u0131\u011f\u0131n\u0131 hat\u0131rlatt\u0131. \u00c7evrenin korunmas\u0131, s\u00fcrd\u00fcr\u00fclebilir ya\u015fam \u00e7evrelerinin olu\u015fturulmas\u0131, iklim de\u011fi\u015fikli\u011fi ile m\u00fccadele ve uyum konular\u0131nda Bakanl\u0131\u011f\u0131n y\u00fcr\u00fctt\u00fc\u011f\u00fc \u00e7al\u0131\u015fma ve y\u00f6nlendirmeleri yak\u0131ndan takip ettiklerini belirten&nbsp;<strong>Tayfun K\u00fc\u00e7\u00fcko\u011flu,&nbsp;<\/strong>\u201c\u0130klim de\u011fi\u015fikli\u011fiyle m\u00fccadele, tek ba\u015f\u0131na bir m\u00fccadele olmad\u0131\u011f\u0131ndan t\u00fcm \u00fclkelerin kararl\u0131l\u0131kla \u00e7evre hassasiyetini g\u00f6zetmesini bekliyoruz. \u00dclkemizin Paris \u0130klim Anla\u015fmas\u0131na kat\u0131l\u0131m\u0131 ve T\u00fcrkiye \u0130MSAD olarak bizim de yer ald\u0131\u011f\u0131m\u0131z \u0130klim \u015euras\u0131\u2019nda at\u0131lan ad\u0131mlar\u0131 yak\u0131ndan izliyor, \u00fcyelerimizin fark\u0131ndal\u0131klar\u0131n\u0131 art\u0131rmaya y\u00f6nelik \u00e7al\u0131\u015fmalar\u0131m\u0131z\u0131 aral\u0131ks\u0131z s\u00fcrd\u00fcr\u00fcyoruz\u201d a\u00e7\u0131klamas\u0131n\u0131 yapt\u0131.<\/p>\n<h2><strong>Tayfun K\u00fc\u00e7\u00fcko\u011flu&nbsp;<\/strong>s\u00f6zlerini \u015f\u00f6yle s\u00fcrd\u00fcrd\u00fc:<\/h2>\n<p>\u201cYak\u0131n zamanda k\u00fcresel enerji arz dengesinde ya\u015fanan geli\u015fmeler her ge\u00e7en g\u00fcn artan enerji ihtiyac\u0131m\u0131z i\u00e7in yenilenebilir kaynaklara daha h\u0131zl\u0131 y\u00f6nelmemizi, mevcut enerjimizi de verimli kullanmam\u0131z\u0131 i\u015faret ediyor. T\u00fcm d\u00fcnya sava\u015f\u0131n devam etti\u011fi \u015fu d\u00f6nemde bir taraftan y\u00fcksek maliyetler di\u011fer taraftan s\u00fcrd\u00fcr\u00fclebilirlik aras\u0131nda kald\u0131. Enerji krizi, g\u0131da krizi, su krizi kap\u0131m\u0131zda! S\u00fcrd\u00fcr\u00fclebilir ya\u015fam i\u00e7in yap\u0131lmas\u0131 gerekenleri, iklim de\u011fi\u015fikli\u011fi ile m\u00fccadeleyi d\u00fcnyam\u0131z\u0131n gelece\u011fi i\u00e7in bir kenara b\u0131rakmam\u0131z m\u00fcmk\u00fcn de\u011fil. \u00d6nceki y\u0131llarda vurgulad\u0131\u011f\u0131m\u0131z \u2018gelecekte enerji verimli, s\u00fcrd\u00fcr\u00fclebilir binalar \u00fclkelerin \u00f6nemli g\u00fcndemi olacak\u2019 tespitlerimiz bug\u00fcn kar\u015f\u0131l\u0131\u011f\u0131n\u0131 buluyor. Yakla\u015f\u0131k y\u00fczde&nbsp;<strong>70<\/strong>\u2019ini ithal yollardan elde etti\u011fimiz toplam enerjimizin yakla\u015f\u0131k y\u00fczde&nbsp;<strong>31<\/strong>&nbsp;gibi b\u00fcy\u00fck bir k\u0131sm\u0131 binalarda kullan\u0131l\u0131yor.&nbsp;K\u00fcresel sera gaz\u0131 emisyon kaynaklar\u0131n\u0131n&nbsp;y\u00fczde&nbsp;<strong>75<\/strong>\u2019i&nbsp;enerji eldesi, sanayi, ula\u015f\u0131m, \u0131s\u0131tma-so\u011futma ve binalar nedeniyle olu\u015fuyor. Binalarda enerji verimlili\u011fini art\u0131r\u0131p, enerji ithalat\u0131n\u0131 ve sera gaz\u0131 sal\u0131m\u0131n\u0131 azaltarak, ekonomiye ve \u00e7evreye b\u00fcy\u00fck katk\u0131lar sa\u011flayabiliriz.\u201d<\/p>\n<h2><strong>\u201c\u00c7evreci, inovatif \u00fcr\u00fcnler geli\u015ftirmeliyiz\u201d<\/strong><\/h2>\n<p>Kaynaklar\u0131n ak\u0131lc\u0131 ve etkin kullan\u0131lmas\u0131n\u0131n giderek daha fazla \u00f6nem kazand\u0131\u011f\u0131n\u0131 vurgulayan&nbsp;<strong>T\u00fcrkiye \u0130MSAD Y\u00f6netim Kurulu Ba\u015fkan\u0131 Tayfun K\u00fc\u00e7\u00fcko\u011flu,<\/strong>&nbsp;\u201cD\u00fcnyada sadece son 30 y\u0131lda ormanlar\u0131n 5&#8217;te 1&#8217;i yok oldu. \u00c7evreyi korumaya y\u00f6nelik tedbirler, ekolojik dengeyi koruyarak s\u00fcrd\u00fcr\u00fclebilir bir gelecek in\u015fa etmemizde \u00f6nemli rol oynuyor. D\u00fcnyada ye\u015fil bina ve s\u00fcrd\u00fcr\u00fclebilir malzemelerin kullan\u0131m\u0131na y\u00f6nelik talep artarken, in\u015faat malzemesi sanayisinin sorumlulu\u011fu da art\u0131yor.&nbsp;S\u00fcrd\u00fcr\u00fclebilir yap\u0131lara odaklanmal\u0131, bunun i\u00e7in de \u00e7evre dostu inovatif malzemeler geli\u015ftirmeye \u00f6ncelik vermeliyiz\u201d dedi.&nbsp;<\/p>\n<p>AB Ye\u015fil Mutabakata uyum s\u00fcrecinin devam etti\u011fini hat\u0131rlatan&nbsp;<strong>Tayfun K\u00fc\u00e7\u00fcko\u011flu<\/strong>, \u201cT\u00fcrkiye\u2019yi \u00fcretim \u00fcss\u00fc olarak d\u00fc\u015f\u00fcn\u00fcrsek, bizim gibi enerji yo\u011fun sekt\u00f6rlerin a\u011f\u0131rl\u0131kl\u0131 oldu\u011fu bir \u00fclkede Ye\u015fil Mutabakat ve S\u0131n\u0131rda Karbon Vergisi konusunda gerekli d\u00f6n\u00fc\u015f\u00fcm\u00fc sa\u011flamam\u0131z ve bu s\u00fcreci iyi y\u00f6netmemiz gerekiyor\u201d&nbsp;\u015feklinde konu\u015ftu.<\/p>\n<h2><strong>\u201c\u0130n\u015faat at\u0131k y\u00f6netiminde geri d\u00f6n\u00fc\u015f\u00fcme odaklan\u0131lmal\u0131\u201d<\/strong><\/h2>\n<p>\u0130n\u015faat yap\u0131m\u0131 s\u0131ras\u0131nda ortaya \u00e7\u0131kan molozlar\u0131n geri d\u00f6n\u00fc\u015f\u00fcm\u00fcn\u00fcn sa\u011flanmas\u0131 gerekti\u011fine de dikkat \u00e7eken&nbsp;<strong>Tayfun K\u00fc\u00e7\u00fcko\u011flu,&nbsp;<\/strong>\u201cBug\u00fcn baz\u0131 b\u00f6lgelerimizde d\u00f6k\u00fcm alanlar\u0131 art\u0131k \u2018hafriyat da\u011f\u0131\u2019na d\u00f6n\u00fc\u015fm\u00fc\u015f durumda. \u00d6zellikle kentsel d\u00f6n\u00fc\u015f\u00fcm s\u00fcrecinde moloz y\u00f6netimi ve geri d\u00f6n\u00fc\u015f\u00fcmle ilgili noktalar\u0131n \u00e7\u00f6z\u00fclerek hem g\u00f6r\u00fcnt\u00fc olarak hem de \u00e7evreye olan zararlar\u0131 bak\u0131m\u0131ndan etkileri en aza indirgenmeli. Bu alanlarda geli\u015fmemiz gerekiyor. Gelecek nesillere daha temiz ve sa\u011fl\u0131kl\u0131 bir d\u00fcnya b\u0131rakmak ad\u0131na uzun vadeli stratejiyle hareket etmeliyiz\u201d&nbsp;de\u011ferlendirmesini yapt<\/p>\n","protected":false},"excerpt":{"rendered":"<p>T\u00fcrkiye \u0130MSAD Ba\u015fkan\u0131 Tayfun K\u00fc\u00e7\u00fcko\u011flu: \u201c\u0130n\u015faat at\u0131k y\u00f6netiminde kendimizi geli\u015ftirmeliyiz\u201d T\u00fcrkiye \u0130MSAD Y\u00f6netim Kurulu Ba\u015fkan\u0131 Tayfun K\u00fc\u00e7\u00fcko\u011flu, 5 Haziran D\u00fcnya \u00c7evre G\u00fcn\u00fc dolay\u0131s\u0131yla yapt\u0131\u011f\u0131 a\u00e7\u0131klamada; \u201c\u00d6nceki y\u0131llarda vurgulad\u0131\u011f\u0131m\u0131z&nbsp;\u2018enerji verimli, s\u00fcrd\u00fcr\u00fclebilir binalar \u00fclkelerin \u00f6nemli g\u00fcndemi olacak\u2019 tespitlerimiz bug\u00fcn kar\u015f\u0131l\u0131\u011f\u0131n\u0131 buluyor. Gelecek nesiller i\u00e7in s\u00fcrd\u00fcr\u00fclebilir yap\u0131lara odaklanmal\u0131, \u00e7evre dostu inovatif malzemeler geli\u015ftirmeye \u00f6ncelik vermeliyiz. \u00d6zellikle kentsel d\u00f6n\u00fc\u015f\u00fcm [&hellip;]<\/p>\n","protected":false},"author":1,"featured_media":33633,"comment_status":"open","ping_status":"open","sticky":false,"template":"","format":"standard","meta":{"ngg_post_thumbnail":0},"categories":[5388],"tags":[8735,16257,8715],"_links":{"self":[{"href":"https:\/\/emlaktuel.com\/index.php?rest_route=\/wp\/v2\/posts\/39196"}],"collection":[{"href":"https:\/\/emlaktuel.com\/index.php?rest_route=\/wp\/v2\/posts"}],"about":[{"href":"https:\/\/emlaktuel.com\/index.php?rest_route=\/wp\/v2\/types\/post"}],"author":[{"embeddable":true,"href":"https:\/\/emlaktuel.com\/index.php?rest_route=\/wp\/v2\/users\/1"}],"replies":[{"embeddable":true,"href":"https:\/\/emlaktuel.com\/index.php?rest_route=%2Fwp%2Fv2%2Fcomments&post=39196"}],"version-history":[{"count":1,"href":"https:\/\/emlaktuel.com\/index.php?rest_route=\/wp\/v2\/posts\/39196\/revisions"}],"predecessor-version":[{"id":39197,"href":"https:\/\/emlaktuel.com\/index.php?rest_route=\/wp\/v2\/posts\/39196\/revisions\/39197"}],"wp:featuredmedia":[{"embeddable":true,"href":"https:\/\/emlaktuel.com\/index.php?rest_route=\/wp\/v2\/media\/33633"}],"wp:attachment":[{"href":"https:\/\/emlaktuel.com\/index.php?rest_route=%2Fwp%2Fv2%2Fmedia&parent=39196"}],"wp:term":[{"taxonomy":"category","embeddable":true,"href":"https:\/\/emlaktuel.com\/index.php?rest_route=%2Fwp%2Fv2%2Fcategories&post=39196"},{"taxonomy":"post_tag","embeddable":true,"href":"https:\/\/emlaktuel.com\/index.php?rest_route=%2Fwp%2Fv2%2Ftags&post=39196"}],"curies":[{"name":"wp","href":"https:\/\/api.w.org\/{rel}","templated":true}]}}