{"id":39163,"date":"2022-06-02T13:27:37","date_gmt":"2022-06-02T10:27:37","guid":{"rendered":"https:\/\/emlaktuel.com\/?p=39163"},"modified":"2022-06-02T13:27:37","modified_gmt":"2022-06-02T10:27:37","slug":"insaat-malzemeleri-sanayi-uretimi-yilin-ilk-ceyreginde-yuzde-47-artti","status":"publish","type":"post","link":"https:\/\/emlaktuel.com\/?p=39163","title":{"rendered":"\u0130n\u015faat malzemeleri sanayi \u00fcretimi y\u0131l\u0131n ilk \u00e7eyre\u011finde y\u00fczde 4,7 artt\u0131"},"content":{"rendered":"<p><strong>T\u00fcrkiye \u0130MSAD may\u0131s ay\u0131na ait verilerle birlikte y\u0131l\u0131n ilk \u00e7eyre\u011fini de\u011ferlendiren sekt\u00f6r raporunu a\u00e7\u0131klad\u0131. May\u0131s Ay\u0131 Sekt\u00f6r Raporu\u2019na g\u00f6re; enerji kesintilerinin etkisine ra\u011fmen 2022 y\u0131l\u0131n\u0131n ilk \u00fc\u00e7 ay\u0131nda \u00fcretim, ge\u00e7en y\u0131l\u0131n ilk \u00fc\u00e7 ay\u0131na g\u00f6re y\u00fczde 4,7 artt\u0131. Talep taraf\u0131nda ise b\u00fcy\u00fcme yava\u015flayarak devam etti.<\/strong>&nbsp;<\/p>\n<p><strong>T\u00fcrkiye \u0130n\u015faat Malzemesi Sanayicileri Derne\u011fi (T\u00fcrkiye \u0130MSAD)<\/strong>, y\u0131l\u0131n ilk 3 ayl\u0131k d\u00f6nemine ili\u015fkin sekt\u00f6r verilerini a\u00e7\u0131klad\u0131. Yap\u0131 sekt\u00f6r\u00fc ve ekonomi \u00e7evreleri taraf\u0131ndan dikkatle izlenen raporda \u015fu de\u011ferlendirmeler yer ald\u0131:&nbsp;<\/p>\n<p>\u0130n\u015faat malzemeleri sanayi \u00fcretimi 2022 y\u0131l\u0131 ocak ay\u0131nda enerji kesintileri nedeniyle \u00f6nemli \u00f6l\u00e7\u00fcde yava\u015flayarak y\u00fczde&nbsp;<strong>0,1<\/strong>&nbsp;oran\u0131nda, \u015fubat ay\u0131nda ise y\u00fczde&nbsp;<strong>8,3<\/strong>&nbsp;art\u0131\u015f kaydetmi\u015fti. Mart ay\u0131nda \u00fcretimdeki b\u00fcy\u00fcme devam ederek ge\u00e7en y\u0131l\u0131n ayn\u0131 ay\u0131na g\u00f6re y\u00fczde&nbsp;<strong>4,8<\/strong>&nbsp;artt\u0131.<\/p>\n<p>B\u00f6ylece y\u0131l\u0131n ilk \u00fc\u00e7 ayl\u0131k d\u00f6neminde \u00fcretim art\u0131\u015f\u0131 ge\u00e7en y\u0131l\u0131n ilk \u00fc\u00e7 ay\u0131na g\u00f6re y\u00fczde&nbsp;<strong>4,7<\/strong>&nbsp;olarak ger\u00e7ekle\u015fti. \u0130n\u015faat malzemelerine y\u00f6nelik talep de ilk \u00e7eyrekte yava\u015flayarak b\u00fcy\u00fcmeye devam etti. &nbsp; &nbsp; &nbsp;<\/p>\n<p>2021 y\u0131l\u0131nda t\u00fcm alt sekt\u00f6rler \u00fcretim taraf\u0131nda y\u00fcksek b\u00fcy\u00fcmeler kaydederken, 2022 y\u0131l\u0131nda baz\u0131 alt sekt\u00f6rlerde d\u00fc\u015f\u00fc\u015fler ya\u015fand\u0131. Y\u0131l\u0131n ilk \u00fc\u00e7 ay\u0131nda&nbsp;<strong>13<\/strong>&nbsp;alt sekt\u00f6rde \u00fcretim ge\u00e7en y\u0131la g\u00f6re artt\u0131.&nbsp;<strong>9<\/strong>&nbsp;alt sekt\u00f6rde ise \u00fcretim geriledi.<\/p>\n<p>2022 y\u0131l\u0131n\u0131n ilk \u00fc\u00e7 ay\u0131nda en y\u00fcksek \u00fcretim art\u0131\u015f\u0131 y\u00fczde&nbsp;<strong>31,8<\/strong>&nbsp;ile seramik kaplama malzemelerinde, y\u00fczde&nbsp;<strong>27,5<\/strong>&nbsp;ile birle\u015ftirilmi\u015f parke ve yer d\u00f6\u015femelerinde ve y\u00fczde&nbsp;<strong>24,7<\/strong>&nbsp;ile seramik sa\u011fl\u0131k gere\u00e7lerinde ger\u00e7ekle\u015fti. Demir \u00e7elikten \u00e7ubuk ve profiller \u00fcretimi y\u00fczde&nbsp;<strong>19,6<\/strong>&nbsp;ve plastik in\u015faat malzemeleri \u00fcretimi y\u00fczde&nbsp;<strong>21,3<\/strong>&nbsp;y\u00fckseldi. Buna kar\u015f\u0131n y\u0131l\u0131n ilk \u00fc\u00e7 ayl\u0131k d\u00f6neminde tu\u011fla ve kiremit \u00fcretiminde y\u00fczde&nbsp;<strong>22<\/strong>, metalden kap\u0131 ve pencereler \u00fcretiminde ise y\u00fczde&nbsp;<strong>9,6<\/strong>&nbsp;gerileme oldu. &nbsp; &nbsp;&nbsp;<\/p>\n<h2><strong>\u0130n\u015faat sekt\u00f6r\u00fc k\u00fc\u00e7\u00fcl\u00fcrken, i\u00e7 talep yava\u015fl\u0131yor<\/strong><\/h2>\n<p>T\u00fcrkiye\u2019nin ilk \u00fc\u00e7 ayl\u0131k b\u00fcy\u00fcme verilerine g\u00f6re, di\u011fer iktisadi faaliyetlerdeki b\u00fcy\u00fcmeye kar\u015f\u0131n in\u015faat sekt\u00f6r\u00fc, 2021 y\u0131l\u0131 \u00fc\u00e7\u00fcnc\u00fc \u00e7eyre\u011finde girdi\u011fi k\u00fc\u00e7\u00fclme e\u011filiminden \u00e7\u0131kamayarak 2022 y\u0131l\u0131 ilk \u00e7eyre\u011finde de y\u00fczde&nbsp;<strong>7,2<\/strong>&nbsp;k\u00fc\u00e7\u00fcld\u00fc. \u0130n\u015faat sekt\u00f6r\u00fcnde ilk \u00e7eyrekte ya\u015fanan bu daralma, in\u015faat malzemelerine y\u00f6nelik i\u00e7 talepte bir duraklama oldu\u011funa i\u015faret ediyor. \u0130n\u015faat malzemeleri sanayisinde ilk \u00e7eyrekteki \u00fcretim art\u0131\u015f\u0131, b\u00fcy\u00fck \u00f6l\u00e7\u00fcde d\u0131\u015f talep kaynakl\u0131 olarak ger\u00e7ekle\u015fti.&nbsp;<\/p>\n<h2><strong>\u0130n\u015faat sekt\u00f6r\u00fc ile ekonomik b\u00fcy\u00fcme aras\u0131nda ayr\u0131\u015fma devam etti&nbsp;<\/strong><\/h2>\n<p>\u0130n\u015faat sekt\u00f6r\u00fc ile ekonomik b\u00fcy\u00fcme aras\u0131ndaki ayr\u0131\u015fma 2022 y\u0131l\u0131n\u0131n ilk \u00e7eyrek d\u00f6neminde de s\u00fcrd\u00fc. \u0130n\u015faat sekt\u00f6r\u00fcn\u00fcn kendi i\u00e7 dinamiklerindeki arz ve talep s\u0131k\u0131nt\u0131s\u0131n\u0131n devam etti\u011finin bir i\u015fareti olarak y\u0131l\u0131n ilk \u00e7eyre\u011finde ekonomide y\u00fczde&nbsp;<strong>7,3<\/strong>&nbsp;b\u00fcy\u00fcme ya\u015fan\u0131rken in\u015faat sekt\u00f6r\u00fc y\u00fczde&nbsp;<strong>7,2<\/strong>&nbsp;k\u00fc\u00e7\u00fcld\u00fc.<\/p>\n<h2><strong>\u0130\u00e7 pazarda \u00f6nc\u00fc g\u00f6sterge olan al\u0131nan yeni yap\u0131 ruhsatlar\u0131 alan olarak y\u00fczde 21,8 darald\u0131<\/strong><\/h2>\n<p>Sekt\u00f6r a\u00e7\u0131s\u0131ndan \u00f6n\u00fcm\u00fczdeki d\u00f6nemde yeni in\u015faat ba\u015flang\u0131\u00e7lar\u0131 i\u00e7in \u00f6nemli bir g\u00f6sterge olan al\u0131nan yeni yap\u0131 ruhsatlar\u0131, 2022 y\u0131l\u0131n\u0131n ilk \u00e7eyrek d\u00f6neminde ge\u00e7en y\u0131la g\u00f6re alan olarak y\u00fczde&nbsp;<strong>21,8<\/strong>&nbsp;darald\u0131. 2021 y\u0131l\u0131 ilk \u00e7eyre\u011finde&nbsp;<strong>34,38<\/strong>&nbsp;milyon metrekare olan al\u0131nan yap\u0131 ruhsatlar\u0131 2022 ilk \u00e7eyrekte&nbsp;<strong>26,87<\/strong>&nbsp;milyon metrekareye indi. Al\u0131nan yap\u0131 ruhsatlar\u0131ndaki d\u00fc\u015f\u00fc\u015f, m\u00fcteahhitlerin yeni i\u015fler i\u00e7in \u00e7ok istekli olmad\u0131\u011f\u0131n\u0131 ve artan in\u015faat maliyetlerinin yeni in\u015faat i\u015flerine olan e\u011filimi s\u0131n\u0131rlad\u0131\u011f\u0131n\u0131 g\u00f6steriyor.&nbsp;<\/p>\n<h2><strong>Al\u0131nan yeni yap\u0131 ruhsatlar\u0131 daire say\u0131s\u0131 y\u00fczde 27,9 geriledi &nbsp;<\/strong><\/h2>\n<p>Sekt\u00f6r a\u00e7\u0131s\u0131ndan \u00f6nemli g\u00f6stergelerden biri olan, konut ve konut d\u0131\u015f\u0131 binalar i\u00e7in al\u0131nan yeni yap\u0131 ruhsatlar\u0131 i\u00e7indeki daire say\u0131s\u0131nda da d\u00fc\u015f\u00fc\u015f kaydedildi. 2022 y\u0131l\u0131n\u0131n ilk \u00e7eyre\u011finde al\u0131nan yeni yap\u0131 ruhsatlar\u0131nda daire say\u0131s\u0131&nbsp;<strong>125 bin 854<\/strong>&nbsp;adet iken ge\u00e7en y\u0131l\u0131n ilk \u00e7eyre\u011finde bu say\u0131&nbsp;<strong>174 bin 675<\/strong>&nbsp;adet, 2021 y\u0131l\u0131n\u0131n son \u00e7eyre\u011finde ise&nbsp;<strong>237 bin 146<\/strong>&nbsp;adet olarak ger\u00e7ekle\u015fti. &nbsp;<\/p>\n","protected":false},"excerpt":{"rendered":"<p>T\u00fcrkiye \u0130MSAD may\u0131s ay\u0131na ait verilerle birlikte y\u0131l\u0131n ilk \u00e7eyre\u011fini de\u011ferlendiren sekt\u00f6r raporunu a\u00e7\u0131klad\u0131. May\u0131s Ay\u0131 Sekt\u00f6r Raporu\u2019na g\u00f6re; enerji kesintilerinin etkisine ra\u011fmen 2022 y\u0131l\u0131n\u0131n ilk \u00fc\u00e7 ay\u0131nda \u00fcretim, ge\u00e7en y\u0131l\u0131n ilk \u00fc\u00e7 ay\u0131na g\u00f6re y\u00fczde 4,7 artt\u0131. Talep taraf\u0131nda ise b\u00fcy\u00fcme yava\u015flayarak devam etti.&nbsp; T\u00fcrkiye \u0130n\u015faat Malzemesi Sanayicileri Derne\u011fi (T\u00fcrkiye \u0130MSAD), y\u0131l\u0131n ilk 3 [&hellip;]<\/p>\n","protected":false},"author":1,"featured_media":29502,"comment_status":"open","ping_status":"open","sticky":false,"template":"","format":"standard","meta":{"ngg_post_thumbnail":0},"categories":[5388],"tags":[8715],"_links":{"self":[{"href":"https:\/\/emlaktuel.com\/index.php?rest_route=\/wp\/v2\/posts\/39163"}],"collection":[{"href":"https:\/\/emlaktuel.com\/index.php?rest_route=\/wp\/v2\/posts"}],"about":[{"href":"https:\/\/emlaktuel.com\/index.php?rest_route=\/wp\/v2\/types\/post"}],"author":[{"embeddable":true,"href":"https:\/\/emlaktuel.com\/index.php?rest_route=\/wp\/v2\/users\/1"}],"replies":[{"embeddable":true,"href":"https:\/\/emlaktuel.com\/index.php?rest_route=%2Fwp%2Fv2%2Fcomments&post=39163"}],"version-history":[{"count":1,"href":"https:\/\/emlaktuel.com\/index.php?rest_route=\/wp\/v2\/posts\/39163\/revisions"}],"predecessor-version":[{"id":39164,"href":"https:\/\/emlaktuel.com\/index.php?rest_route=\/wp\/v2\/posts\/39163\/revisions\/39164"}],"wp:featuredmedia":[{"embeddable":true,"href":"https:\/\/emlaktuel.com\/index.php?rest_route=\/wp\/v2\/media\/29502"}],"wp:attachment":[{"href":"https:\/\/emlaktuel.com\/index.php?rest_route=%2Fwp%2Fv2%2Fmedia&parent=39163"}],"wp:term":[{"taxonomy":"category","embeddable":true,"href":"https:\/\/emlaktuel.com\/index.php?rest_route=%2Fwp%2Fv2%2Fcategories&post=39163"},{"taxonomy":"post_tag","embeddable":true,"href":"https:\/\/emlaktuel.com\/index.php?rest_route=%2Fwp%2Fv2%2Ftags&post=39163"}],"curies":[{"name":"wp","href":"https:\/\/api.w.org\/{rel}","templated":true}]}}