{"id":39154,"date":"2022-06-01T10:09:51","date_gmt":"2022-06-01T07:09:51","guid":{"rendered":"https:\/\/emlaktuel.com\/?p=39154"},"modified":"2022-06-01T22:51:13","modified_gmt":"2022-06-01T19:51:13","slug":"anadolu-yakasinin-karma-yeni-projesi-sunset-kartalsi","status":"publish","type":"post","link":"https:\/\/emlaktuel.com\/?p=39154","title":{"rendered":"Anadolu Yakas\u0131&#8217;n\u0131n karma yeni projesi Sunset Kartal"},"content":{"rendered":"<p><b>Avrasya Uluslararas\u0131 \u0130n\u015faat, Kartal\u2019da yeni proje haz\u0131rl\u0131\u011f\u0131nda.<\/b><\/p>\n<p>Avrasya Uluslararas\u0131 \u0130n\u015faat, haz\u0131rl\u0131k a\u015famas\u0131 tamamlanmak \u00fczere olan yeni karma projesi Kartal Sunset Konutlar\u0131n\u0131, 1 milyar 200 milyon liral\u0131k yat\u0131r\u0131mla hayata ge\u00e7irecek. \u0130stanbul Anadolu Yakas\u0131\u2019n\u0131n en g\u00fczide lokasyonlar\u0131ndan birisi olan Kartal sahil band\u0131nda toplam 120 bin metrekare alan \u00fczerinde y\u00fckselecek olan projede 1.200 konut ile birlikte ticari \u00fcniteler ve butik bir al\u0131\u015fveri\u015f merkezi yer alacak. Kartal Sunset Konutlar\u0131 i\u00e7in global m\u00fcteahhitlik firmalar\u0131yla i\u015fbirli\u011fi yapt\u0131klar\u0131n\u0131 s\u00f6yleyen Avrasya Uluslararas\u0131 \u0130n\u015faat Y\u00f6netim Kurulu Ba\u015fkan\u0131 Ali Sesli, ileri teknolojiyle modern mimariyi b\u00fct\u00fcnle\u015ftiren ak\u0131ll\u0131, s\u00fcrd\u00fcr\u00fclebilir ve \u00e7evreci bir proje tasarlad\u0131klar\u0131n\u0131 a\u00e7\u0131klad\u0131.<\/p>\n<p>\u0130n\u015faat sekt\u00f6r\u00fcnde 20 y\u0131l\u0131 a\u015fk\u0131n deneyime sahip Avrasya Uluslararas\u0131 \u0130n\u015faat, haz\u0131rl\u0131\u011f\u0131n\u0131 T\u00fcrkiye\u2019nin en iyi mimarl\u0131k ofisleriyle birlikte yapt\u0131\u011f\u0131, \u0130stanbul Teknik \u00dcniversitesi\u2019nin deneyimli akademisyenlerden proje y\u00f6netim dan\u0131\u015fmanl\u0131\u011f\u0131 ald\u0131\u011f\u0131 yeni karma projesinin geli\u015ftirme a\u015famas\u0131nda sona yakla\u015ft\u0131.<\/p>\n<p>Sunset Kartal Konutlar\u0131, Anadolu Yakas\u0131\u2019n\u0131n \u00e7ok \u00f6zel bir yerinde konumlan\u0131yor. Sadece yeni bir karma proje olmakla kalmayacak, lokasyonunun mimari, sosyal ve finansal geli\u015fimine de katk\u0131 sa\u011flayacak\u201d diyen Ali Sesli, Sunset Kartal Konutlar\u0131\u2019nda temelden ba\u015flayarak her a\u015famada s\u00fcrd\u00fcr\u00fclebilirli\u011fe odakland\u0131klar\u0131n\u0131 s\u00f6yledi. \u201cProjemiz, alternatif kaynaklarla kendi enerjisini \u00fcretebilen, enerjisini verimli kullanan, do\u011fal \u0131\u015f\u0131ktan maksimum d\u00fczeyde yararlanan, ye\u015fil alan yo\u011funlu\u011funa sahip, at\u0131klar\u0131n\u0131 geri d\u00f6n\u00fc\u015ft\u00fcrebilen bir mimariye sahip olacak\u201d diyen Sesli, Sunset Kartal Konutlar\u0131\u2019n\u0131 \u00e7ok yak\u0131nda al\u0131c\u0131lar\u0131n ve yat\u0131r\u0131mc\u0131lar\u0131n be\u011fenisine sunmaya haz\u0131rland\u0131klar\u0131n\u0131 ifade etti.<\/p>\n<p>Detayl\u0131 Bilgi \u0130\u00e7in; www.intavrasya.com<\/p>\n","protected":false},"excerpt":{"rendered":"<p>Avrasya Uluslararas\u0131 \u0130n\u015faat, Kartal\u2019da yeni proje haz\u0131rl\u0131\u011f\u0131nda. Avrasya Uluslararas\u0131 \u0130n\u015faat, haz\u0131rl\u0131k a\u015famas\u0131 tamamlanmak \u00fczere olan yeni karma projesi Kartal Sunset Konutlar\u0131n\u0131, 1 milyar 200 milyon liral\u0131k yat\u0131r\u0131mla hayata ge\u00e7irecek. \u0130stanbul Anadolu Yakas\u0131\u2019n\u0131n en g\u00fczide lokasyonlar\u0131ndan birisi olan Kartal sahil band\u0131nda toplam 120 bin metrekare alan \u00fczerinde y\u00fckselecek olan projede 1.200 konut ile birlikte ticari \u00fcniteler [&hellip;]<\/p>\n","protected":false},"author":1,"featured_media":39155,"comment_status":"open","ping_status":"open","sticky":false,"template":"","format":"standard","meta":{"ngg_post_thumbnail":0},"categories":[5388],"tags":[16245],"_links":{"self":[{"href":"https:\/\/emlaktuel.com\/index.php?rest_route=\/wp\/v2\/posts\/39154"}],"collection":[{"href":"https:\/\/emlaktuel.com\/index.php?rest_route=\/wp\/v2\/posts"}],"about":[{"href":"https:\/\/emlaktuel.com\/index.php?rest_route=\/wp\/v2\/types\/post"}],"author":[{"embeddable":true,"href":"https:\/\/emlaktuel.com\/index.php?rest_route=\/wp\/v2\/users\/1"}],"replies":[{"embeddable":true,"href":"https:\/\/emlaktuel.com\/index.php?rest_route=%2Fwp%2Fv2%2Fcomments&post=39154"}],"version-history":[{"count":2,"href":"https:\/\/emlaktuel.com\/index.php?rest_route=\/wp\/v2\/posts\/39154\/revisions"}],"predecessor-version":[{"id":39162,"href":"https:\/\/emlaktuel.com\/index.php?rest_route=\/wp\/v2\/posts\/39154\/revisions\/39162"}],"wp:featuredmedia":[{"embeddable":true,"href":"https:\/\/emlaktuel.com\/index.php?rest_route=\/wp\/v2\/media\/39155"}],"wp:attachment":[{"href":"https:\/\/emlaktuel.com\/index.php?rest_route=%2Fwp%2Fv2%2Fmedia&parent=39154"}],"wp:term":[{"taxonomy":"category","embeddable":true,"href":"https:\/\/emlaktuel.com\/index.php?rest_route=%2Fwp%2Fv2%2Fcategories&post=39154"},{"taxonomy":"post_tag","embeddable":true,"href":"https:\/\/emlaktuel.com\/index.php?rest_route=%2Fwp%2Fv2%2Ftags&post=39154"}],"curies":[{"name":"wp","href":"https:\/\/api.w.org\/{rel}","templated":true}]}}