{"id":39145,"date":"2022-05-31T13:00:58","date_gmt":"2022-05-31T10:00:58","guid":{"rendered":"https:\/\/emlaktuel.com\/?p=39145"},"modified":"2022-05-31T17:26:41","modified_gmt":"2022-05-31T14:26:41","slug":"devletten-yeni-konut-atagi-uygun-fiyata-arsa-satacak","status":"publish","type":"post","link":"https:\/\/emlaktuel.com\/?p=39145","title":{"rendered":"Devletten yeni konut ata\u011f\u0131! Uygun fiyata arsa satacak&#8230;"},"content":{"rendered":"<div class=\"fixed-share bg-white box-shadow is-hidden align-items-center d-flex post-tools px-3\">\n<div class=\"ml-auto d-flex align-items-center\">H\u00fckumetten vatanda\u015flar\u0131n ev sahibi olabilmesi i\u00e7in yeni bir hamle geldi. Devlet arsalar\u0131n\u0131 vatanda\u015fa uygun \u00f6deme ko\u015fullar\u0131 ile satarak arsa sahibi yapacak, vatanda\u015f da m\u00fcteahhitlerle anla\u015f\u0131p kendi evini yapt\u0131racak..Devletin sunaca\u011f\u0131 bu&nbsp; arsalar hangi illerimizde ve ba\u015fvurular ne zaman ba\u015flayacak? Detaylar burada&#8230;<\/div>\n<\/div>\n<div id=\"print-23970\" class=\"print-body\">\n<div class=\"container py-1 bg-white\">\n<div id=\"haberler\">\n<div id=\"print-23970\" class=\"haber-kapsa print-body\">\n<div class=\"news-start\">\n<article id=\"haber-23970\">\n<div class=\"row\">\n<div class=\"col-md-8\">\n<div class=\"mb-4 responsive-image lazyloaded\">&nbsp;<\/div>\n<div class=\"post-body my-3\">\n<div class=\"detay\">\n<p>\u00c7evre, \u015eehircilik ve \u0130klim De\u011fi\u015fikli\u011fi Bakan\u0131 Murat Kurum, vatanda\u015f\u0131n kendi evini yapabilmesi i\u00e7in b\u00fcy\u00fck\u015fehirlerde altyap\u0131l\u0131 arsa sat\u0131\u015f\u0131na ba\u015flayacaklar\u0131n\u0131 a\u00e7\u0131klad\u0131. \u015eehrin geli\u015fim \u00e7eperlerinde, Hazine\u2019ye ait arsalar uygun \u00f6deme \u015fartlar\u0131yla sat\u0131lacak. \u0130stanbul, Ankara, \u0130zmir, Bursa, Konya, Adana gibi bir\u00e7ok ilde arsa sat\u0131\u015f\u0131 a\u011fustos ay\u0131nda ba\u015flayacak.<\/p>\n<p>Konut fiyatlar\u0131nda ve konut kiralar\u0131nda ya\u015fanan fahi\u015f art\u0131\u015flara kar\u015f\u0131 ilgili bakanl\u0131klar yeni d\u00fczenlemeler \u00fczerinde \u00e7al\u0131\u015f\u0131yorlar. Bir taraftan sosyal konut \u00fcretiminde gaza bas\u0131l\u0131rken bir taraftan da farkl\u0131 modeller geli\u015ftiriliyor. H\u00fcrriyet&#8217;te yer bulan habere g\u00f6re; bu modellerden biri de altyap\u0131l\u0131 arsa sat\u0131\u015f\u0131 olacak. \u00c7evre, \u015eehircilik ve \u0130klim De\u011fi\u015fikli\u011fi Bakan\u0131 Murat Kurum, kendi evini yapmak isteyen vatanda\u015f i\u00e7in, \u015fehrin geli\u015fim \u00e7eperlerindeki Hazine arazilerinin uygun \u00f6deme ko\u015fullar\u0131nda sat\u0131\u015fa \u00e7\u0131kaca\u011f\u0131n\u0131 a\u00e7\u0131klad\u0131.<\/p>\n<h2><strong>Yeni baz\u0131 \u00e7al\u0131\u015fmalar var&nbsp;<\/strong><\/h2>\n<p>Konut fiyatlar\u0131ndaki art\u0131\u015fa de\u011finen Bakan Kurum, pandemi ile t\u00fcm d\u00fcnyada tedarik zincirinin bozuldu\u011funu ve bu durumun bir\u00e7ok sekt\u00f6r\u00fc etkiledi\u011fini s\u00f6yledi. Bu s\u00fcre\u00e7te t\u00fcm sekt\u00f6rlere destek olacak \u00e7al\u0131\u015fmalar yap\u0131ld\u0131\u011f\u0131n\u0131 belirten Bakan Kurum, \u201cVatanda\u015f\u0131 \u00e7aresiz b\u0131rakmad\u0131k, bundan sonra da b\u0131rakmayaca\u011f\u0131z. Sahada vatanda\u015f\u0131n sorunlar\u0131n\u0131 dinliyor, Cumhurba\u015fkan\u0131m\u0131z\u0131n talimat\u0131yla h\u0131zla \u00e7al\u0131\u015fma yap\u0131yoruz. Gelinen noktada \u00fclkemizde 2 y\u0131l \u00f6nce konut fazlas\u0131 var tart\u0131\u015fmas\u0131 vard\u0131. O g\u00fcn d\u00fczenlenen kampanya ile rekor sat\u0131\u015flar yap\u0131ld\u0131. Bug\u00fcn de yine konut ihtiyac\u0131 olan vatanda\u015f i\u00e7in bir ay \u00f6nce yeni bir paket a\u00e7\u0131kland\u0131. Kredi faizleri d\u00fc\u015f\u00fcr\u00fcld\u00fc. G\u00fcndemimizde yeni \u00e7al\u0131\u015fmalar da var. Hazine ve Maliye Bakanl\u0131\u011f\u0131m\u0131zla, belediyelerimizle vatanda\u015f\u0131n konut almas\u0131n\u0131 kolayla\u015ft\u0131racak, yeni arz\u0131n piyasaya \u00e7\u0131kmas\u0131n\u0131 sa\u011flayacak ad\u0131mlar ataca\u011f\u0131z\u201d dedi.<\/p>\n<h2><strong>B\u00fcy\u00fck\u015fehirlerin \u00d6zde arsa ile proje&nbsp;<\/strong><\/h2>\n<p>Sosyal konut projelerinin yan\u0131nda \u2018altyap\u0131l\u0131 konut arsalar\u0131\u2019 sat\u0131\u015f\u0131 da yapacaklar\u0131n s\u00f6yleyen Bakan Kurum, \u201cHazine arazilerini vatanda\u015f\u0131n kendi i\u00e7in konut yapmas\u0131 ad\u0131na uygun \u015fartlarda sat\u0131\u015fa \u00e7\u0131karaca\u011f\u0131z. Vatanda\u015f tek parselde kendi evini yapabilecek ya da talep \u00f6rg\u00fctlenmesi ile daha b\u00fcy\u00fck parseller alabilecekler. \u0130steyen m\u00fcteahhitler ile anla\u015facak. Ankara\u2019da G\u00f6lba\u015f\u0131, \u0130stanbul\u2019da Tuzla, \u00c7atalca, Ba\u015fak\u015fehir i\u00e7in \u00e7al\u0131\u015f\u0131yoruz\u201d dedi. Arsa projesine ili\u015fkin detaylar\u0131 H\u00fcrriyet\u2019e anlatan Bakan Murat Kurum, vatanda\u015f\u0131n \u015fehrin \u00e7eperinde, hafta sonu ya da s\u00fcrekli kalabilece\u011fi evler talep etti\u011fini belirtti ve \u015f\u00f6yle devam etti \u201cMilli Emlak Genel M\u00fcd\u00fcrl\u00fc\u011f\u00fc ve TOK\u0130 eliyle, arazi maliyetlerini de a\u015fa\u011f\u0131 \u00e7ekmek ad\u0131na Hazine arazilerini \u00e7al\u0131\u015f\u0131yoruz. \u015eehrin \u00e7eperinde, vatanda\u015f\u0131m\u0131z\u0131n yerle\u015fecekleri alan\u0131 altyap\u0131s\u0131 ile birlikte haz\u0131rl\u0131yoruz. Bunlar\u0131 uzun vadeli \u00f6deme \u015fekli ile sat\u0131\u015fa \u00e7\u0131kaca\u011f\u0131z.\u201d<\/p>\n<h2><strong>2022 A\u011fustos ay\u0131nda ba\u015flanacak&nbsp;<\/strong><\/h2>\n<p>Arsan\u0131n yerine g\u00f6re metrekare b\u00fcy\u00fckl\u00fcklerinin belirlenece\u011fini belirten Bakan Murat Kurum, \u201cMesela bir arazide 500-1000 metrekarelik alanlar olacak ve tek katl\u0131 evler yap\u0131lacak. Baz\u0131 yerlerde 8-10 bin metrekarelik arsada, emsal 0.50 olacak ve 3-4 katl\u0131 binalar yap\u0131lacak. Konut tipleri i\u00e7in biz projeler \u00e7al\u0131\u015faca\u011f\u0131z. Ancak vatanda\u015f da imar plan\u0131na uygun projesini haz\u0131rlay\u0131p, ruhsat\u0131n\u0131 alarak evini yapabilecek. Ankara, \u0130stanbul, \u0130zmir, Bursa, Konya, Adana gibi bilhassa konut fiyatlar\u0131n\u0131n \u00e7ok artt\u0131\u011f\u0131 \u015fehirlerde \u00e7al\u0131\u015f\u0131yoruz. \u0130htiyaca ve talebe g\u00f6re say\u0131lar belirlenecek\u201d ifadelerini kulland\u0131. Bakan Murat Kurum arsa sat\u0131\u015f\u0131na 2022 a\u011fustos ay\u0131nda ba\u015flamay\u0131 ve bu y\u0131l sonuna kadar d\u00fczenli sat\u0131\u015f yapmay\u0131 planlad\u0131klar\u0131n\u0131 kaydetti.<\/p>\n<h2><strong>Rekor d\u00fczeyde sosyal konut geliyor&nbsp;<\/strong><\/h2>\n<p>TOK\u0130 eliyle 2002 y\u0131l\u0131ndan bug\u00fcne kadar dar ve orta gelirli vatanda\u015f i\u00e7in 1 milyon 137 bin konut \u00fcretildi\u011fini dile getiren Bakan Kurum, yeni sosyal konut m\u00fcjdesinin de yak\u0131nda kamuoyu ile payla\u015f\u0131laca\u011f\u0131n\u0131 s\u00f6yledi. Cumhurba\u015fkan\u0131 Tayyip Erdo\u011fan\u2019\u0131n 2022 a\u011fustos ay\u0131nda rekor sosyal konut projesi a\u00e7\u0131klayaca\u011f\u0131n\u0131 belirten Murat Kurum, \u201c81 ilde vatanda\u015f\u0131 kira \u00f6der gibi ev sahibi yapaca\u011f\u0131z. Bu kampanyadan hi\u00e7 evi olmayanlar faydalanacak\u201d \u015feklinde konu\u015ftu.<\/p>\n<h2><strong>20 sene vadeli i\u015fyeri&nbsp;<\/strong><\/h2>\n<p>B\u0130R di\u011fer projelerinin de sanayi tesisleri alan\u0131nda olaca\u011f\u0131n\u0131 belirten Kurum, d\u00fcn kat\u0131ld\u0131\u011f\u0131 CNN T\u00fcrk yay\u0131n\u0131nda \u015funlar\u0131 s\u00f6yledi: \u201cTOK\u0130 eliyle \u00fcretimi ve istihdam\u0131 artt\u0131rmak i\u00e7in sanayi siteleri kuraca\u011f\u0131z. K\u00fc\u00e7\u00fck ve orta \u00f6l\u00e7ekli i\u015fletmeci karde\u015flerimizin talebine g\u00f6re yapaca\u011f\u0131z. Kura y\u00f6ntemiyle, az pe\u015finat ve 15-20 y\u0131l vadeli sat\u0131lacak. Kira \u00f6der gibi i\u015fyeri sahibi olacaklar.\u201d<br \/>\n&nbsp;<\/p>\n<\/div>\n<h2 class=\"detay\"><strong>T\u00fcfe alt\u0131nda kira geliyor&nbsp;&nbsp;<\/strong><\/h2>\n<h4 class=\"detay\">K\u0130RA piyasas\u0131nda ya\u015fanan fahi\u015f art\u0131\u015flara kar\u015f\u0131 4 bakanl\u0131\u011f\u0131n ortak \u00e7al\u0131\u015ft\u0131\u011f\u0131n\u0131 belirten Bakan Murat Kurum, \u201cKiraya zam y\u0131ll\u0131k T\u00dcFE ortalamas\u0131n\u0131n \u00fczerinde olamaz. 5 y\u0131lda bir de kira bedeliniz d\u00fc\u015f\u00fck kald\u0131ysa ev sahibi vatanda\u015f s\u00f6zle\u015fmesini yenileyebilir. Ancak kanuna uymayan, baz\u0131 f\u0131rsat\u00e7\u0131lar var. Yasal oran\u0131n \u00fczerinde zamlar isteniyor. Kirac\u0131lar\u0131m\u0131z bu durumu mahkemelere ta\u015f\u0131yabilirler. B\u00f6yle bir durum s\u00f6z konusuysa bize de bildirsinler. Bizler bunun takibini yap\u0131yoruz. Her t\u00fcrl\u00fc hukuki s\u00fcreci ba\u015flat\u0131r\u0131z. \u015eimdi bizler ev sahibini de huzursuz etmeyecek, kirac\u0131m\u0131z\u0131 da mutlu edecek T\u00dcFE rakamlar\u0131n\u0131n alt\u0131nda bir d\u00fczenlemeyi \u00e7al\u0131\u015f\u0131yoruz. 10-15 g\u00fcn i\u00e7inde Cumhurba\u015fkan\u0131m\u0131z detaylar\u0131 a\u00e7\u0131klayacak\u201d ifadelerini kulland\u0131.<\/h4>\n<\/div>\n<\/div>\n<\/div>\n<\/article>\n<\/div>\n<\/div>\n<\/div>\n<\/div>\n<\/div>\n","protected":false},"excerpt":{"rendered":"<p>H\u00fckumetten vatanda\u015flar\u0131n ev sahibi olabilmesi i\u00e7in yeni bir hamle geldi. Devlet arsalar\u0131n\u0131 vatanda\u015fa uygun \u00f6deme ko\u015fullar\u0131 ile satarak arsa sahibi yapacak, vatanda\u015f da m\u00fcteahhitlerle anla\u015f\u0131p kendi evini yapt\u0131racak..Devletin sunaca\u011f\u0131 bu&nbsp; arsalar hangi illerimizde ve ba\u015fvurular ne zaman ba\u015flayacak? Detaylar burada&#8230; &nbsp; \u00c7evre, \u015eehircilik ve \u0130klim De\u011fi\u015fikli\u011fi Bakan\u0131 Murat Kurum, vatanda\u015f\u0131n kendi evini yapabilmesi i\u00e7in b\u00fcy\u00fck\u015fehirlerde [&hellip;]<\/p>\n","protected":false},"author":1,"featured_media":18156,"comment_status":"open","ping_status":"open","sticky":false,"template":"","format":"standard","meta":{"ngg_post_thumbnail":0},"categories":[221,97,5388],"tags":[16243,16244,16242],"_links":{"self":[{"href":"https:\/\/emlaktuel.com\/index.php?rest_route=\/wp\/v2\/posts\/39145"}],"collection":[{"href":"https:\/\/emlaktuel.com\/index.php?rest_route=\/wp\/v2\/posts"}],"about":[{"href":"https:\/\/emlaktuel.com\/index.php?rest_route=\/wp\/v2\/types\/post"}],"author":[{"embeddable":true,"href":"https:\/\/emlaktuel.com\/index.php?rest_route=\/wp\/v2\/users\/1"}],"replies":[{"embeddable":true,"href":"https:\/\/emlaktuel.com\/index.php?rest_route=%2Fwp%2Fv2%2Fcomments&post=39145"}],"version-history":[{"count":2,"href":"https:\/\/emlaktuel.com\/index.php?rest_route=\/wp\/v2\/posts\/39145\/revisions"}],"predecessor-version":[{"id":39147,"href":"https:\/\/emlaktuel.com\/index.php?rest_route=\/wp\/v2\/posts\/39145\/revisions\/39147"}],"wp:featuredmedia":[{"embeddable":true,"href":"https:\/\/emlaktuel.com\/index.php?rest_route=\/wp\/v2\/media\/18156"}],"wp:attachment":[{"href":"https:\/\/emlaktuel.com\/index.php?rest_route=%2Fwp%2Fv2%2Fmedia&parent=39145"}],"wp:term":[{"taxonomy":"category","embeddable":true,"href":"https:\/\/emlaktuel.com\/index.php?rest_route=%2Fwp%2Fv2%2Fcategories&post=39145"},{"taxonomy":"post_tag","embeddable":true,"href":"https:\/\/emlaktuel.com\/index.php?rest_route=%2Fwp%2Fv2%2Ftags&post=39145"}],"curies":[{"name":"wp","href":"https:\/\/api.w.org\/{rel}","templated":true}]}}