{"id":39136,"date":"2022-05-31T13:01:42","date_gmt":"2022-05-31T10:01:42","guid":{"rendered":"https:\/\/emlaktuel.com\/?p=39136"},"modified":"2022-05-31T13:01:42","modified_gmt":"2022-05-31T10:01:42","slug":"yuksek-girdi-maliyetleri-ve-yavaslayan-yatirimlarla-insaat-sektoru-daraldi","status":"publish","type":"post","link":"https:\/\/emlaktuel.com\/?p=39136","title":{"rendered":"Y\u00fcksek girdi maliyetleri ve yava\u015flayan yat\u0131r\u0131mlarla in\u015faat sekt\u00f6r\u00fc darald\u0131  \u00a0"},"content":{"rendered":"<p><strong>T\u00dc\u0130K\u2019in a\u00e7\u0131klad\u0131\u011f\u0131 2022 y\u0131l\u0131 ilk \u00e7eyrek b\u00fcy\u00fcme rakamlar\u0131n\u0131 de\u011ferlendiren T\u00fcrkiye M\u00fcteahhitler Birli\u011fi (TMB) Ba\u015fkan\u0131 M. Erdal Eren, \u201cT\u00fcrkiye ekonomisinin y\u00fczde 7,3 b\u00fcy\u00fcmesi sevindirici olmakla birlikte istihdama b\u00fcy\u00fck katk\u0131 veren ve 200\u2019\u00fcn \u00fczerinde alt sekt\u00f6re talep yaratan in\u015faat sekt\u00f6r\u00fcnde ayn\u0131 d\u00f6nemde ya\u015fanan %7,2\u2019lik daralma \u00f6nemli mesajlar i\u00e7ermektedir.<\/strong>&nbsp;<strong>Sekt\u00f6rde b\u00fcy\u00fcmeye d\u00f6n\u00fc\u015f i\u00e7in in\u015faat yat\u0131r\u0131mlar\u0131nda canlanmaya ve \u00f6ng\u00f6r\u00fclemez d\u00fczeyde artan girdi maliyetlerinin yaratt\u0131\u011f\u0131 sorunun \u00e7\u00f6z\u00fcm\u00fcne ihtiya\u00e7 duyulmaktad\u0131r\u201d dedi.<\/strong><\/p>\n<p>&nbsp;<\/p>\n<p>T\u00fcrkiye\u2019nin en k\u00f6kl\u00fc sivil toplum \u00f6rg\u00fctlerinden biri olan T\u00fcrkiye M\u00fcteahhitler Birli\u011fi (TMB) Ba\u015fkan\u0131 M. Erdal Eren, T\u00fcrkiye \u0130statistik Kurumu\u2019nun a\u00e7\u0131klad\u0131\u011f\u0131 2022 y\u0131l\u0131 ilk \u00e7eyrek b\u00fcy\u00fcme rakamlar\u0131n\u0131 yaz\u0131l\u0131 bir a\u00e7\u0131klama ile de\u011ferlendirdi:<\/p>\n<p>&nbsp;<\/p>\n<p>\u201c\u00dclkemiz ekonomisinin k\u00fcresel \u00e7apta i\u00e7inden ge\u00e7ilen bu zorlu s\u00fcre\u00e7te y\u00fczde 7,3 oran\u0131nda b\u00fcy\u00fcme kaydetmesi son derece sevindiricidir. Bununla birlikte her zamankinden \u00e7ok ihtiya\u00e7 duydu\u011fumuz istihdama b\u00fcy\u00fck katk\u0131 veren ve 200\u2019\u00fcn \u00fczerinde alt sekt\u00f6re talep yaratarak ekonomide lokomotif g\u00f6revi \u00fcstlenen in\u015faat sekt\u00f6r\u00fcnde, ayn\u0131 d\u00f6nemde ya\u015fanan %7,2\u2019lik daralma \u00f6nemli mesajlar i\u00e7ermektedir. Ayr\u0131ca in\u015faat sekt\u00f6r\u00fc s\u00f6z konusu \u00e7eyrekte daralan tek sekt\u00f6r olmu\u015ftur.<\/p>\n<p>&nbsp;<\/p>\n<p>Sekt\u00f6rde b\u00fcy\u00fcmeye d\u00f6n\u00fc\u015f i\u00e7in in\u015faat yat\u0131r\u0131mlar\u0131nda canlanmaya ve \u00f6ng\u00f6r\u00fclemez d\u00fczeyde artan girdi maliyetlerinin yaratt\u0131\u011f\u0131 sorunun \u00e7\u00f6z\u00fcm\u00fcne ihtiya\u00e7 duyulmaktad\u0131r. Bu kapsamda kamu yat\u0131r\u0131m program\u0131nda bir \u00f6nceliklendirme yap\u0131larak, daha fazla ekonomik ve sosyal katma de\u011fer yaratacak projeler bir an \u00f6nce hayata ge\u00e7irilebilir. Girdi maliyetleri konusunda \u00e7\u00f6z\u00fcm i\u00e7in ise \u00e7e\u015fitli ad\u0131mlar at\u0131lm\u0131\u015f ancak i\u00e7 ve d\u0131\u015f dinamiklerle ya\u015fanan maliyet art\u0131\u015f\u0131 kapsam\u0131nda firmalar\u0131n yaras\u0131na merhem olman\u0131n \u00e7ok uza\u011f\u0131nda kalm\u0131\u015ft\u0131r.<\/p>\n<p>Y\u0131l\u0131n geri kalan\u0131 i\u00e7in en b\u00fcy\u00fck yans\u0131mas\u0131 emtia fiyatlar\u0131ndaki y\u00fckseli\u015f olan Rusya-Ukrayna sava\u015f\u0131 sekt\u00f6r\u00fcn hem yurt i\u00e7i hem de yurt d\u0131\u015f\u0131 projeleri \u00fczerinde belirsizlik ve riskler olu\u015fturmu\u015f durumdad\u0131r.\u201d<\/p>\n","protected":false},"excerpt":{"rendered":"<p>T\u00dc\u0130K\u2019in a\u00e7\u0131klad\u0131\u011f\u0131 2022 y\u0131l\u0131 ilk \u00e7eyrek b\u00fcy\u00fcme rakamlar\u0131n\u0131 de\u011ferlendiren T\u00fcrkiye M\u00fcteahhitler Birli\u011fi (TMB) Ba\u015fkan\u0131 M. Erdal Eren, \u201cT\u00fcrkiye ekonomisinin y\u00fczde 7,3 b\u00fcy\u00fcmesi sevindirici olmakla birlikte istihdama b\u00fcy\u00fck katk\u0131 veren ve 200\u2019\u00fcn \u00fczerinde alt sekt\u00f6re talep yaratan in\u015faat sekt\u00f6r\u00fcnde ayn\u0131 d\u00f6nemde ya\u015fanan %7,2\u2019lik daralma \u00f6nemli mesajlar i\u00e7ermektedir.&nbsp;Sekt\u00f6rde b\u00fcy\u00fcmeye d\u00f6n\u00fc\u015f i\u00e7in in\u015faat yat\u0131r\u0131mlar\u0131nda canlanmaya ve \u00f6ng\u00f6r\u00fclemez d\u00fczeyde [&hellip;]<\/p>\n","protected":false},"author":1,"featured_media":39137,"comment_status":"open","ping_status":"open","sticky":false,"template":"","format":"standard","meta":{"ngg_post_thumbnail":0},"categories":[5388],"tags":[],"_links":{"self":[{"href":"https:\/\/emlaktuel.com\/index.php?rest_route=\/wp\/v2\/posts\/39136"}],"collection":[{"href":"https:\/\/emlaktuel.com\/index.php?rest_route=\/wp\/v2\/posts"}],"about":[{"href":"https:\/\/emlaktuel.com\/index.php?rest_route=\/wp\/v2\/types\/post"}],"author":[{"embeddable":true,"href":"https:\/\/emlaktuel.com\/index.php?rest_route=\/wp\/v2\/users\/1"}],"replies":[{"embeddable":true,"href":"https:\/\/emlaktuel.com\/index.php?rest_route=%2Fwp%2Fv2%2Fcomments&post=39136"}],"version-history":[{"count":1,"href":"https:\/\/emlaktuel.com\/index.php?rest_route=\/wp\/v2\/posts\/39136\/revisions"}],"predecessor-version":[{"id":39138,"href":"https:\/\/emlaktuel.com\/index.php?rest_route=\/wp\/v2\/posts\/39136\/revisions\/39138"}],"wp:featuredmedia":[{"embeddable":true,"href":"https:\/\/emlaktuel.com\/index.php?rest_route=\/wp\/v2\/media\/39137"}],"wp:attachment":[{"href":"https:\/\/emlaktuel.com\/index.php?rest_route=%2Fwp%2Fv2%2Fmedia&parent=39136"}],"wp:term":[{"taxonomy":"category","embeddable":true,"href":"https:\/\/emlaktuel.com\/index.php?rest_route=%2Fwp%2Fv2%2Fcategories&post=39136"},{"taxonomy":"post_tag","embeddable":true,"href":"https:\/\/emlaktuel.com\/index.php?rest_route=%2Fwp%2Fv2%2Ftags&post=39136"}],"curies":[{"name":"wp","href":"https:\/\/api.w.org\/{rel}","templated":true}]}}