{"id":39109,"date":"2022-05-28T12:56:45","date_gmt":"2022-05-28T09:56:45","guid":{"rendered":"https:\/\/emlaktuel.com\/?p=39109"},"modified":"2022-05-28T12:57:29","modified_gmt":"2022-05-28T09:57:29","slug":"39109","status":"publish","type":"post","link":"https:\/\/emlaktuel.com\/?p=39109","title":{"rendered":"Kira d\u00fczenlemesi i\u00e7in tarih belli oldu!"},"content":{"rendered":"<div class=\"content-description\">\n<p><b>\u00dclkemizde son zamanlarda \u00e7ok fazla artan kira fiyatlar\u0131n\u0131n \u00f6n\u00fcn\u00fc kesebilmek i\u00e7in h\u00fck\u00fcmetten kritik ad\u0131m geldi. \u00c7evre, \u015eehircilik ve \u0130klim De\u011fi\u015fikli\u011fi Bakan\u0131 Murat Kurum, kira art\u0131\u015flar\u0131 ile ilgili yap\u0131lacak yeni d\u00fczenlemenin 10-15 g\u00fcn i\u00e7erisinde Meclis&#8217;e gelece\u011fini s\u00f6yledi.<\/b><\/p>\n<p>Konutlar\u0131n fiyatlar\u0131 ve kiralar\u0131 Cumhurba\u015fkan\u0131 Recep Tayyip Erdo\u011fan&#8217;\u0131n a\u00e7\u0131klam\u0131\u015f oldu\u011f\u0131 y\u00fczde 0,89 ve 0,99 faizli konut finansman deste\u011finin verilmesinin sonras\u0131nda da art\u0131\u015f\u0131n\u0131 devam ettirdi.<\/p>\n<div class=\"content-text\">\n<p>NTV TV kanal\u0131nda canl\u0131 yay\u0131na kat\u0131larak sorular\u0131 yan\u0131tlayan Bakan Murat Kurum, g\u00fcndemde yer alan konulara ili\u015fkin sorular\u0131 cavaplad\u0131. \u00dcklemizde konut kira art\u0131\u015flar\u0131 ile ilgili ne gibi \u00e7\u00f6z\u00fcm \u00f6nerileri \u00fczerinde \u00e7al\u0131\u015f\u0131ld\u0131\u011f\u0131 sorulan Kurum, Ticaret Bakanl\u0131\u011f\u0131, Hazine ve Maliye Bakanl\u0131\u011f\u0131, Adalet Bakanl\u0131\u011f\u0131 ve \u00c7evre, \u015eehircilik ve \u0130klim De\u011fi\u015fikli\u011fi Bakanl\u0131\u011f\u0131yla \u00e7al\u0131\u015fma grubu olu\u015fturuldu\u011funu ve 10-15 g\u00fcn i\u00e7erisinde hem kirac\u0131lar\u0131 sevindirecek hem de ev sahiplerini ma\u011fdur etmeyecek bir d\u00fczenlemeyi Meclis&#8217;in onay\u0131na sunmak \u00fczere haz\u0131rl\u0131kta olduklar\u0131n\u0131 s\u00f6yledi.<\/p>\n<p><strong><em>\u0130\u015fte Bakan Murat Kurumun yapt\u0131\u011f\u0131 o a\u00e7\u0131klama.<\/em><\/strong><\/p>\n<h2>&#8220;Kiralar\u0131n art\u0131\u015flar\u0131 ile ilgili 10-15 g\u00fcn i\u00e7erisinde bir d\u00fczenleme Meclis&#8217;e gelecek&#8221;<\/h2>\n<p>Bakan Murat Kurum&#8217;un yapm\u0131\u015f oldu\u011fu a\u00e7\u0131klamasnda \u015fu ifadeleri kulland\u0131,<em><strong> &#8220;Bakanlar\u0131m\u0131zla birlikte bir \u00e7al\u0131\u015fma grubu olu\u015fturduk. Kira art\u0131\u015flar\u0131yla ilgili 10-15 g\u00fcn i\u00e7inde bir d\u00fczenleme Meclis&#8217;e gelebilir. Pandemi s\u00fcrecinin ba\u015f\u0131ndan itibaren t\u00fcm d\u00fcnyada ya\u015fanan tedarik zincirindeki sorunlar\u0131, enerji krizindeki sorunlarda vatanda\u015f\u0131m\u0131z\u0131n yan\u0131nda olduk. Vatanda\u015flar\u0131m\u0131z m\u00fcsterih olsunlar, bu alanda da korumaya desteklemeye devam edece\u011fiz.&#8221;&nbsp;<\/strong><\/em><\/p>\n<\/div>\n<div class=\"haberdevam ortala\">&nbsp;<\/div>\n<\/div>\n","protected":false},"excerpt":{"rendered":"<p>\u00dclkemizde son zamanlarda \u00e7ok fazla artan kira fiyatlar\u0131n\u0131n \u00f6n\u00fcn\u00fc kesebilmek i\u00e7in h\u00fck\u00fcmetten kritik ad\u0131m geldi. \u00c7evre, \u015eehircilik ve \u0130klim De\u011fi\u015fikli\u011fi Bakan\u0131 Murat Kurum, kira art\u0131\u015flar\u0131 ile ilgili yap\u0131lacak yeni d\u00fczenlemenin 10-15 g\u00fcn i\u00e7erisinde Meclis&#8217;e gelece\u011fini s\u00f6yledi. Konutlar\u0131n fiyatlar\u0131 ve kiralar\u0131 Cumhurba\u015fkan\u0131 Recep Tayyip Erdo\u011fan&#8217;\u0131n a\u00e7\u0131klam\u0131\u015f oldu\u011f\u0131 y\u00fczde 0,89 ve 0,99 faizli konut finansman deste\u011finin verilmesinin [&hellip;]<\/p>\n","protected":false},"author":1,"featured_media":23910,"comment_status":"open","ping_status":"open","sticky":false,"template":"","format":"standard","meta":{"ngg_post_thumbnail":0},"categories":[5388],"tags":[15391,79],"_links":{"self":[{"href":"https:\/\/emlaktuel.com\/index.php?rest_route=\/wp\/v2\/posts\/39109"}],"collection":[{"href":"https:\/\/emlaktuel.com\/index.php?rest_route=\/wp\/v2\/posts"}],"about":[{"href":"https:\/\/emlaktuel.com\/index.php?rest_route=\/wp\/v2\/types\/post"}],"author":[{"embeddable":true,"href":"https:\/\/emlaktuel.com\/index.php?rest_route=\/wp\/v2\/users\/1"}],"replies":[{"embeddable":true,"href":"https:\/\/emlaktuel.com\/index.php?rest_route=%2Fwp%2Fv2%2Fcomments&post=39109"}],"version-history":[{"count":2,"href":"https:\/\/emlaktuel.com\/index.php?rest_route=\/wp\/v2\/posts\/39109\/revisions"}],"predecessor-version":[{"id":39111,"href":"https:\/\/emlaktuel.com\/index.php?rest_route=\/wp\/v2\/posts\/39109\/revisions\/39111"}],"wp:featuredmedia":[{"embeddable":true,"href":"https:\/\/emlaktuel.com\/index.php?rest_route=\/wp\/v2\/media\/23910"}],"wp:attachment":[{"href":"https:\/\/emlaktuel.com\/index.php?rest_route=%2Fwp%2Fv2%2Fmedia&parent=39109"}],"wp:term":[{"taxonomy":"category","embeddable":true,"href":"https:\/\/emlaktuel.com\/index.php?rest_route=%2Fwp%2Fv2%2Fcategories&post=39109"},{"taxonomy":"post_tag","embeddable":true,"href":"https:\/\/emlaktuel.com\/index.php?rest_route=%2Fwp%2Fv2%2Ftags&post=39109"}],"curies":[{"name":"wp","href":"https:\/\/api.w.org\/{rel}","templated":true}]}}