{"id":38988,"date":"2022-05-13T23:19:21","date_gmt":"2022-05-13T20:19:21","guid":{"rendered":"https:\/\/emlaktuel.com\/?p=38988"},"modified":"2022-05-13T23:19:21","modified_gmt":"2022-05-13T20:19:21","slug":"cimento-uretiminde-satislar-gerilemeye-devam-ediyor","status":"publish","type":"post","link":"https:\/\/emlaktuel.com\/?p=38988","title":{"rendered":"\u00c7imento \u00fcretiminde sat\u0131\u015flar gerilemeye devam ediyor"},"content":{"rendered":"<p><strong><em>2022 y\u0131l\u0131n\u0131n ilk iki ay\u0131nda T\u00dcRK\u00c7\u0130MENTO \u00fcyelerinin toplam \u00e7imento \u00fcretimi ge\u00e7en y\u0131l\u0131n ayn\u0131 d\u00f6nemine g\u00f6re %8,2\u2019lik d\u00fc\u015f\u00fc\u015fle, 9,1 milyon tona indi. \u0130\u00e7 sat\u0131\u015flar da Ocak-\u015eubat d\u00f6neminde %15,7 azalarak 6,1 milyon tona geriledi. Bu y\u0131l\u0131n ilk ay\u0131nda \u00fcretilen \u00e7imentonun %31.6\u2019s\u0131 ihracata konu oldu.<\/em><\/strong><\/p>\n<p><strong>&nbsp;<\/strong><\/p>\n<p><strong><em>T\u00dcRK\u00c7\u0130MENTO Y\u00f6netim Kurulu Ba\u015fkan\u0131 Fatih Y\u00fccelik, \u201cSekt\u00f6r\u00fcm\u00fcz 2022 y\u0131l\u0131na ilk ay\u0131na \u00fcretim ve i\u00e7 sat\u0131\u015flarda d\u00fc\u015f\u00fc\u015f ile girmi\u015fti. Global emtia fiyatlar\u0131ndaki art\u0131\u015flar\u0131n getirdi\u011fi olumsuz havan\u0131n etkilerinin s\u00fcrece\u011fini ve sekt\u00f6rde gerileme ya\u015fanaca\u011f\u0131n\u0131 tahmin etmi\u015ftik. Maalesef \u00f6n\u00fcm\u00fczdeki aylarda da bu olumsuz havan\u0131n etkilerini g\u00f6rmeye devam edece\u011fiz\u201d dedi.<\/em><\/strong><\/p>\n<p><strong><em>&nbsp;<\/em><\/strong><\/p>\n<p>\u00c7imento sekt\u00f6r\u00fcn\u00fcn \u00e7at\u0131 birli\u011fi T\u00dcRK\u00c7\u0130MENTO, 2022 y\u0131l\u0131n\u0131n ilk ay\u0131na ili\u015fkin \u00fcretim ve sat\u0131\u015f rakamlar\u0131n\u0131 a\u00e7\u0131klad\u0131.&nbsp;Sekt\u00f6r\u00fcn %94\u2019\u00fcn\u00fc temsil eden T\u00dcRK\u00c7\u0130MENTO \u00fcyelerinin 2022 y\u0131l\u0131 ilk iki ay\u0131nda \u00e7imento \u00fcretimi ge\u00e7en y\u0131la oranla %8,2\u2019lik d\u00fc\u015f\u00fc\u015fle 9,1 milyon tona geriledi. \u00c7imento sekt\u00f6r\u00fcnde i\u00e7 sat\u0131\u015flar da y\u0131l\u0131n ilk iki ay\u0131nda %15,7 oran\u0131nda azalarak, 6,1 milyon tona indi. 2022 Ocak ay\u0131nda \u00fcretilen \u00e7imentonun %31,6\u2019s\u0131 ihracata konu olurken, \u00e7imento ihracat\u0131 %23,6\u2019l\u0131k art\u0131\u015fla 2,9 milyon tona \u00e7\u0131kt\u0131.&nbsp;<\/p>\n<p>&nbsp;<\/p>\n<p>\u00c7imento sekt\u00f6r\u00fcn\u00fcn 2022 y\u0131l\u0131n\u0131n ilk iki ay\u0131l\u0131k sonu\u00e7lar\u0131n\u0131 de\u011ferlendiren&nbsp;<strong>T\u00dcRK\u00c7\u0130MENTO Y\u00f6netim Kurulu Ba\u015fkan\u0131 Fatih Y\u00fccelik,<\/strong>&nbsp;\u201c2021 y\u0131l\u0131nda yakla\u015f\u0131k %6 b\u00fcy\u00fcme ya\u015fayan sekt\u00f6r\u00fcm\u00fcz 2022 y\u0131l\u0131na, i\u00e7 piyasada d\u00fc\u015f\u00fc\u015f ve ihracatta art\u0131\u015f ile ba\u015flad\u0131.&nbsp;Rusya-Ukrayna krizi nedeniyle global emtia fiyatlar\u0131ndaki art\u0131\u015flar\u0131n etkisiyle sekt\u00f6rdeki olumsuz havan\u0131n s\u00fcrece\u011fini tahmin ediyorduk. Maalesef \u00f6yle de oldu. Krizin daha uzun s\u00fcrmesi durumunda ve alternatif enerji kaynaklar\u0131n\u0131n acilen devreye al\u0131nmamas\u0131 halinde ise sekt\u00f6r olarak \u00fcretimimiz durma noktas\u0131na gelecektir\u201d uyar\u0131s\u0131nda bulundu.&nbsp;<\/p>\n<p>&nbsp;<\/p>\n<h2><strong><u>2022 \u0130LK D\u00d6RT AYLIK \u0130HRACAT<\/u><\/strong><\/h2>\n<p>&nbsp;<\/p>\n<p>\u0130hracat\u00e7\u0131 Birlikleri\u2019nin ge\u00e7ici verilerine g\u00f6re, 2022 Ocak-Nisan d\u00f6neminde \u00e7imento sekt\u00f6r\u00fcn\u00fcn toplam ihracat\u0131 de\u011fer baz\u0131nda ge\u00e7en y\u0131l\u0131n ayn\u0131 d\u00f6nemine oranla %30,4 art\u0131\u015fla 514 milyon dolara \u00e7\u0131kt\u0131. Toplam ihracat miktar\u0131 ise %1.8\u2019lik art\u0131\u015fla 10,2 milyon ton oldu. \u0130hracat\u0131n 6,4 milyon tonu \u00e7imento; 3,8 &nbsp;milyon tonu klinkerden olu\u015ftu.<\/p>\n<p>&nbsp;<\/p>\n<p>&nbsp;<\/p>\n<table border=\"0\" cellspacing=\"0\" cellpadding=\"0\">\n<tbody>\n<tr>\n<td class=\"\" valign=\"top\" width=\"20.704845814977972%\"><strong>Milyon ton<\/strong><\/td>\n<td class=\"\" valign=\"top\" width=\"31.277533039647576%\"><strong>2021 (Ocak-Nisan)<\/strong><\/td>\n<td class=\"\" valign=\"top\" width=\"31.277533039647576%\"><strong>2022 (Ocak-Nisan)<\/strong><\/td>\n<td class=\"\" valign=\"top\" width=\"16.740088105726873%\"><strong>21\/22 %<\/strong><\/td>\n<\/tr>\n<tr>\n<td class=\"\" valign=\"top\" width=\"20.704845814977972%\"><strong>\u00c7imento<\/strong><\/td>\n<td class=\"\" valign=\"top\" width=\"31.277533039647576%\"><strong>5,9<\/strong><\/td>\n<td class=\"\" valign=\"bottom\" width=\"31.277533039647576%\"><strong>6,4<\/strong><\/td>\n<td class=\"\" valign=\"bottom\" width=\"16.740088105726873%\"><strong>8,4<\/strong><\/td>\n<\/tr>\n<tr>\n<td class=\"\" valign=\"top\" width=\"20.704845814977972%\"><strong>Klinker<\/strong><\/td>\n<td class=\"\" valign=\"top\" width=\"31.277533039647576%\"><strong>4,1<\/strong><\/td>\n<td class=\"\" valign=\"bottom\" width=\"31.277533039647576%\"><strong>3,8<\/strong><\/td>\n<td class=\"\" valign=\"bottom\" width=\"16.740088105726873%\"><strong>-7,7<\/strong><\/td>\n<\/tr>\n<tr>\n<td class=\"\" valign=\"top\" width=\"20.704845814977972%\"><strong>Toplam<\/strong><\/td>\n<td class=\"\" valign=\"top\" width=\"31.277533039647576%\"><strong>10,0<\/strong><\/td>\n<td class=\"\" valign=\"bottom\" width=\"31.277533039647576%\"><strong>10,2<\/strong><\/td>\n<td class=\"\" valign=\"bottom\" width=\"16.740088105726873%\"><strong>1,8<\/strong><\/td>\n<\/tr>\n<\/tbody>\n<\/table>\n<p>&nbsp;<\/p>\n<table border=\"0\" cellspacing=\"0\" cellpadding=\"0\">\n<tbody>\n<tr>\n<td class=\"\" valign=\"top\" width=\"20.704845814977972%\"><strong>Milyon $<\/strong><\/td>\n<td class=\"\" valign=\"top\" width=\"31.277533039647576%\"><strong>2021 (Ocak-Nisan)<\/strong><\/td>\n<td class=\"\" valign=\"top\" width=\"31.277533039647576%\"><strong>2022 (Ocak-Nisan)<\/strong><\/td>\n<td class=\"\" valign=\"top\" width=\"16.740088105726873%\"><strong>21\/22 %<\/strong><\/td>\n<\/tr>\n<tr>\n<td class=\"\" valign=\"top\" width=\"20.704845814977972%\"><strong>\u00c7imento<\/strong><\/td>\n<td class=\"\" valign=\"top\" width=\"31.277533039647576%\"><strong>265<\/strong><\/td>\n<td class=\"\" valign=\"bottom\" width=\"31.277533039647576%\"><strong>353<\/strong><\/td>\n<td class=\"\" valign=\"bottom\" width=\"16.740088105726873%\"><strong>33,4<\/strong><\/td>\n<\/tr>\n<tr>\n<td class=\"\" valign=\"top\" width=\"20.704845814977972%\"><strong>Klinker<\/strong><\/td>\n<td class=\"\" valign=\"top\" width=\"31.277533039647576%\"><strong>129<\/strong><\/td>\n<td class=\"\" valign=\"bottom\" width=\"31.277533039647576%\"><strong>161<\/strong><\/td>\n<td class=\"\" valign=\"bottom\" width=\"16.740088105726873%\"><strong>24,3<\/strong><\/td>\n<\/tr>\n<tr>\n<td class=\"\" valign=\"top\" width=\"20.704845814977972%\"><strong>Toplam<\/strong><\/td>\n<td class=\"\" valign=\"top\" width=\"31.277533039647576%\"><strong>394<\/strong><\/td>\n<td class=\"\" valign=\"bottom\" width=\"31.277533039647576%\"><strong>514<\/strong><\/td>\n<td class=\"\" valign=\"bottom\" width=\"16.740088105726873%\"><strong>30,4<\/strong><\/td>\n<\/tr>\n<\/tbody>\n<\/table>\n<p>&nbsp;<\/p>\n<p>&nbsp;<\/p>\n<p>&nbsp;<\/p>\n","protected":false},"excerpt":{"rendered":"<p>2022 y\u0131l\u0131n\u0131n ilk iki ay\u0131nda T\u00dcRK\u00c7\u0130MENTO \u00fcyelerinin toplam \u00e7imento \u00fcretimi ge\u00e7en y\u0131l\u0131n ayn\u0131 d\u00f6nemine g\u00f6re %8,2\u2019lik d\u00fc\u015f\u00fc\u015fle, 9,1 milyon tona indi. \u0130\u00e7 sat\u0131\u015flar da Ocak-\u015eubat d\u00f6neminde %15,7 azalarak 6,1 milyon tona geriledi. Bu y\u0131l\u0131n ilk ay\u0131nda \u00fcretilen \u00e7imentonun %31.6\u2019s\u0131 ihracata konu oldu. &nbsp; T\u00dcRK\u00c7\u0130MENTO Y\u00f6netim Kurulu Ba\u015fkan\u0131 Fatih Y\u00fccelik, \u201cSekt\u00f6r\u00fcm\u00fcz 2022 y\u0131l\u0131na ilk ay\u0131na \u00fcretim [&hellip;]<\/p>\n","protected":false},"author":1,"featured_media":27430,"comment_status":"open","ping_status":"open","sticky":false,"template":"","format":"standard","meta":{"ngg_post_thumbnail":0},"categories":[221],"tags":[16227],"_links":{"self":[{"href":"https:\/\/emlaktuel.com\/index.php?rest_route=\/wp\/v2\/posts\/38988"}],"collection":[{"href":"https:\/\/emlaktuel.com\/index.php?rest_route=\/wp\/v2\/posts"}],"about":[{"href":"https:\/\/emlaktuel.com\/index.php?rest_route=\/wp\/v2\/types\/post"}],"author":[{"embeddable":true,"href":"https:\/\/emlaktuel.com\/index.php?rest_route=\/wp\/v2\/users\/1"}],"replies":[{"embeddable":true,"href":"https:\/\/emlaktuel.com\/index.php?rest_route=%2Fwp%2Fv2%2Fcomments&post=38988"}],"version-history":[{"count":1,"href":"https:\/\/emlaktuel.com\/index.php?rest_route=\/wp\/v2\/posts\/38988\/revisions"}],"predecessor-version":[{"id":38989,"href":"https:\/\/emlaktuel.com\/index.php?rest_route=\/wp\/v2\/posts\/38988\/revisions\/38989"}],"wp:featuredmedia":[{"embeddable":true,"href":"https:\/\/emlaktuel.com\/index.php?rest_route=\/wp\/v2\/media\/27430"}],"wp:attachment":[{"href":"https:\/\/emlaktuel.com\/index.php?rest_route=%2Fwp%2Fv2%2Fmedia&parent=38988"}],"wp:term":[{"taxonomy":"category","embeddable":true,"href":"https:\/\/emlaktuel.com\/index.php?rest_route=%2Fwp%2Fv2%2Fcategories&post=38988"},{"taxonomy":"post_tag","embeddable":true,"href":"https:\/\/emlaktuel.com\/index.php?rest_route=%2Fwp%2Fv2%2Ftags&post=38988"}],"curies":[{"name":"wp","href":"https:\/\/api.w.org\/{rel}","templated":true}]}}