{"id":38940,"date":"2022-05-09T12:10:11","date_gmt":"2022-05-09T09:10:11","guid":{"rendered":"https:\/\/emlaktuel.com\/?p=38940"},"modified":"2022-05-09T12:10:11","modified_gmt":"2022-05-09T09:10:11","slug":"permolit-boya-yenilikci-urunlerinin-avrupa-pazarina-tanitti","status":"publish","type":"post","link":"https:\/\/emlaktuel.com\/?p=38940","title":{"rendered":"Permolit boya yenilik\u00e7i \u00fcr\u00fcnlerinin Avrupa pazar\u0131na tan\u0131tt\u0131"},"content":{"rendered":"<p><strong><em>Permolit Boya, G\u00fcneydo\u011fu Avrupa\u2019n\u0131n en b\u00fcy\u00fck boya ve dekorasyon fuarlar\u0131ndan biri olan ve Belgrad\u2019da ger\u00e7ekle\u015fen South East Europe Belgrade Building Expo\u2019da yer ald\u0131. Y\u00fczde y\u00fcz yerli sermaye ile 25 \u00fclkede faaliyet g\u00f6steren Ak\u00e7al\u0131 Boya, 2022 y\u0131l\u0131nda uluslararas\u0131 alandaki etkinli\u011fini artt\u0131rmay\u0131 hedefliyor.<\/em><\/strong><\/p>\n<p>T\u00fcrk Boya sekt\u00f6r\u00fcn\u00fcn \u00f6nde gelen markalar\u0131ndan Permolit Boya, \u201cG\u00fczelle\u015fir D\u00fcnya\u201d vizyonuyla 38 y\u0131l\u0131 a\u015fk\u0131n s\u00fcredir T\u00fcrkiye\u2019nin y\u00fczde y\u00fcz yerli sermayeli markas\u0131 olarak yurti\u00e7i ve yurtd\u0131\u015f\u0131nda faaliyetlerini s\u00fcrd\u00fcr\u00fcyor. Ak\u00e7al\u0131 Boya \u00e7at\u0131s\u0131 alt\u0131nda bulunan ve T\u00fcrk Boya sekt\u00f6r\u00fcn\u00fcn \u00f6nc\u00fc ve g\u00fc\u00e7l\u00fc kurulu\u015flar\u0131 aras\u0131nda yer alan Permolit Boya, S\u0131rbistan\u2019\u0131n en b\u00fcy\u00fck; G\u00fcney Avrupa\u2019n\u0131n ise en \u00f6nemli boya ve dekorasyon fuarlar\u0131ndan biri olan \u201cSouth East Europe Belgrade Building Expo (SEEBBE)\u201dda ya\u015fam alanlar\u0131n\u0131 yeniden tasarlayan, do\u011fa dostu, yenilik\u00e7i \u00fcr\u00fcnlerini sergiledi. 200\u2019\u00fc a\u015fk\u0131n kat\u0131l\u0131mc\u0131 firma ile yakla\u015f\u0131k 10 bin ziyaret\u00e7inin kat\u0131l\u0131m sa\u011flad\u0131\u011f\u0131 fuarda, Permolit Boya\u2019n\u0131n stand\u0131na S\u0131rbistan B\u00fcy\u00fckel\u00e7isi Say\u0131n Hami Aksoy ve Ticaret M\u00fc\u015faviri Say\u0131n Yasemin Y\u00fcce ziyarette bulundu.<\/p>\n<p>Uluslararas\u0131 alandaki yay\u0131l\u0131m\u0131n\u0131 her ge\u00e7en y\u0131l artt\u0131ran Permolit Boya, S\u0131rbistan\u2019da b\u00f6lgenin \u00f6nde gelen firmalar\u0131ndan WGT ile i\u015f birli\u011fi yaparak \u00fclke geneline \u00fcr\u00fcnlerini ula\u015ft\u0131rmay\u0131 hedefliyor.<\/p>\n<ol>\n<li><strong> AKIN AK\u00c7ALI; \u201cYERELDE L\u0130DER, D\u00dcNYADA ETK\u0130N MARKALAR \u0130N\u015eA ED\u0130YORUZ\u201d<\/strong><\/li>\n<\/ol>\n<p><strong><em>Permolit Boya CEO\u2019su M. Ak\u0131n Ak\u00e7al\u0131<\/em><\/strong>; <em>\u201cPermolit markal\u0131 boyalar\u0131m\u0131z ve Ak\u00e7al\u0131, Motip, Carat markal\u0131 spreylerimizle m\u00fc\u015fterilerimizin ihtiya\u00e7 ve beklentilerine en iyi \u015fekilde yan\u0131t vermeyi hedefliyoruz. Bu do\u011frultuda ger\u00e7ekle\u015ftirdi\u011fimiz t\u00fcm ARGE yat\u0131r\u0131mlar\u0131m\u0131z da g\u00fcn\u00fcn gereksinimlerine ve t\u00fcketicilerin taleplerine d\u00f6n\u00fck \u00e7\u00f6z\u00fcmler \u00fcretmeye odakl\u0131. Bug\u00fcn bu yakla\u015f\u0131m\u0131m\u0131z markam\u0131z\u0131n gerek T\u00fcrkiye genelinde, gerekse 25 \u00fclkede ba\u015far\u0131ya ula\u015fmas\u0131ndaki en \u00f6nemli etkendir. 2021 Kas\u0131m ay\u0131nda \u0130ngiltere\u2019de, \u015eubat ay\u0131nda ise Amerika\u2019da fuardayd\u0131k. 17-19 Mart aras\u0131nda da Paintistanbul fuar\u0131nda yer ald\u0131k. Son olarak S\u0131rbistan\u2019da G\u00fcneydo\u011fu Avrupa\u2019n\u0131n en \u00f6nemli boya ve dekorasyon fuarlar\u0131ndan biri olan SEEBBE\u2019ye kat\u0131l\u0131m sa\u011flad\u0131k, Fuar\u2019da ayr\u0131ca bizi yaln\u0131z b\u0131rakmayan ve stand\u0131m\u0131z\u0131 ziyaret eden S\u0131rbistan B\u00fcy\u00fckel\u00e7imiz Say\u0131n Hami Aksoy ve Ticaret M\u00fc\u015favirimiz Say\u0131n Yasemin Y\u00fcce\u2019ye te\u015fekk\u00fcrlerimizi sunar\u0131m. Farkl\u0131 \u00fclke, k\u00fclt\u00fcr ve y\u00f6reden kat\u0131l\u0131mc\u0131 ve ziyaret\u00e7ilerin bulu\u015fma noktas\u0131 olan fuarlar\u0131 yeni \u00fcr\u00fcn ve hizmetleri tan\u0131tmam\u0131z anlam\u0131nda \u00f6nemli bir f\u0131rsat olarak g\u00f6r\u00fcyoruz, hepsinin ortak paydas\u0131 \u201cyerelde lider, d\u00fcnyada etkin\u201d markalar yaratma yolculu\u011fumuza hizmet ediyor olmalar\u0131.\u201d<\/em> dedi.<\/p>\n","protected":false},"excerpt":{"rendered":"<p>Permolit Boya, G\u00fcneydo\u011fu Avrupa\u2019n\u0131n en b\u00fcy\u00fck boya ve dekorasyon fuarlar\u0131ndan biri olan ve Belgrad\u2019da ger\u00e7ekle\u015fen South East Europe Belgrade Building Expo\u2019da yer ald\u0131. Y\u00fczde y\u00fcz yerli sermaye ile 25 \u00fclkede faaliyet g\u00f6steren Ak\u00e7al\u0131 Boya, 2022 y\u0131l\u0131nda uluslararas\u0131 alandaki etkinli\u011fini artt\u0131rmay\u0131 hedefliyor. T\u00fcrk Boya sekt\u00f6r\u00fcn\u00fcn \u00f6nde gelen markalar\u0131ndan Permolit Boya, \u201cG\u00fczelle\u015fir D\u00fcnya\u201d vizyonuyla 38 y\u0131l\u0131 a\u015fk\u0131n [&hellip;]<\/p>\n","protected":false},"author":1,"featured_media":38941,"comment_status":"open","ping_status":"open","sticky":false,"template":"","format":"standard","meta":{"ngg_post_thumbnail":0},"categories":[26],"tags":[16216],"_links":{"self":[{"href":"https:\/\/emlaktuel.com\/index.php?rest_route=\/wp\/v2\/posts\/38940"}],"collection":[{"href":"https:\/\/emlaktuel.com\/index.php?rest_route=\/wp\/v2\/posts"}],"about":[{"href":"https:\/\/emlaktuel.com\/index.php?rest_route=\/wp\/v2\/types\/post"}],"author":[{"embeddable":true,"href":"https:\/\/emlaktuel.com\/index.php?rest_route=\/wp\/v2\/users\/1"}],"replies":[{"embeddable":true,"href":"https:\/\/emlaktuel.com\/index.php?rest_route=%2Fwp%2Fv2%2Fcomments&post=38940"}],"version-history":[{"count":1,"href":"https:\/\/emlaktuel.com\/index.php?rest_route=\/wp\/v2\/posts\/38940\/revisions"}],"predecessor-version":[{"id":38942,"href":"https:\/\/emlaktuel.com\/index.php?rest_route=\/wp\/v2\/posts\/38940\/revisions\/38942"}],"wp:featuredmedia":[{"embeddable":true,"href":"https:\/\/emlaktuel.com\/index.php?rest_route=\/wp\/v2\/media\/38941"}],"wp:attachment":[{"href":"https:\/\/emlaktuel.com\/index.php?rest_route=%2Fwp%2Fv2%2Fmedia&parent=38940"}],"wp:term":[{"taxonomy":"category","embeddable":true,"href":"https:\/\/emlaktuel.com\/index.php?rest_route=%2Fwp%2Fv2%2Fcategories&post=38940"},{"taxonomy":"post_tag","embeddable":true,"href":"https:\/\/emlaktuel.com\/index.php?rest_route=%2Fwp%2Fv2%2Ftags&post=38940"}],"curies":[{"name":"wp","href":"https:\/\/api.w.org\/{rel}","templated":true}]}}