{"id":38717,"date":"2022-03-31T11:47:59","date_gmt":"2022-03-31T08:47:59","guid":{"rendered":"https:\/\/emlaktuel.com\/?p=38717"},"modified":"2022-03-31T11:47:59","modified_gmt":"2022-03-31T08:47:59","slug":"huseyin-dincel-yeni-kdv-sistemi-fiyat-avantaji-saglar","status":"publish","type":"post","link":"https:\/\/emlaktuel.com\/?p=38717","title":{"rendered":"H\u00fcseyin Din\u00e7el: Yeni KDV Sistemi Fiyat Avantaj\u0131 Sa\u011flar"},"content":{"rendered":"<p>Cumhurba\u015fkan\u0131 Recep Tayyip Erdo\u011fan \u00f6nceki g\u00fcn konutta Katma De\u011fer Vergisi (KDV) indirim oranlar\u0131n\u0131 a\u00e7\u0131klad\u0131. Buna g\u00f6re, konutta KDV&#8217;de ikili sisteme ge\u00e7ildi. Eski sistemde net alan\u0131 150 metrekarenin \u00fczerindeki konutlar y\u00fczde 18 KDV\u2019ye tabi tutuluyordu. 150 metrekarenin alt\u0131ndakiler ise arsa de\u011ferine g\u00f6re y\u00fczde 1 veya y\u00fczde 8 KDV&#8217;ye tabi oluyordu. Yeni d\u00fczenleme ile bu konutlarda 150 metrekareye kadar y\u00fczde 8, kalan k\u0131s\u0131m i\u00e7in y\u00fczde 18 KDV hesaplanacak.<\/p>\n<p>D\u00fczenlemeyi de\u011ferlendiren Akyap\u0131 kurucular\u0131ndan H\u00fcseyin Din\u00e7el, KDV indiriminin sekt\u00f6rde yava\u015flayan \u00fcretimi harekete ge\u00e7irece\u011fini belirterek, &#8220;\u00d6zellikle fiyatlar\u0131n artt\u0131\u011f\u0131 ve maliyetlerdeki y\u00fckseli\u015fler nedeniyle art\u0131\u015f\u0131n devam edece\u011finin beklendi\u011fi ortamda bu indirim, konut alacaklar i\u00e7in fiyat avantaj\u0131 sa\u011flayacakt\u0131r. Ayr\u0131ca son g\u00fcnlerde Ukrayna krizi nedeniyle beklemeye ge\u00e7en konut projelerinin tekrar g\u00fcndeme al\u0131nmas\u0131n\u0131 da sa\u011flayacakt\u0131r. \u00d6zellikle kentsel d\u00f6n\u00fc\u015f\u00fcme y\u00f6nelik yap\u0131lan d\u00fczenleme kentsel d\u00f6n\u00fc\u015f\u00fcm projelerini h\u0131zland\u0131racak, \u00fclkemizin depreme haz\u0131rl\u0131\u011f\u0131 i\u00e7in de olduk\u00e7a faydal\u0131 olacakt\u0131r.&#8221; dedi.<\/p>\n","protected":false},"excerpt":{"rendered":"<p>Cumhurba\u015fkan\u0131 Recep Tayyip Erdo\u011fan \u00f6nceki g\u00fcn konutta Katma De\u011fer Vergisi (KDV) indirim oranlar\u0131n\u0131 a\u00e7\u0131klad\u0131. Buna g\u00f6re, konutta KDV&#8217;de ikili sisteme ge\u00e7ildi. Eski sistemde net alan\u0131 150 metrekarenin \u00fczerindeki konutlar y\u00fczde 18 KDV\u2019ye tabi tutuluyordu. 150 metrekarenin alt\u0131ndakiler ise arsa de\u011ferine g\u00f6re y\u00fczde 1 veya y\u00fczde 8 KDV&#8217;ye tabi oluyordu. Yeni d\u00fczenleme ile bu konutlarda 150 [&hellip;]<\/p>\n","protected":false},"author":1,"featured_media":37632,"comment_status":"open","ping_status":"open","sticky":false,"template":"","format":"standard","meta":{"ngg_post_thumbnail":0},"categories":[5388],"tags":[15507],"_links":{"self":[{"href":"https:\/\/emlaktuel.com\/index.php?rest_route=\/wp\/v2\/posts\/38717"}],"collection":[{"href":"https:\/\/emlaktuel.com\/index.php?rest_route=\/wp\/v2\/posts"}],"about":[{"href":"https:\/\/emlaktuel.com\/index.php?rest_route=\/wp\/v2\/types\/post"}],"author":[{"embeddable":true,"href":"https:\/\/emlaktuel.com\/index.php?rest_route=\/wp\/v2\/users\/1"}],"replies":[{"embeddable":true,"href":"https:\/\/emlaktuel.com\/index.php?rest_route=%2Fwp%2Fv2%2Fcomments&post=38717"}],"version-history":[{"count":1,"href":"https:\/\/emlaktuel.com\/index.php?rest_route=\/wp\/v2\/posts\/38717\/revisions"}],"predecessor-version":[{"id":38718,"href":"https:\/\/emlaktuel.com\/index.php?rest_route=\/wp\/v2\/posts\/38717\/revisions\/38718"}],"wp:featuredmedia":[{"embeddable":true,"href":"https:\/\/emlaktuel.com\/index.php?rest_route=\/wp\/v2\/media\/37632"}],"wp:attachment":[{"href":"https:\/\/emlaktuel.com\/index.php?rest_route=%2Fwp%2Fv2%2Fmedia&parent=38717"}],"wp:term":[{"taxonomy":"category","embeddable":true,"href":"https:\/\/emlaktuel.com\/index.php?rest_route=%2Fwp%2Fv2%2Fcategories&post=38717"},{"taxonomy":"post_tag","embeddable":true,"href":"https:\/\/emlaktuel.com\/index.php?rest_route=%2Fwp%2Fv2%2Ftags&post=38717"}],"curies":[{"name":"wp","href":"https:\/\/api.w.org\/{rel}","templated":true}]}}