{"id":38705,"date":"2022-03-29T20:34:55","date_gmt":"2022-03-29T17:34:55","guid":{"rendered":"https:\/\/emlaktuel.com\/?p=38705"},"modified":"2022-03-29T20:34:55","modified_gmt":"2022-03-29T17:34:55","slug":"bakan-kurum-turkiyenin-ilk-dijital-cocuk-ve-cevre-akademisini-aciyoruz","status":"publish","type":"post","link":"https:\/\/emlaktuel.com\/?p=38705","title":{"rendered":"Bakan Kurum: T\u00fcrkiye\u2019nin ilk dijital \u2018\u00c7ocuk ve \u00c7evre Akademisi\u2019ni a\u00e7\u0131yoruz"},"content":{"rendered":"<p><em>\u201c\u00c7evre Dostu Bin Okul Projesi\u201d Tan\u0131t\u0131m Program\u0131na kat\u0131lan \u00c7evre, \u015eehircilik ve \u0130klim De\u011fi\u015fikli\u011fi Bakan\u0131 Murat Kurum, dijital ortamda e\u011fitim verecek T\u00fcrkiye\u2019nin ilk \u00e7ocuk ve \u00e7evre akademisini yak\u0131nda a\u00e7acaklar\u0131 m\u00fcjdesini de vererek, EBA entegrasyonuyla akademinin -video ve animasyonlar ba\u015fta olmak \u00fczere- zengin i\u00e7eri\u011fiyle \u00e7ocuklar\u0131 hem e\u011flendirece\u011fini hem de \u00e7evreye, do\u011faya, iklim de\u011fi\u015fikli\u011fine dair konular\u0131 \u00f6\u011freneceklerini s\u00f6yledi. Emine Erdo\u011fan\u2019\u0131n himayelerinde S\u0131f\u0131r At\u0131k Projesi\u2019nin uluslararas\u0131 bir\u00e7ok \u00f6d\u00fcle lay\u0131k g\u00f6r\u00fcld\u00fc\u011f\u00fcn\u00fc hat\u0131rlatan Bakan Kurum, 2023 y\u0131l\u0131nda t\u00fcm kamu kurum ve kurulu\u015flar\u0131nda S\u0131f\u0131r At\u0131k uygulamas\u0131na ge\u00e7ilece\u011fini belirtti.<\/em><\/p>\n<p>T\u00fcrkiye genelinde t\u00fcm okullarda hayata ge\u00e7irilmesi planlanan ve ilk etapta pilot olarak her il\u00e7ede en az bir tane olmak \u00fczere uygulamaya konulan \u201c\u00c7evre Dostu Bin Okul\u201d projesi, \u00c7evre, \u015eehircilik ve \u0130klim De\u011fi\u015fikli\u011fi Bakan\u0131 Murat Kurum ile Mill\u00ee E\u011fitim Bakan\u0131 Mahmut \u00d6zer\u2019in kat\u0131l\u0131m\u0131yla OST\u0130M \u0130lkokulu\u2019nda tan\u0131t\u0131ld\u0131.<\/p>\n<p>Projenin tan\u0131t\u0131m program\u0131na kat\u0131lan \u00c7evre, \u015eehircilik ve \u0130klim De\u011fi\u015fikli\u011fi Bakan\u0131 Murat Kurum, \u00f6zellikle 7\u2019nci ve 8\u2019inci s\u0131n\u0131flarda okutulan &#8220;\u00c7evre E\u011fitimi&#8221; dersinin iklim de\u011fi\u015fikli\u011fiyle uyumlu bir ders olarak yenilenmesi; yine se\u00e7meli ders olarak okutulan derslerin isminin \u201c\u00c7evre E\u011fitimi ve \u0130klim De\u011fi\u015fikli\u011fi\u201d olarak de\u011fi\u015ftirilmesinin gelece\u011fimiz i\u00e7in son derece \u00f6nemli bir ad\u0131m oldu\u011funu belirterek, Mill\u00ee E\u011fitim Bakan\u0131 Mahmut \u00d6zer\u2019e te\u015fekk\u00fcr etti.<\/p>\n<h2><strong>\u201cOST\u0130M \u0130lkokulu, bu bin okulun en ba\u015far\u0131l\u0131 \u00f6rneklerinden biri\u201d<\/strong><\/h2>\n<p>\u201c\u00c7evre Dostu Bin Okul Projesi\u201dnin \u00e7ocuklarda \u00e7evre ve do\u011fa bilincinin art\u0131r\u0131lmas\u0131na katk\u0131 sa\u011flayacak \u00e7ok \u00f6zel, \u00f6nemli ve anlaml\u0131 bir proje oldu\u011funun alt\u0131n\u0131 \u00e7izen Bakan Murat Kurum, projeyle her il\u00e7ede en az bir tane olmak \u00fczere toplam bin okulun \u00e7evre dostu, iklim dostu, s\u0131f\u0131r at\u0131k uyumlu olaca\u011f\u0131n\u0131, OST\u0130M \u0130lkokulu\u2019nun da bu bin okulun en ba\u015far\u0131l\u0131 \u00f6rneklerinden biri oldu\u011funu s\u00f6yledi.<\/p>\n<h2>Bakan Murat Kurum s\u00f6zlerini \u015fu \u015fekilde s\u00fcrd\u00fcrd\u00fc:<\/h2>\n<p>\u201cYak\u0131nlar\u0131n\u0131z, akrabalar\u0131n\u0131z yine akrabalar\u0131n\u0131z\u0131n ya\u015fad\u0131\u011f\u0131; belki sizin ya\u015fad\u0131\u011f\u0131n\u0131z \u015fehirlerde seller, heyelanlar, f\u0131rt\u0131nalar, depremler, afetler oluyor ve bu afetlerde binlerce can\u0131m\u0131z\u0131 kaybediyoruz, \u015fehirlerimiz zarar g\u00f6r\u00fcyor. Dolay\u0131s\u0131yla biz Say\u0131n Cumhurba\u015fkan\u0131m\u0131z\u0131n a\u00e7\u0131klam\u0131\u015f oldu\u011fu 2053 Net S\u0131f\u0131r Emisyon hedefi do\u011frultusunda \u00e7al\u0131\u015fmalar\u0131m\u0131z\u0131 kararl\u0131l\u0131kla s\u00fcrd\u00fcrmek zorunday\u0131z. Net S\u0131f\u0131r Emisyon Nedir? \u00c7ocuklar\u0131m\u0131z\u0131n anlayaca\u011f\u0131 manada, k\u00f6t\u00fc gazlar\u0131n ye\u015fil alanlar, g\u00f6ller ve akarsular\u0131m\u0131z taraf\u0131ndan yutulmas\u0131d\u0131r. O y\u00fczden biz 2053 Net S\u0131f\u0131r Emisyon hedefi ortaya koyduk. Giderek de yayg\u0131nla\u015ft\u0131raca\u011f\u0131z. Bu noktada m\u00fccadelemizi kararl\u0131l\u0131kla birlikte y\u00fcr\u00fctece\u011fiz.\u201d<\/p>\n<h2><strong>\u201c2023&#8217;de t\u00fcm kamu kurumlar\u0131nda S\u0131f\u0131r At\u0131k Uygulamas\u0131na ge\u00e7mi\u015f olaca\u011f\u0131z\u201d<\/strong><\/h2>\n<p>S\u0131f\u0131r At\u0131k Projesi\u2019nin uluslararas\u0131 alanda pek \u00e7ok \u00f6d\u00fcle lay\u0131k g\u00f6r\u00fcld\u00fc\u011f\u00fcn\u00fc, Birle\u015fmi\u015f Milletler nezdinde, s\u00fcrd\u00fcr\u00fclebilir kalk\u0131nma eylem \u00f6d\u00fcl\u00fcn\u00fc ald\u0131\u011f\u0131n\u0131, Akdeniz Parlamenteler Asemblesinde de 16. Genel Kurulunda y\u00fczlerce proje aras\u0131nda birinci oldu\u011funu hat\u0131rlatan Bakan Kurum, \u201cBug\u00fcn \u00e7evre bilincinin yerle\u015fmesi \u00f6zellikle \u00e7ocuklar\u0131m\u0131za yavrular\u0131m\u0131za gelece\u011fimizin teminat\u0131 evlatlar\u0131m\u0131za aktar\u0131lmas\u0131 noktas\u0131nda Sayg\u0131de\u011fer Emine Erdo\u011fan Han\u0131mefendilerin himayelerinde y\u00fcr\u00fctt\u00fc\u011f\u00fcm\u00fcz \u00e7al\u0131\u015fmalar ger\u00e7ekten hem yerel de hem ulusal da \u00e7ok \u00e7ok \u00f6nemli projeler oldular. Bu anlamda da uluslararas\u0131 \u00f6d\u00fcllere lay\u0131k oldular. Bu hareket art\u0131k 15 milyon gencimize ula\u015fan T\u00fcrkiye\u2019nin en \u00e7apl\u0131 S\u0131f\u0131r At\u0131k E\u011fitim seferberli\u011fine d\u00f6n\u00fc\u015ft\u00fc ve in\u015fallah 2023 y\u0131l\u0131na geldi\u011fimizde de t\u00fcm kamu kurum ve kurulu\u015flar\u0131m\u0131z da S\u0131f\u0131r At\u0131k Uygulamas\u0131na tamamen ge\u00e7mi\u015f olaca\u011f\u0131z.\u201d dedi.<\/p>\n<h2><strong>\u201cGreenmetric program\u0131nda hedefimiz ilk ona girmektir\u201d<\/strong><\/h2>\n<p>Murat Kurum, \u201cGayemiz \u00e7ocuklar\u0131m\u0131za tertemiz bir T\u00fcrkiye tertemiz bir d\u00fcnya b\u0131rakmakt\u0131r ve bug\u00fcn \u00e7ocuklar\u0131m\u0131z\u0131 sadece e\u011fitmiyor asl\u0131nda onlara \u00f6nemli g\u00f6revlerde veriyoruz. \u00c7evre ve do\u011fam\u0131z\u0131n minik savunucular\u0131 \u00e7evre m\u00fcfetti\u015flerimizde tabiri caizse ar\u0131 gibi \u00e7al\u0131\u015f\u0131yorlar ve yine 209 \u00fcniversitemizde gen\u00e7 iklim el\u00e7ilerimizi belirledik. Meclislerini olu\u015fturuyorlar ve \u00fcniversitelerimizde de yine gen\u00e7lerimiz okuduklar\u0131 \u00fcniversitelerin iklim dostu d\u00f6n\u00fc\u015f\u00fcm\u00fc i\u00e7in kollar\u0131 s\u0131vad\u0131lar ve in\u015fallah d\u00fcnyan\u0131n iklim dostu \u00fcniversitelerine oylayan bu noktada greenmetric program\u0131nda hedefimiz ilk ona girmektir. Her y\u0131l en az bir \u00fcniversitemizin o listede olmas\u0131n\u0131 sa\u011flayaca\u011f\u0131z. Bu hedefle \u015fu an 209 \u00fcniversitemiz hocalar\u0131m\u0131z \u00f6\u011frencilerimiz har\u0131l har\u0131l \u00e7al\u0131\u015f\u0131yorlar. Gen\u00e7lerimiz ve \u00e7ocuklar\u0131m\u0131z da s\u0131f\u0131r at\u0131k \u00e7evre ve do\u011fa bilinci kapsam\u0131nda iklim de\u011fi\u015fikli\u011fi konular\u0131na ili\u015fkin fark\u0131ndal\u0131k olu\u015fturmaya yeni bir projeye hayata bu anlamda bu projeyi hayata ge\u00e7irmi\u015f oluyoruz.\u201d diye konu\u015ftu.<\/p>\n<h2><strong>\u201cDijital ortamda, ilk \u00e7ocuk ve \u00e7evre akademisini yak\u0131nda a\u00e7\u0131yoruz\u201d<\/strong><\/h2>\n<p>\u201c\u00c7ocuklar\u0131m\u0131za ve ailelerimize bir m\u00fcjde vermek istiyoruz\u201d diyen Bakan Murat Kurum, \u00e7evre konusunda fark\u0131ndal\u0131\u011f\u0131 artt\u0131rmak amac\u0131yla dijital ortamda e\u011fitim verecek T\u00fcrkiye\u2019nin ilk \u00e7ocuk ve \u00e7evre akademisini yak\u0131nda a\u00e7acaklar\u0131n\u0131 duyurarak, akademinin i\u00e7eri\u011fine ili\u015fkin \u015fu bilgileri verdi:<\/p>\n<p>\u201cZengin i\u00e7erikli video ve animasyonlar var ve bu akademi ile \u00e7ocuklar\u0131m\u0131z hem e\u011flenecekler hem de ba\u015fta S\u0131f\u0131r At\u0131k Projeleri olmak \u00fczere \u00e7evreye, do\u011faya, iklim de\u011fi\u015fikli\u011fine dair konular\u0131 filmlerle, online derslerle \u00f6\u011frenecekler. Asl\u0131nda t\u0131pk\u0131 dijital bir \u00fcniversite format\u0131nda olacak bu platformda \u00e7ocuklar\u0131m\u0131z s\u0131f\u0131r at\u0131k, \u00e7evre ve yine iklim de\u011fi\u015fikli\u011fine ili\u015fkin iklim el\u00e7ileri ve \u00e7evre m\u00fcfetti\u015flerimizle birlikte bu kliplerde yer alacaklar, etkinliklere kat\u0131lacaklar. EBA entegrasyonu ile bu projeyi birle\u015ftirdik ve yine 18 milyon gencimizin, \u00f6\u011frencimizin ula\u015fabilece\u011fi platformda \u00e7ocuklar\u0131m\u0131za s\u00fcrekli yenilenen, \u00e7ok zengin bir i\u00e7erik sunuyor olaca\u011f\u0131z. Bu anlamda da fark\u0131ndal\u0131\u011f\u0131 artt\u0131rmak \u00fczere bu projelerin say\u0131s\u0131n\u0131, miktar\u0131n\u0131 artt\u0131raca\u011f\u0131z. Tek amac\u0131m\u0131z, tek hedefimiz gelece\u011fimizi emanet edece\u011fimiz gelece\u011fimizin teminat\u0131 \u00e7ocuklar\u0131m\u0131za \u00e7ok daha g\u00fczel bir d\u00fcnya b\u0131rakmakt\u0131r. Bu m\u00fccadeleyi bunun i\u00e7in veriyoruz, \u00e7ocuklar\u0131m\u0131z ve \u015fehirlerimiz i\u00e7in veriyoruz. \u0130klim de\u011fi\u015fikli\u011finin etkilerinden daha az etkilenmek ad\u0131na bu projeleri yap\u0131yoruz.\u201d<\/p>\n<h2><strong>Do\u011fal gaz, su ve elektrikte tasarruf<\/strong><\/h2>\n<p>Proje kapsam\u0131nda i\u00e7 ortam hava kalitesinin art\u0131r\u0131lmas\u0131n\u0131 sa\u011flayan y\u00fczde 100 taze haval\u0131 tam otomasyonlu, \u0131s\u0131 geri kazan\u0131m \u00fcniteli klima santralleri kurulan OST\u0130M \u0130lkokulu\u2019nda \u0131s\u0131 kontrol kaplamal\u0131 camlar, y\u00fcksek \u0131s\u0131 yal\u0131t\u0131ml\u0131 d\u0131\u015f cephe ve \u00e7at\u0131 yal\u0131t\u0131m malzemeleri, y\u00fcksek \u0131\u015f\u0131k alan do\u011frama sistemleri ve do\u011fal gaz tasarruflu y\u00fcksek verimlilikli kazan kullan\u0131larak \u201cdo\u011fal gaz sarfiyat\u0131nda y\u00fczde 20 tasarruf\u201d sa\u011flan\u0131yor.<\/p>\n<p>Fotoselli lavabo bataryalar\u0131, termostatik vanalar ve g\u00fcne\u015f enerjisinden g\u00fc\u00e7 alan pompa ile otomatik sulama yapan ya\u011fmur suyu deposu sayesinde \u201csu t\u00fcketiminde y\u00fczde 25 tasarruf\u201d elde edilen OST\u0130M \u0130lkokulu\u2019nda gereksiz ayd\u0131nlatmay\u0131 \u00f6nleyen varl\u0131k sens\u00f6rl\u00fc armat\u00fcrler, y\u00fcksek tasarruflu LED armat\u00fcrler ve elektrik tesisat\u0131nda yeni nesil kompanzasyon panosu kullan\u0131larak elektrik t\u00fcketiminde y\u00fczde 40 tasarruf sa\u011flan\u0131yor. Bu tasarrufa ek olarak g\u00fcne\u015f enerji sistemi (GES) panelleriyle kendi elektri\u011fini kendi \u00fcretecek olan OST\u0130M \u0130lkokulu, g\u00fcnl\u00fck 50 KW elektrik enerjisi \u00fcretimi yap\u0131lacak.<\/p>\n","protected":false},"excerpt":{"rendered":"<p>\u201c\u00c7evre Dostu Bin Okul Projesi\u201d Tan\u0131t\u0131m Program\u0131na kat\u0131lan \u00c7evre, \u015eehircilik ve \u0130klim De\u011fi\u015fikli\u011fi Bakan\u0131 Murat Kurum, dijital ortamda e\u011fitim verecek T\u00fcrkiye\u2019nin ilk \u00e7ocuk ve \u00e7evre akademisini yak\u0131nda a\u00e7acaklar\u0131 m\u00fcjdesini de vererek, EBA entegrasyonuyla akademinin -video ve animasyonlar ba\u015fta olmak \u00fczere- zengin i\u00e7eri\u011fiyle \u00e7ocuklar\u0131 hem e\u011flendirece\u011fini hem de \u00e7evreye, do\u011faya, iklim de\u011fi\u015fikli\u011fine dair konular\u0131 \u00f6\u011freneceklerini s\u00f6yledi. [&hellip;]<\/p>\n","protected":false},"author":1,"featured_media":38706,"comment_status":"open","ping_status":"open","sticky":false,"template":"","format":"standard","meta":{"ngg_post_thumbnail":0},"categories":[221,5388],"tags":[],"_links":{"self":[{"href":"https:\/\/emlaktuel.com\/index.php?rest_route=\/wp\/v2\/posts\/38705"}],"collection":[{"href":"https:\/\/emlaktuel.com\/index.php?rest_route=\/wp\/v2\/posts"}],"about":[{"href":"https:\/\/emlaktuel.com\/index.php?rest_route=\/wp\/v2\/types\/post"}],"author":[{"embeddable":true,"href":"https:\/\/emlaktuel.com\/index.php?rest_route=\/wp\/v2\/users\/1"}],"replies":[{"embeddable":true,"href":"https:\/\/emlaktuel.com\/index.php?rest_route=%2Fwp%2Fv2%2Fcomments&post=38705"}],"version-history":[{"count":1,"href":"https:\/\/emlaktuel.com\/index.php?rest_route=\/wp\/v2\/posts\/38705\/revisions"}],"predecessor-version":[{"id":38707,"href":"https:\/\/emlaktuel.com\/index.php?rest_route=\/wp\/v2\/posts\/38705\/revisions\/38707"}],"wp:featuredmedia":[{"embeddable":true,"href":"https:\/\/emlaktuel.com\/index.php?rest_route=\/wp\/v2\/media\/38706"}],"wp:attachment":[{"href":"https:\/\/emlaktuel.com\/index.php?rest_route=%2Fwp%2Fv2%2Fmedia&parent=38705"}],"wp:term":[{"taxonomy":"category","embeddable":true,"href":"https:\/\/emlaktuel.com\/index.php?rest_route=%2Fwp%2Fv2%2Fcategories&post=38705"},{"taxonomy":"post_tag","embeddable":true,"href":"https:\/\/emlaktuel.com\/index.php?rest_route=%2Fwp%2Fv2%2Ftags&post=38705"}],"curies":[{"name":"wp","href":"https:\/\/api.w.org\/{rel}","templated":true}]}}