{"id":38673,"date":"2022-03-25T15:30:29","date_gmt":"2022-03-25T12:30:29","guid":{"rendered":"https:\/\/emlaktuel.com\/?p=38673"},"modified":"2022-03-25T15:30:29","modified_gmt":"2022-03-25T12:30:29","slug":"blok-zinciri-teknolojisi-ile-mobilite-ekosistemi-yeniden-tanimlaniyor","status":"publish","type":"post","link":"https:\/\/emlaktuel.com\/?p=38673","title":{"rendered":"Blok zinciri teknolojisi ile mobilite ekosistemi yeniden tan\u0131mlan\u0131yor"},"content":{"rendered":"<p><strong>T\u00fcrkiye\u2019nin mobilite alan\u0131ndaki k\u00fcresel teknoloji markas\u0131 Togg\u2019un CEO\u2019su M. G\u00fcrcan Karaka\u015f, Togg\u2019un davetli oldu\u011fu, Barselona\u2019da d\u00fczenlenen ve uluslararas\u0131 blok zinciri marka ve uzmanlar\u0131n\u0131n kat\u0131ld\u0131\u011f\u0131 Avalanche Zirvesi\u2019nde yapt\u0131\u011f\u0131 konu\u015fmada, mobilite ekosistemlerinin merkezinde blok zinciri ve yapay zek\u00e2n\u0131n yer ald\u0131\u011f\u0131n\u0131 belirterek, \u201cBlok zinciri teknolojisi ile geli\u015ftirece\u011fimiz ak\u0131ll\u0131 kontratlar sayesinde entegre mobilite servisleri ve kesintisiz kullan\u0131c\u0131 deneyimi sa\u011flayaca\u011f\u0131z\u201d dedi.&nbsp;<\/strong><\/p>\n<p>Blok zinciri teknolojileri konusundaki ad\u0131mlar\u0131n\u0131 Avalanche blok zinciri platformunu geli\u015ftiren Ava Labs i\u015f birli\u011fiyle h\u0131zland\u0131ran Togg, blok zinciri, techfin ve fintech gibi yeni nesil teknolojilerle mobilite ekosistemini g\u00fc\u00e7lendirmeyi s\u00fcrd\u00fcr\u00fcyor. Barselona\u2019da d\u00fczenlenen Avalanche Zirvesi\u2019ne konu\u015fan Togg CEO\u2019su M. G\u00fcrcan Karaka\u015f, otomobili yeni nesil ak\u0131ll\u0131 bir mobilite cihaz\u0131na d\u00f6n\u00fc\u015ft\u00fcrd\u00fcklerini belirtti.<\/p>\n<h2><strong>Ak\u0131ll\u0131 cihazlar\u0131m\u0131z ve ak\u0131ll\u0131 kontratlar ile mobilite ekosistemini kurguluyoruz<\/strong><\/h2>\n<p>\u201cAk\u0131ll\u0131 cihaz\u0131m\u0131z\u0131 tasarlarken, ihtiya\u00e7 duyaca\u011f\u0131 i\u015f modelleriyle beraber o ekosistemi kurmak i\u00e7in de \u00e7al\u0131\u015fmalar\u0131m\u0131z\u0131 s\u00fcrd\u00fcr\u00fcyoruz\u201d diyen Karaka\u015f, mobilite \u00e7\u00f6z\u00fcmleri, b\u00fcy\u00fck veri, siber g\u00fcvenlik, fintech, blok zinciri, oyunla\u015ft\u0131rma, ak\u0131ll\u0131 \u015febekeler ve mobilite servisleri gibi stratejik alanlar \u00fczerine yo\u011funla\u015ft\u0131klar\u0131n\u0131 ve oyunla\u015ft\u0131rma, sadakat ve ak\u0131ll\u0131 mobilite yakla\u015f\u0131mlar\u0131yla dijital ekonomi eksenli bir ekosistem in\u015fa ettiklerini s\u00f6yledi.&nbsp;<\/p>\n<h2><strong>Ak\u0131ll\u0131 kontratlar ile kesintisiz mobilite deneyimi<\/strong><\/h2>\n<p>Karaka\u015f, blok zinciri teknolojisi ile geli\u015ftirecekleri ak\u0131ll\u0131 kontratlar sayesinde entegre mobilite servisleri ve kesintisiz kullan\u0131c\u0131 deneyimi sa\u011flayacaklar\u0131n\u0131 belirterek, \u015funlar\u0131 s\u00f6yledi:<\/p>\n<p>\u201cAk\u0131ll\u0131 cihaz\u0131m\u0131z, blok zinciri platformumuz Toggen, startup i\u015f birliklerimiz ve \u00e7evik \u00e7al\u0131\u015fma \u015feklini benimseyen ekibimiz ile dekarbonizasyon, ak\u0131ll\u0131 ya\u015fam, e-c\u00fczdan, ak\u0131ll\u0131 lokasyon, uzaktan g\u00fcncelleme, ak\u0131ll\u0131 ba\u011flant\u0131 hizmetleri sayesinde kullan\u0131c\u0131lara kesintisiz bir mobilite deneyimi sunaca\u011f\u0131z.<\/p>\n<p>Blok zinciri; h\u0131zl\u0131, g\u00fcvenli ve \u00e7evre dostu mobilite hizmetleri ve ak\u0131ll\u0131 cihaz g\u00fcvenli\u011finde kullan\u0131lacak bir teknoloji olarak \u00f6ne \u00e7\u0131k\u0131yor. Dijitalize edilmi\u015f veri ve di\u011fer varl\u0131klar blok zinciri arac\u0131l\u0131\u011f\u0131yla g\u00fcvenli bi\u00e7imde saklan\u0131p, transfer edilebilecek. Bu nedenle blok zinciri ve yapay zek\u00e2 ekosistemlerin merkezinde yer alacak.\u201d<\/p>\n<p>USE-CASE Mobility\u00ae yakla\u015f\u0131m\u0131 ile mobiliteyi bir ad\u0131m \u00f6teye ta\u015f\u0131yarak otomobilden fazlas\u0131n\u0131 \u00fcretmek \u00fczere yola \u00e7\u0131kt\u0131klar\u0131n\u0131 vurgulayan Karaka\u015f, \u201cYasal d\u00fczenlemeler \u00e7er\u00e7evesinde blok zinciri, techfin ve fintech gibi yeni nesil teknolojilerle kullan\u0131c\u0131lar\u0131m\u0131za g\u00fcvenli, h\u0131zl\u0131 ve \u00e7evre dostu hizmetler sunman\u0131n y\u00f6ntemlerini geli\u015ftiriyoruz\u201d diye konu\u015ft<\/p>\n","protected":false},"excerpt":{"rendered":"<p>T\u00fcrkiye\u2019nin mobilite alan\u0131ndaki k\u00fcresel teknoloji markas\u0131 Togg\u2019un CEO\u2019su M. G\u00fcrcan Karaka\u015f, Togg\u2019un davetli oldu\u011fu, Barselona\u2019da d\u00fczenlenen ve uluslararas\u0131 blok zinciri marka ve uzmanlar\u0131n\u0131n kat\u0131ld\u0131\u011f\u0131 Avalanche Zirvesi\u2019nde yapt\u0131\u011f\u0131 konu\u015fmada, mobilite ekosistemlerinin merkezinde blok zinciri ve yapay zek\u00e2n\u0131n yer ald\u0131\u011f\u0131n\u0131 belirterek, \u201cBlok zinciri teknolojisi ile geli\u015ftirece\u011fimiz ak\u0131ll\u0131 kontratlar sayesinde entegre mobilite servisleri ve kesintisiz kullan\u0131c\u0131 deneyimi sa\u011flayaca\u011f\u0131z\u201d [&hellip;]<\/p>\n","protected":false},"author":1,"featured_media":38674,"comment_status":"open","ping_status":"open","sticky":false,"template":"","format":"standard","meta":{"ngg_post_thumbnail":0},"categories":[5215],"tags":[14917],"_links":{"self":[{"href":"https:\/\/emlaktuel.com\/index.php?rest_route=\/wp\/v2\/posts\/38673"}],"collection":[{"href":"https:\/\/emlaktuel.com\/index.php?rest_route=\/wp\/v2\/posts"}],"about":[{"href":"https:\/\/emlaktuel.com\/index.php?rest_route=\/wp\/v2\/types\/post"}],"author":[{"embeddable":true,"href":"https:\/\/emlaktuel.com\/index.php?rest_route=\/wp\/v2\/users\/1"}],"replies":[{"embeddable":true,"href":"https:\/\/emlaktuel.com\/index.php?rest_route=%2Fwp%2Fv2%2Fcomments&post=38673"}],"version-history":[{"count":1,"href":"https:\/\/emlaktuel.com\/index.php?rest_route=\/wp\/v2\/posts\/38673\/revisions"}],"predecessor-version":[{"id":38675,"href":"https:\/\/emlaktuel.com\/index.php?rest_route=\/wp\/v2\/posts\/38673\/revisions\/38675"}],"wp:featuredmedia":[{"embeddable":true,"href":"https:\/\/emlaktuel.com\/index.php?rest_route=\/wp\/v2\/media\/38674"}],"wp:attachment":[{"href":"https:\/\/emlaktuel.com\/index.php?rest_route=%2Fwp%2Fv2%2Fmedia&parent=38673"}],"wp:term":[{"taxonomy":"category","embeddable":true,"href":"https:\/\/emlaktuel.com\/index.php?rest_route=%2Fwp%2Fv2%2Fcategories&post=38673"},{"taxonomy":"post_tag","embeddable":true,"href":"https:\/\/emlaktuel.com\/index.php?rest_route=%2Fwp%2Fv2%2Ftags&post=38673"}],"curies":[{"name":"wp","href":"https:\/\/api.w.org\/{rel}","templated":true}]}}