{"id":38633,"date":"2022-03-21T16:09:19","date_gmt":"2022-03-21T13:09:19","guid":{"rendered":"https:\/\/emlaktuel.com\/?p=38633"},"modified":"2022-03-21T16:48:48","modified_gmt":"2022-03-21T13:48:48","slug":"mujde-konutta-gelecek-kdv-indirimi-fiyatlari-dusurecek","status":"publish","type":"post","link":"https:\/\/emlaktuel.com\/?p=38633","title":{"rendered":"M\u00fcjde! Konutta KDV indirimi geliyor"},"content":{"rendered":"<p>Hazine ve Maliye Bakanl\u0131\u011f\u0131, \u00fclkemizde gayrimenkulde konut sekt\u00f6r\u00fcnde \u015fu anda uygulanan KDV\u2019nin sadele\u015ftirilmesine y\u00f6nelik \u00e7al\u0131\u015fmas\u0131n\u0131 tamamlad\u0131. Planlanan ikili sistem ile hesaplama konutun sat\u0131\u015f de\u011feri ile metrekare birim fiyat\u0131 \u00fczerinden hesaplanacak.<\/p>\n<p>Hazine ve Maliye Bakanl\u0131\u011f\u0131 konutta KDV\u2019nin sadele\u015ftirilmesi i\u00e7in bir \u00e7al\u0131\u015fma yapt\u0131. Bu yeni model hem ev alacaklar\u0131 hem de konut \u00fcreten in\u015faat firmalar\u0131n\u0131 rahatlatacak bir uygulama olarak lanse ediliyor. Bu planlanan yeni ikili sistemle 150 metrekare \u00fczerinde olan evlerde y\u00fczde 18 olan KDV y\u00fck\u00fcn\u00fcn azalt\u0131lmas\u0131 bekleniyor. Hesaplama konutun sat\u0131l\u0131k de\u011feri ile metrekare birim fiyat\u0131 \u00fczerinden hesaplanacak.<\/p>\n<p>Hazine ve Maliye Bakanl\u0131\u011f\u0131, g\u0131da \u00fcr\u00fcnlerinin ard\u0131ndan konut sekt\u00f6r\u00fcnde KDV\u2019nin sadele\u015ftirilmesine y\u00f6nelik \u00e7al\u0131\u015fmay\u0131 tamamlad\u0131. Hem t\u00fcketiciyi hem sekt\u00f6r\u00fc rahatlatacak yeni model Cumhurba\u015fkan\u0131 Recep Tayyip Erdo\u011fan\u2019a sunulacak.<\/p>\n<h2>Vatanda\u015f\u0131nda sekt\u00f6r\u00fcnde g\u00f6z\u00fc KDV indiriminde<\/h2>\n<p>Sabah\u2019tan Hazal Ate\u015f\u2019in haberine g\u00f6re t\u00fcketici ve sekt\u00f6rden gelen taleplerle devreye girecek ikili sistemle 150 metrekarenin \u00fczerindeki y\u00fczde 18\u2019lik KDV y\u00fck\u00fcn\u00fcn azalt\u0131lmas\u0131 bekleniyor. Hesaplama konutun de\u011feri ile metrekare birim fiyat\u0131 \u00fczerinden hesaplanacak. Hazine ve Maliye Bakan\u0131 Nureddin Nebati, g\u0131dada ilk ad\u0131m\u0131 att\u0131klar\u0131n\u0131, KDV\u2019nin sadele\u015ftirilmesine y\u00f6nelik \u00e7al\u0131\u015fmalar\u0131n Cumhurba\u015fkan\u0131 Erdo\u011fan\u2019a sunulduktan sonra ad\u0131m ad\u0131m uygulanaca\u011f\u0131n\u0131 duyurdu. Hem vatanda\u015f hem de sekt\u00f6r\u00fcn g\u00f6z\u00fc konutta KDV indirimine \u00e7evrildi. Gelir \u0130daresi Ba\u015fkanl\u0131\u011f\u0131 odalar, sekt\u00f6r temsilcileriyle ger\u00e7ekle\u015ftirdi\u011fi \u00e7al\u0131\u015fmalar kapsam\u0131nda ikili KDV sistemine y\u00f6nelik kapsaml\u0131 bir \u00e7al\u0131\u015fma yapt\u0131.<\/p>\n<h2>151 metrekare konut al\u0131nd\u0131\u011f\u0131nda y\u00fcksek fahi\u015f art\u0131\u015f\u0131 olmayacak<\/h2>\n<p>Sekt\u00f6r temsilcileri konutta 1-2 metreyi ge\u00e7mesi durumunda y\u00fczde 18 KDV \u00f6denmesinin usuls\u00fcz uygulamalar\u0131 da beraberinde getirdi\u011fine dikkat \u00e7ekti. Projede, sat\u0131\u015fta, tapuda evin net metrekaresinin kullan\u0131m\u0131n\u0131 te\u015fvik edecek vergi uygulamas\u0131 g\u00f6r\u00fc\u015f\u00fc \u00f6n plana \u00e7\u0131kmaktad\u0131r. Yeni modelle t\u00fcketici 151 metrekare ev ald\u0131\u011f\u0131nda \u00e7ok y\u00fcksek fahi\u015f art\u0131\u015fla kar\u015f\u0131 kar\u015f\u0131ya kalmayacak. \u00d6rne\u011fin; 1 milyon liral\u0131k 150 metrekarelik daire 80 bin lira KDV \u00f6denirken, 155 metrekarede ise 180 bin lira KDV \u00f6deniyor. Yeni sistemle 5 metrekarelik b\u00f6l\u00fcm y\u00fczde 18\u2019den vergilendirilecek bu tutar da 5805 lira olacak. Bu durumda \u00f6denecek tutar 85 bin 805 lira olacakt\u0131r. Sekt\u00f6r temsilcileri yap\u0131lacak bu d\u00fczenleme ile 150 metrekare \u00fczerinde konutlarda taleblerin deha da artaca\u011f\u0131n\u0131, sekt\u00f6r\u00fcn canlanaca\u011f\u0131n\u0131, fiyatlar\u0131n da d\u00fc\u015fece\u011fini dile getiriyorlar. B\u00f6ylece t\u00fcketici 160 metrekare konutta y\u00fcksek bir fahi\u015f art\u0131\u015f\u0131 ile kar\u015f\u0131 kar\u015f\u0131ya kalmayacakt\u0131r. S\u0131f\u0131r konutlar\u0131 kapsayan KDV indirimi olmas\u0131 halinde yap\u0131lacak olan indirim orana ba\u011fl\u0131 olarak de\u011fi\u015fecektir.<\/p>\n<p>Ayr\u0131ca son dakika bilgisine g\u00f6re kentsel d\u00f6n\u00fc\u015f\u00fcmdeki y\u00fczde 1\u2019lik uygulama devam ederken, tapu har\u00e7lar\u0131nda da d\u00fczenlemeye gidilmesi beklenmekte. Tapu harc\u0131 evin de\u011ferinin binde 20\u2019si oran\u0131nda al\u0131n\u0131yor. Bug\u00fcn itibariy ile 1 milyon liral\u0131k bir konutta al\u0131c\u0131 20 bin lira, sat\u0131c\u0131 da 20 bin lira tapu harc\u0131 \u00f6demektedir.<\/p>\n","protected":false},"excerpt":{"rendered":"<p>Hazine ve Maliye Bakanl\u0131\u011f\u0131, \u00fclkemizde gayrimenkulde konut sekt\u00f6r\u00fcnde \u015fu anda uygulanan KDV\u2019nin sadele\u015ftirilmesine y\u00f6nelik \u00e7al\u0131\u015fmas\u0131n\u0131 tamamlad\u0131. Planlanan ikili sistem ile hesaplama konutun sat\u0131\u015f de\u011feri ile metrekare birim fiyat\u0131 \u00fczerinden hesaplanacak. Hazine ve Maliye Bakanl\u0131\u011f\u0131 konutta KDV\u2019nin sadele\u015ftirilmesi i\u00e7in bir \u00e7al\u0131\u015fma yapt\u0131. Bu yeni model hem ev alacaklar\u0131 hem de konut \u00fcreten in\u015faat firmalar\u0131n\u0131 rahatlatacak bir [&hellip;]<\/p>\n","protected":false},"author":1,"featured_media":23935,"comment_status":"open","ping_status":"open","sticky":false,"template":"","format":"standard","meta":{"ngg_post_thumbnail":0},"categories":[221,5388],"tags":[11562,16024],"_links":{"self":[{"href":"https:\/\/emlaktuel.com\/index.php?rest_route=\/wp\/v2\/posts\/38633"}],"collection":[{"href":"https:\/\/emlaktuel.com\/index.php?rest_route=\/wp\/v2\/posts"}],"about":[{"href":"https:\/\/emlaktuel.com\/index.php?rest_route=\/wp\/v2\/types\/post"}],"author":[{"embeddable":true,"href":"https:\/\/emlaktuel.com\/index.php?rest_route=\/wp\/v2\/users\/1"}],"replies":[{"embeddable":true,"href":"https:\/\/emlaktuel.com\/index.php?rest_route=%2Fwp%2Fv2%2Fcomments&post=38633"}],"version-history":[{"count":2,"href":"https:\/\/emlaktuel.com\/index.php?rest_route=\/wp\/v2\/posts\/38633\/revisions"}],"predecessor-version":[{"id":38644,"href":"https:\/\/emlaktuel.com\/index.php?rest_route=\/wp\/v2\/posts\/38633\/revisions\/38644"}],"wp:featuredmedia":[{"embeddable":true,"href":"https:\/\/emlaktuel.com\/index.php?rest_route=\/wp\/v2\/media\/23935"}],"wp:attachment":[{"href":"https:\/\/emlaktuel.com\/index.php?rest_route=%2Fwp%2Fv2%2Fmedia&parent=38633"}],"wp:term":[{"taxonomy":"category","embeddable":true,"href":"https:\/\/emlaktuel.com\/index.php?rest_route=%2Fwp%2Fv2%2Fcategories&post=38633"},{"taxonomy":"post_tag","embeddable":true,"href":"https:\/\/emlaktuel.com\/index.php?rest_route=%2Fwp%2Fv2%2Ftags&post=38633"}],"curies":[{"name":"wp","href":"https:\/\/api.w.org\/{rel}","templated":true}]}}