{"id":38625,"date":"2022-03-21T12:16:11","date_gmt":"2022-03-21T09:16:11","guid":{"rendered":"https:\/\/emlaktuel.com\/?p=38625"},"modified":"2022-03-21T12:16:11","modified_gmt":"2022-03-21T09:16:11","slug":"hafele-yeni-urunleri-ve-konseptleri-ile-hardware-euroasi-fuarinda","status":"publish","type":"post","link":"https:\/\/emlaktuel.com\/?p=38625","title":{"rendered":"H\u00c4FELE yeni \u00fcr\u00fcnleri ve konseptleri ile Hardware Euroasi Fuar\u0131&#8217;nda"},"content":{"rendered":"<p>Yeni koleksiyon, \u00e7\u00f6z\u00fcm ve \u00fcr\u00fcnleriyle fuar kat\u0131l\u0131mlar\u0131na kald\u0131\u011f\u0131 yerden devam eden H\u00e4fele, ilk olarak Yap\u0131 Fuar\u0131 ile e\u015f zamanl\u0131 d\u00fczenlenecek Hardware Eurasia Fuar\u0131\u2019nda yer alacak. Firma ayr\u0131ca sekt\u00f6rde bir efsane haline gelen H\u00e4fele Genel Katalo\u011fu\u2019nun 2022 bask\u0131s\u0131n\u0131 da ilk kez bu fuarda ilgilileriyle bulu\u015fturacak.<\/p>\n<p>T\u00fcrkiye ve d\u00fcnya \u00e7ap\u0131nda mobilya ve mimari donan\u0131mlar alan\u0131nda yenilik\u00e7i \u00fcr\u00fcnleri ve ak\u0131lc\u0131 \u00e7\u00f6z\u00fcmleriyle tan\u0131nan H\u00e4fele, 23 \u2013 26 Mart tarihleri aras\u0131nda T\u00fcyap Beylikd\u00fcz\u00fc Fuar Alan\u0131\u2019nda ger\u00e7ekle\u015fecek olan Hardware Eurasia i\u00e7in g\u00fcn say\u0131yor. Yap\u0131 sekt\u00f6r\u00fcn\u00fcn en \u00f6nemli platformlar\u0131ndan biri olan Yap\u0131 Fuar\u0131 ile e\u015f zamanl\u0131 ve e\u015f mekanl\u0131 d\u00fczenlenecek olan bu fuarda, 6 yeni H\u00e4fele Concept koleksiyonunu tan\u0131tmaya haz\u0131rlanan firma, mutfak ve banyo \u00fcr\u00fcn gam\u0131na eklenen yeni \u00fcr\u00fcnlerini ilk kez bu fuarda tan\u0131tacak.<\/p>\n<p>Yap\u0131 Fuar\u0131 ile e\u015f zamanl\u0131 olarak, H\u0131rdavat Sanayicileri ve \u0130\u015f Adamlar\u0131 Derne\u011fi (HIS\u0130AD) \u00f6nc\u00fcl\u00fc\u011f\u00fcnde d\u00fczenlenecek Hardware Eurasia Fuar\u0131\u2019nda da yerini alacak olan H\u00e4fele, ya\u015fam alanlar\u0131na sa\u011flad\u0131\u011f\u0131 estetik ve hayat\u0131 kolayla\u015ft\u0131ran benzersiz \u00e7\u00f6z\u00fcmlerini bu platformda da payla\u015facak.<\/p>\n<p>Olu\u015fturdu\u011fu standartla mobilya ve konut end\u00fcstrisinin gelece\u011fini de\u011fi\u015ftiren H\u00e4fele, pandeminin getirdi\u011fi yeni standartlar ve trendlere uygun olarak yenilenen 2 bin sayfal\u0131k H\u00e4fele Genel Katalo\u011fu\u2019nun 2022 bask\u0131s\u0131n\u0131 da ilk kez fuarda i\u015f ortaklar\u0131yla bulu\u015fturacak.<\/p>\n<h2>\u2018H\u00c4FELE CONCEPT\u2019 \u0130LE B\u00dcY\u00dcMEYE DEVAM ED\u0130YOR<\/h2>\n<p>\u201cMekanda renk fark yarat\u0131r\u201d mottosuyla yap\u0131 sekt\u00f6r\u00fcnde yer alan i\u015f ortaklar\u0131na sundu\u011fu \u00e7\u00f6z\u00fcmlerle fark yaratan H\u00e4fele, T\u00fcrkiye\u2019de gayrimenkul sekt\u00f6r\u00fcnde bir ilk olarak 6 y\u0131l \u00f6nce geli\u015ftirdi\u011fi, hangi \u00fcr\u00fcn\u00fcn, hangi projede, hangi mekanda, hangi mobilyada, hangi ihtiyaca y\u00f6nelik kullan\u0131labilece\u011fini belirleyen; ayn\u0131 zamanda mekana g\u00f6re \u00fcr\u00fcn\u00fcn konumland\u0131rmas\u0131n\u0131 yapmay\u0131 sa\u011flayan i\u015f modeli \u2018H\u00e4fele Concept\u2019 ile h\u0131zl\u0131 b\u00fcy\u00fcmesini s\u00fcrd\u00fcr\u00fcyor.<\/p>\n<p>Fuarda 6 yeni H\u00e4fele Concept koleksiyonu sergileyecek olan firma ayr\u0131ca; yeni mutfak ankastre cihazlar\u0131, yeni mutfak eviye ve bataryalar\u0131, yeni mutfak kiler sistemleri, yeni banyo aksesuar ve donan\u0131mlar\u0131, yeni vitrifiye serisi, yepyeni renklerde kap\u0131 kollar\u0131 ve mobilya kulplar\u0131 ile elektronik mobilya ve kap\u0131 kilit sistemleriyle fuardaki yerini alacak.<\/p>\n<p>H\u00e4fele\u2019nin ya\u015fam alanlar\u0131na de\u011fer ve konfor katan \u00e7\u00f6z\u00fcmleri 4 g\u00fcn boyunca 12. salon 1224 numaral\u0131 stantta yer alacak.<\/p>\n","protected":false},"excerpt":{"rendered":"<p>Yeni koleksiyon, \u00e7\u00f6z\u00fcm ve \u00fcr\u00fcnleriyle fuar kat\u0131l\u0131mlar\u0131na kald\u0131\u011f\u0131 yerden devam eden H\u00e4fele, ilk olarak Yap\u0131 Fuar\u0131 ile e\u015f zamanl\u0131 d\u00fczenlenecek Hardware Eurasia Fuar\u0131\u2019nda yer alacak. Firma ayr\u0131ca sekt\u00f6rde bir efsane haline gelen H\u00e4fele Genel Katalo\u011fu\u2019nun 2022 bask\u0131s\u0131n\u0131 da ilk kez bu fuarda ilgilileriyle bulu\u015fturacak. T\u00fcrkiye ve d\u00fcnya \u00e7ap\u0131nda mobilya ve mimari donan\u0131mlar alan\u0131nda yenilik\u00e7i \u00fcr\u00fcnleri [&hellip;]<\/p>\n","protected":false},"author":1,"featured_media":38626,"comment_status":"open","ping_status":"open","sticky":false,"template":"","format":"standard","meta":{"ngg_post_thumbnail":0},"categories":[5388],"tags":[13317,16174],"_links":{"self":[{"href":"https:\/\/emlaktuel.com\/index.php?rest_route=\/wp\/v2\/posts\/38625"}],"collection":[{"href":"https:\/\/emlaktuel.com\/index.php?rest_route=\/wp\/v2\/posts"}],"about":[{"href":"https:\/\/emlaktuel.com\/index.php?rest_route=\/wp\/v2\/types\/post"}],"author":[{"embeddable":true,"href":"https:\/\/emlaktuel.com\/index.php?rest_route=\/wp\/v2\/users\/1"}],"replies":[{"embeddable":true,"href":"https:\/\/emlaktuel.com\/index.php?rest_route=%2Fwp%2Fv2%2Fcomments&post=38625"}],"version-history":[{"count":1,"href":"https:\/\/emlaktuel.com\/index.php?rest_route=\/wp\/v2\/posts\/38625\/revisions"}],"predecessor-version":[{"id":38627,"href":"https:\/\/emlaktuel.com\/index.php?rest_route=\/wp\/v2\/posts\/38625\/revisions\/38627"}],"wp:featuredmedia":[{"embeddable":true,"href":"https:\/\/emlaktuel.com\/index.php?rest_route=\/wp\/v2\/media\/38626"}],"wp:attachment":[{"href":"https:\/\/emlaktuel.com\/index.php?rest_route=%2Fwp%2Fv2%2Fmedia&parent=38625"}],"wp:term":[{"taxonomy":"category","embeddable":true,"href":"https:\/\/emlaktuel.com\/index.php?rest_route=%2Fwp%2Fv2%2Fcategories&post=38625"},{"taxonomy":"post_tag","embeddable":true,"href":"https:\/\/emlaktuel.com\/index.php?rest_route=%2Fwp%2Fv2%2Ftags&post=38625"}],"curies":[{"name":"wp","href":"https:\/\/api.w.org\/{rel}","templated":true}]}}