{"id":38622,"date":"2022-03-21T11:37:34","date_gmt":"2022-03-21T08:37:34","guid":{"rendered":"https:\/\/emlaktuel.com\/?p=38622"},"modified":"2022-03-21T11:37:34","modified_gmt":"2022-03-21T08:37:34","slug":"cem-okmen-yabanciya-konut-satisinda-lider-degisebilir","status":"publish","type":"post","link":"https:\/\/emlaktuel.com\/?p=38622","title":{"rendered":"Cem \u00d6kmen: Yabanc\u0131ya konut sat\u0131\u015f\u0131nda lider de\u011fi\u015febilir.."},"content":{"rendered":"<p>EOS Turkey Gayrimenkul A.\u015e Y\u00f6netim Kurulu Ba\u015fkan\u0131 Cem \u00d6kmen, T\u00fcrkiye \u0130statistik Kurumu (T\u00dc\u0130K)<br \/>\ntaraf\u0131ndan a\u00e7\u0131klanan Konut \u0130statistikleri raporunda yabanc\u0131 yat\u0131r\u0131mc\u0131lara ger\u00e7ekle\u015ftirilen sat\u0131\u015flar\u0131<br \/>\nyorumlad\u0131.<br \/>\nT\u00fcrkiye \u0130statistik Kurumu (T\u00dc\u0130K), \u015eubat 2022 Konut Sat\u0131\u015f \u0130statistiklerini 15 mart sal\u0131 g\u00fcn\u00fc a\u00e7\u0131klad\u0131.<br \/>\nBuna g\u00f6re \u015fubat ay\u0131nda konut sat\u0131\u015flar\u0131, ge\u00e7en y\u0131l\u0131n ayn\u0131 d\u00f6nemine g\u00f6re %20.1 artarak 97 bin 587 oldu.<br \/>\nYabanc\u0131lara yap\u0131lan konut sat\u0131\u015f adetleri de 2021\u2019in \u015fubat ay\u0131na g\u00f6re %54.9 artarak 4 bin 591 oldu.<br \/>\nT\u00dc\u0130K verilerini de\u011ferlendiren Eos Turkey Gayrimenkul A.\u015e. Y\u00f6netim Kurulu Ba\u015fkan\u0131 Cem \u00d6kmen, \u2018\u2019Bu<br \/>\ny\u0131l\u0131n ilk d\u00f6neminde sekt\u00f6r\u00fcn merakla bekledi\u011fi verilere bakt\u0131\u011f\u0131m\u0131zda tamamlanan toplam sat\u0131\u015flar\u0131n<br \/>\nge\u00e7en y\u0131la oranla %20,1 oran\u0131nda artt\u0131\u011f\u0131n\u0131 ve toplamda 4.591 adetlik bir sat\u0131\u015f hacmi g\u00f6r\u00fcyoruz. D\u00fcnya<br \/>\ngenelinde ya\u015fanan ekonomik ve politik s\u0131k\u0131nt\u0131lara ra\u011fmen gayrimenkul t\u00fcm \u00fclkelerde insanlar\u0131n tercih<br \/>\netti\u011fi bir yat\u0131r\u0131m arac\u0131 olmaya devam ediyor, nitekim bu d\u00f6nemde \u00f6zellikle merakla istatistiklerini<br \/>\nbekledi\u011fimiz Kazakistan, Rusya gibi \u00fclkelerin rakamlar\u0131ndaki art\u0131\u015flar ciddi bir noktaya do\u011fru gidiyor.\u201d<br \/>\ndedi.<\/p>\n<h2>Yabanc\u0131 al\u0131m\u0131nda liderlik el de\u011fi\u015ftirebilir..<\/h2>\n<p>Son y\u0131llarda T\u00dc\u0130K verilerinde yabanc\u0131ya konut sat\u0131\u015f\u0131nda liderli\u011fi \u0130ran\u2019\u0131n elinde oldu\u011funu vurgulayan<br \/>\nCem \u00d6kmen s\u00f6zlerine \u015fu \u015fekilde devam etti:<br \/>\n\u2018\u2019\u0130ranl\u0131lar\u0131n \u00f6n\u00fcm\u00fczdeki d\u00f6nem istatistiklerinde 2. s\u0131raya geriledi\u011fini g\u00f6rebiliriz. \u015eu anda Rusya\u2019dan<br \/>\nciddi bir talep ile kar\u015f\u0131 kar\u015f\u0131yay\u0131z. Son y\u0131llarda Antalya\u2019ya yapt\u0131klar\u0131 yat\u0131r\u0131mlar\u0131 hepimiz yak\u0131ndan takip<br \/>\nediyorduk fakat \u015fu anda \u0130stanbul\u2019a da ciddi bir yat\u0131r\u0131m yapt\u0131klar\u0131n\u0131 s\u00f6yleyebiliriz.\u2019\u2019<br \/>\n\u015eubat ay\u0131nda yabanc\u0131 al\u0131mlar\u0131 y\u00fczde 54.9 artt\u0131..<br \/>\nYabanc\u0131lara yap\u0131lan konut sat\u0131\u015flar\u0131n\u0131n \u015eubat ay\u0131nda bir \u00f6nceki y\u0131l\u0131n ayn\u0131 ay\u0131na g\u00f6re %54,9 artarak 4 bin<br \/>\n591 oldu\u011funu an\u0131msatan Cem \u00d6kmen, \u201c\u015eubat ay\u0131nda toplam konut sat\u0131\u015flar\u0131 i\u00e7inde yabanc\u0131lara yap\u0131lan<br \/>\nkonut sat\u0131\u015f\u0131n\u0131n pay\u0131 %4,7 oldu. Yabanc\u0131lara yap\u0131lan konut sat\u0131\u015flar\u0131nda ilk s\u0131ray\u0131 bin 958 konut sat\u0131\u015f\u0131 ile<br \/>\n\u0130stanbul ald\u0131. \u0130stanbul&amp;#39;u s\u0131ras\u0131yla bin 99 konut sat\u0131\u015f\u0131 ile Antalya, 288 konut sat\u0131\u015f\u0131 ile Ankara izledi.\u201d<br \/>\ndiyerek s\u00f6zlerine devam etti.<\/p>\n<h2>Ukrayna-Rusya sava\u015f\u0131n\u0131n konut sat\u0131\u015flar\u0131na etkileri..<\/h2>\n<p>Rusya-Ukrayna sava\u015f\u0131n\u0131n bu \u00fclkelerde bulunan insanlar\u0131n yat\u0131r\u0131m yapma y\u00f6n\u00fcn\u00fc T\u00fcrkiye\u2019ye<br \/>\n\u00e7evirmesinin T\u00fcrkiye\u2019nin gayrimenkul ihracat\u0131na ciddi bir ivme ve h\u0131z getirece\u011fini belirten \u00d6kmen,<br \/>\n\u201c\u0130nsanlar\u0131n bulunduklar\u0131 ya\u015fad\u0131klar\u0131 \u00fclkelerde yat\u0131r\u0131m yapmay\u0131p d\u0131\u015fa y\u00f6nelmeleri koruyucu bir<br \/>\nanlay\u0131\u015fla kendilerini garantiye alma istekleri Ocak-\u015eubat istatistiklerine tam anlam\u0131yla yans\u0131mam\u0131\u015f<br \/>\nolsa da Nisan ay\u0131nda a\u00e7\u0131klanacak olan verilerde ciddi bir farkl\u0131l\u0131k beklemekteyiz.\u201d s\u00f6zleriyle<br \/>\na\u00e7\u0131klamalar\u0131n\u0131 tamamlad\u0131.<\/p>\n","protected":false},"excerpt":{"rendered":"<p>EOS Turkey Gayrimenkul A.\u015e Y\u00f6netim Kurulu Ba\u015fkan\u0131 Cem \u00d6kmen, T\u00fcrkiye \u0130statistik Kurumu (T\u00dc\u0130K) taraf\u0131ndan a\u00e7\u0131klanan Konut \u0130statistikleri raporunda yabanc\u0131 yat\u0131r\u0131mc\u0131lara ger\u00e7ekle\u015ftirilen sat\u0131\u015flar\u0131 yorumlad\u0131. T\u00fcrkiye \u0130statistik Kurumu (T\u00dc\u0130K), \u015eubat 2022 Konut Sat\u0131\u015f \u0130statistiklerini 15 mart sal\u0131 g\u00fcn\u00fc a\u00e7\u0131klad\u0131. Buna g\u00f6re \u015fubat ay\u0131nda konut sat\u0131\u015flar\u0131, ge\u00e7en y\u0131l\u0131n ayn\u0131 d\u00f6nemine g\u00f6re %20.1 artarak 97 bin 587 oldu. Yabanc\u0131lara [&hellip;]<\/p>\n","protected":false},"author":1,"featured_media":38623,"comment_status":"open","ping_status":"open","sticky":false,"template":"","format":"standard","meta":{"ngg_post_thumbnail":0},"categories":[5388],"tags":[16172,16173,1065],"_links":{"self":[{"href":"https:\/\/emlaktuel.com\/index.php?rest_route=\/wp\/v2\/posts\/38622"}],"collection":[{"href":"https:\/\/emlaktuel.com\/index.php?rest_route=\/wp\/v2\/posts"}],"about":[{"href":"https:\/\/emlaktuel.com\/index.php?rest_route=\/wp\/v2\/types\/post"}],"author":[{"embeddable":true,"href":"https:\/\/emlaktuel.com\/index.php?rest_route=\/wp\/v2\/users\/1"}],"replies":[{"embeddable":true,"href":"https:\/\/emlaktuel.com\/index.php?rest_route=%2Fwp%2Fv2%2Fcomments&post=38622"}],"version-history":[{"count":1,"href":"https:\/\/emlaktuel.com\/index.php?rest_route=\/wp\/v2\/posts\/38622\/revisions"}],"predecessor-version":[{"id":38624,"href":"https:\/\/emlaktuel.com\/index.php?rest_route=\/wp\/v2\/posts\/38622\/revisions\/38624"}],"wp:featuredmedia":[{"embeddable":true,"href":"https:\/\/emlaktuel.com\/index.php?rest_route=\/wp\/v2\/media\/38623"}],"wp:attachment":[{"href":"https:\/\/emlaktuel.com\/index.php?rest_route=%2Fwp%2Fv2%2Fmedia&parent=38622"}],"wp:term":[{"taxonomy":"category","embeddable":true,"href":"https:\/\/emlaktuel.com\/index.php?rest_route=%2Fwp%2Fv2%2Fcategories&post=38622"},{"taxonomy":"post_tag","embeddable":true,"href":"https:\/\/emlaktuel.com\/index.php?rest_route=%2Fwp%2Fv2%2Ftags&post=38622"}],"curies":[{"name":"wp","href":"https:\/\/api.w.org\/{rel}","templated":true}]}}