{"id":38407,"date":"2022-03-07T13:12:25","date_gmt":"2022-03-07T10:12:25","guid":{"rendered":"https:\/\/emlaktuel.com\/?p=38407"},"modified":"2022-03-07T13:12:25","modified_gmt":"2022-03-07T10:12:25","slug":"daha-guvenli-daha-akilli-ve-daha-hizli-asansorler-vitrine-cikiyor","status":"publish","type":"post","link":"https:\/\/emlaktuel.com\/?p=38407","title":{"rendered":"Daha g\u00fcvenli, daha ak\u0131ll\u0131 ve daha h\u0131zl\u0131 asans\u00f6rler vitrine \u00e7\u0131k\u0131yor"},"content":{"rendered":"<p style=\"font-weight: 400;\"><strong>D\u00fcnyan\u0131n iki b\u00fcy\u00fck asans\u00f6r fuar\u0131ndan birisi olan 17. Uluslararas\u0131 Asans\u00f6r \u0130stanbul, 10 Mart\u2019ta ba\u015fl\u0131yor. Tarsus Turkey taraf\u0131ndan, AYSAD\u2019\u0131n (Asans\u00f6r ve Y\u00fcr\u00fcyen Merdiven Sanayicileri Derne\u011fi) deste\u011fiyle T\u00fcyap Beylikd\u00fcz\u00fc Fuar ve Kongre Merkezi\u2019nin 8 salonunda birden ger\u00e7ekle\u015ftirilecek fuarda, 400 firma, daha ak\u0131ll\u0131, daha g\u00fcvenli ve daha h\u0131zl\u0131 asans\u00f6r teknolojilerini bir arada sergileyecek. Sekt\u00f6r\u00fcn\u00fcn 3 y\u0131l aradan sonra global d\u00fczeyde ger\u00e7ekle\u015fecek ilk y\u00fcz y\u00fcze ticaret fuar\u0131 olacak Asans\u00f6r \u0130stanbul\u2019u 6 bini yurt d\u0131\u015f\u0131ndan olmak \u00fczere toplam 30 bin sat\u0131n almac\u0131 ziyaret edecek. D\u00f6rt g\u00fcn s\u00fcrecek organizasyonda yakla\u015f\u0131k 500 milyon dolarl\u0131k bir ticaret hacmi bekleniyor.<\/strong><\/p>\n<p style=\"font-weight: 400;\"><strong>\u00a0<\/strong>D\u00fcnya genelinde say\u0131lar\u0131 10 milyonu bulan asans\u00f6rler, her g\u00fcn milyarlarca yolcu ta\u015f\u0131yor. T\u00fcrkiye\u2019de ise aktif durumdaki 500 bin civar\u0131 asans\u00f6r, milyonlarca insan\u0131n bina i\u00e7i dikey ula\u015f\u0131mlar\u0131n\u0131 ger\u00e7ekle\u015ftiriyor. \u00d6zellikle y\u00fcksek binalar\u0131n yo\u011funlukta oldu\u011fu b\u00fcy\u00fck \u015fehirler i\u00e7in olmazsa olmaz asans\u00f6rlere dair yenilikler \u0130stanbul\u2019da g\u00f6r\u00fcc\u00fcye \u00e7\u0131k\u0131yor. 10 Mart 2022 Per\u015fembe g\u00fcn\u00fc ba\u015flayacak ve toplam 60 bin metrekare alanda ger\u00e7ekle\u015fecek Uluslararas\u0131 Asans\u00f6r \u0130stanbul 2022, konut ve ticari bina asans\u00f6rlerinden hastane asans\u00f6rlerine, ev i\u00e7i asans\u00f6r ve ki\u015fisel ta\u015f\u0131y\u0131c\u0131lardan oto asans\u00f6rlerine, y\u00fck ve servis asans\u00f6rlerinden engelli asans\u00f6rlerine kadar t\u00fcm yeni makine, ekipman ve teknolojilere ev sahipli\u011fi yapacak.<\/p>\n<p style=\"font-weight: 400;\"><strong>AYSAD Y\u00f6netim Kurulu Ba\u015fkan\u0131 Sefa Targ\u0131t;\u00a0<\/strong>\u201c1992\u2019den beri y\u00fckselen bir grafik \u00e7izen Asans\u00f6r \u0130stanbul, 30 y\u0131lda biriken tecr\u00fcbeyle, iki y\u0131ld\u0131r ya\u015fanan pandemiye ra\u011fmen yine geli\u015ferek yoluna devam edecek. 90\u2019lar\u0131n ba\u015f\u0131nda, otel lobilerinde ya da sinemadan bozma salonlarda, k\u00fcresel oyuncu olma hayali olan bir avu\u00e7 firma ve idealist i\u015f adam\u0131yla ba\u015flayan ser\u00fcven; bug\u00fcn, piyasan\u0131n canlan\u0131\u015f\u0131n\u0131n i\u015faret fi\u015fe\u011fi kabul edilen bir d\u00fcnya organizasyonuna d\u00f6n\u00fc\u015ft\u00fc. Derne\u011fimiz AYSAD \u00f6nc\u00fcl\u00fc\u011f\u00fcnde; sekt\u00f6r\u00fcn \u00fcretim kabiliyeti ve Avrupa Birli\u011fi Asans\u00f6r mevzuat\u0131na uyum ba\u015far\u0131s\u0131na paralel, yapay olmayan bir b\u00fcy\u00fcme sergileyen Asans\u00f6r \u0130stanbul, global bilinirlik ve s\u00fcrd\u00fcr\u00fclebilirlik vas\u0131flar\u0131n\u0131 kazanm\u0131\u015ft\u0131r. Asans\u00f6r end\u00fcstrisi, mensubu oldu\u011fumuz makina ve aksam imalat\u0131 ailesinin ortalamas\u0131n\u0131n \u00fczerinde bir geli\u015fme g\u00f6steren ihracat\u0131 ve pozitif d\u0131\u015f ticaret dengesiyle \u00f6ne \u00e7\u0131kmaktad\u0131r. Gelecek y\u0131llarda d\u00fcnya ticaretinden ald\u0131\u011f\u0131 pay\u0131 artt\u0131rmaya devam edecektir. Fuar\u0131m\u0131z\u0131n d\u00fcnya \u00e7ap\u0131ndaki imaj\u0131 ve AYSAD\u2019\u0131n Avrupa Asans\u00f6r Birli\u011findeki konumu, bu geli\u015fmenin en temel g\u00f6stergesidir.\u00a0 \u00dc\u00e7 y\u0131l\u0131n ard\u0131ndan 10 Mart\u2019ta kap\u0131lar\u0131n\u0131 a\u00e7aca\u011f\u0131m\u0131z Uluslararas\u0131 Asans\u00f6r \u0130stanbul Fuar\u0131, bizler i\u00e7in bir silkinme, pandemi prangas\u0131ndan kurtuldu\u011fumuzu g\u00f6sterme olana\u011f\u0131 olacak.\u00a0 Yurtd\u0131\u015f\u0131 taleplerin, g\u00fcvenilir bir tedarik\u00e7i olarak T\u00fcrkiye\u2019ye y\u00f6nelme e\u011filimine girdi\u011fi bu d\u00f6nem, bize \u00e7ok \u00f6nemli f\u0131rsatlar sunmaktad\u0131r. Bu fuar, f\u0131rsatlar\u0131 de\u011ferlendirme platformu olacak.\u201d<\/p>\n<p style=\"font-weight: 400;\"><strong>\u00a0<\/strong><strong>Tarsus Turkey Genel M\u00fcd\u00fcr\u00fc Zekeriya Aytemur;\u00a0<\/strong>\u201cAvrupa\u2019dan Asya\u2019ya, Afrika\u2019dan Amerika\u2019ya kadar t\u00fcm d\u00fcnyay\u0131 i\u00e7ine alan k\u00fcresel ticaret a\u011f\u0131n\u0131n merkezindeki T\u00fcrkiye, co\u011frafi konumu, lojistik g\u00fcc\u00fc, kaliteli \u00fcretim potansiyeli ve uygun maliyet avantaj\u0131yla, \u00f6zellikle son d\u00f6nemde art\u0131k d\u00fcnya tedarik zincirinin en \u00f6nemli adreslerinden birisi konumuna geldi. 17.\u2019sini d\u00fczenleyece\u011fimiz Uluslararas\u0131 Asans\u00f6r \u0130stanbul fuar\u0131, sekt\u00f6rel ticarete k\u00fcresel boyutta \u00f6nemli bir ivme kazand\u0131racak.\u201d<\/p>\n<p style=\"font-weight: 400;\">\n","protected":false},"excerpt":{"rendered":"<p>D\u00fcnyan\u0131n iki b\u00fcy\u00fck asans\u00f6r fuar\u0131ndan birisi olan 17. Uluslararas\u0131 Asans\u00f6r \u0130stanbul, 10 Mart\u2019ta ba\u015fl\u0131yor. Tarsus Turkey taraf\u0131ndan, AYSAD\u2019\u0131n (Asans\u00f6r ve Y\u00fcr\u00fcyen Merdiven Sanayicileri Derne\u011fi) deste\u011fiyle T\u00fcyap Beylikd\u00fcz\u00fc Fuar ve Kongre Merkezi\u2019nin 8 salonunda birden ger\u00e7ekle\u015ftirilecek fuarda, 400 firma, daha ak\u0131ll\u0131, daha g\u00fcvenli ve daha h\u0131zl\u0131 asans\u00f6r teknolojilerini bir arada sergileyecek. Sekt\u00f6r\u00fcn\u00fcn 3 y\u0131l aradan sonra [&hellip;]<\/p>\n","protected":false},"author":1,"featured_media":38408,"comment_status":"open","ping_status":"open","sticky":false,"template":"","format":"standard","meta":{"ngg_post_thumbnail":0},"categories":[26],"tags":[8426,12980],"_links":{"self":[{"href":"https:\/\/emlaktuel.com\/index.php?rest_route=\/wp\/v2\/posts\/38407"}],"collection":[{"href":"https:\/\/emlaktuel.com\/index.php?rest_route=\/wp\/v2\/posts"}],"about":[{"href":"https:\/\/emlaktuel.com\/index.php?rest_route=\/wp\/v2\/types\/post"}],"author":[{"embeddable":true,"href":"https:\/\/emlaktuel.com\/index.php?rest_route=\/wp\/v2\/users\/1"}],"replies":[{"embeddable":true,"href":"https:\/\/emlaktuel.com\/index.php?rest_route=%2Fwp%2Fv2%2Fcomments&post=38407"}],"version-history":[{"count":1,"href":"https:\/\/emlaktuel.com\/index.php?rest_route=\/wp\/v2\/posts\/38407\/revisions"}],"predecessor-version":[{"id":38409,"href":"https:\/\/emlaktuel.com\/index.php?rest_route=\/wp\/v2\/posts\/38407\/revisions\/38409"}],"wp:featuredmedia":[{"embeddable":true,"href":"https:\/\/emlaktuel.com\/index.php?rest_route=\/wp\/v2\/media\/38408"}],"wp:attachment":[{"href":"https:\/\/emlaktuel.com\/index.php?rest_route=%2Fwp%2Fv2%2Fmedia&parent=38407"}],"wp:term":[{"taxonomy":"category","embeddable":true,"href":"https:\/\/emlaktuel.com\/index.php?rest_route=%2Fwp%2Fv2%2Fcategories&post=38407"},{"taxonomy":"post_tag","embeddable":true,"href":"https:\/\/emlaktuel.com\/index.php?rest_route=%2Fwp%2Fv2%2Ftags&post=38407"}],"curies":[{"name":"wp","href":"https:\/\/api.w.org\/{rel}","templated":true}]}}