{"id":38401,"date":"2022-03-07T12:57:40","date_gmt":"2022-03-07T09:57:40","guid":{"rendered":"https:\/\/emlaktuel.com\/?p=38401"},"modified":"2022-03-07T15:09:10","modified_gmt":"2022-03-07T12:09:10","slug":"vesta-globalden-portekizde-0de-geri-odeme-garantili-yatirim-firsati","status":"publish","type":"post","link":"https:\/\/emlaktuel.com\/?p=38401","title":{"rendered":"Vesta Global&#8217;den Portekiz&#8217;de %100&#8217;de geri \u00f6deme garantili yat\u0131r\u0131m f\u0131rsat\u0131"},"content":{"rendered":"<p><strong>Vesta Global, 280 bin Euro gibi en uygun \u015fekilde yat\u0131r\u0131m tutar\u0131 ile ve alt\u0131nc\u0131 sene sonunda yat\u0131r\u0131m\u0131n y\u00fczde 100\u2019\u00fcn\u00fcn sahibine iadesi garantisi ile Portekiz\u2019de vatanda\u015fl\u0131k imk\u00e2n\u0131 sunuyor. Vesta Global bu \u00f6zel f\u0131rsata ek olarak 2022 mart ay\u0131nda ba\u015fvuran yat\u0131r\u0131mc\u0131lara hizmet bedelinde y\u00fczde 25 indirim sa\u011fl\u0131yor. Portekiz, Avrupa\u2019da yat\u0131r\u0131m kanal\u0131 ile en avantajl\u0131 ve k\u0131sa s\u00fcrede oturma izni ve vatanda\u015fl\u0131k sunan \u00fclke konumunda olmas\u0131 sebebi ile tercih ediliyor.<\/strong><\/p>\n<p><img loading=\"lazy\" class=\"alignnone size-full wp-image-38403\" src=\"https:\/\/emlaktuel.com\/wp-content\/uploads\/2022\/03\/Vesta_Global.jpg\" alt=\"\" width=\"600\" height=\"400\" \/><\/p>\n<p>Yurt d\u0131\u015f\u0131 ve T\u00fcrkiye\u2019de\u00a0<strong>yat\u0131r\u0131mlar, oturma izni, an\u0131nda pasaport hakk\u0131 ve vatanda\u015fl\u0131k<\/strong>\u00a0konular\u0131nda dan\u0131\u015fmanl\u0131k hizmetini kurumsal bir yap\u0131 alt\u0131nda sunan\u00a0<strong>Vesta Global,\u00a0<\/strong>bu s\u00fcrecin g\u00fcvenle tamamlanmas\u0131 i\u00e7in finansal ve hukuki s\u00fcre\u00e7ler de dahil olmak \u00fczere anahtar teslim \u00e7\u00f6z\u00fcmler sunuyor.<strong>\u00a0Teuta Narazan\u2019\u0131n\u00a0<\/strong>15 senelik kurumsal i\u015f deneyimi ile\u00a0<strong>Arma\u011fan Aky\u00fcz\u2019\u00fcn<\/strong>\u00a010 senesi yurt d\u0131\u015f\u0131 projeleri olmak \u00fczere 17 senelik gayrimenkul deneyimini bulu\u015fturan Vesta Global\u2019in T\u00fcrkiye\u2019de temsil etti\u011fi en prestijli projelerden biri Portekiz\u2019de bulunan\u00a0<strong>Lagos Marina Hotels Projesi.\u00a0<\/strong><\/p>\n<p><strong><em>Vesta Global\u2019den Portekiz\u2019de 280 bin Euro yat\u0131r\u0131mla, 6 sene sonunda %100 ana yat\u0131r\u0131m bedelinin iadesi garantisiyle Avrupa vatanda\u015fl\u0131\u011f\u0131 imkan\u0131.. Mart ay\u0131 ba\u015fvurular\u0131nda hizmet bedelinde %25 indirimle \u00e7ok \u00f6zel bir f\u0131rsatlar paketi\u2026<\/em><\/strong><\/p>\n<p>Vesta Global portf\u00f6y\u00fcnde bulunan pek \u00e7ok alternatiften biri olan Lagos Marina Hotels Projesi ile yat\u0131r\u0131mc\u0131lara 280 bin Euro yat\u0131r\u0131mla Portekiz vatanda\u015fl\u0131\u011f\u0131 sa\u011fl\u0131yor. En \u00e7arp\u0131c\u0131 detaylardan biri de bu hizmetin 6 y\u0131l sonunda yat\u0131r\u0131m\u0131n %100\u2019\u00fcn\u00fcn iadesi garantisi ile sunulmas\u0131. Vesta Global t\u00fcm bu f\u0131rsatlara ek olarak mart ay\u0131nda \u00f6zel bir uygulama ile ba\u015fvurulara hizmet bedelinde %25 gibi ciddi bir oranda indirim sa\u011fl\u0131yor.<\/p>\n<h2>T\u00fcrk yat\u0131r\u0131mc\u0131lara vatanda\u015fl\u0131k imk\u00e2n\u0131<\/h2>\n<p>Vesta Global\u2019in portf\u00f6y\u00fcnde yer alan \u00f6zel projelerden biri olan ve ayr\u0131cal\u0131kl\u0131 konumuyla \u00f6ne \u00e7\u0131kan Lagos Marina Hotel Projesi, Lagos Marina\u2019n\u0131n b\u00fcy\u00fcleyici manzaras\u0131na ve Atlantik Okyanusu\u2019nun mavi sular\u0131na bak\u0131yor. Vesta Global, y\u0131llara dayanan deneyimi ile bu projeye yap\u0131lacak yat\u0131r\u0131m kanal\u0131 ile T\u00fcrk yat\u0131r\u0131mc\u0131lara vatanda\u015fl\u0131k imk\u00e2n\u0131 sunarak Avrupa\u2019da ya\u015fam, i\u015f ve e\u011fitim f\u0131rsatlar\u0131n\u0131n kap\u0131lar\u0131n\u0131 aral\u0131yor. Sadece s\u0131n\u0131rl\u0131 say\u0131da, 385 yat\u0131r\u0131mc\u0131ya f\u0131rsat sunan bu de\u011ferli projede yat\u0131r\u0131mc\u0131lar, senede 1 hafta \u00fccretsiz olarak konaklama imkan\u0131na da sahip oluyor. Vesta Global, bu proje \u00f6zelinde yat\u0131r\u0131m ba\u015fvurular\u0131n\u0131 2022 Temmuz ay\u0131na kadar kabul ediyor.<\/p>\n<p>Teuta Narazan ve Arma\u011fan Aky\u00fcz taraf\u0131ndan 2017 y\u0131l\u0131nda kurulan Vesta Global, kurumsal altyap\u0131s\u0131 ile ABD, Yunanistan, \u0130spanya, Portekiz, Malta, Karayip Adalar\u0131, Vanuatu gibi yakla\u015f\u0131k 10 \u00fclkede gayrimenkul yat\u0131r\u0131m\u0131 ve oturma izni konular\u0131nda dan\u0131\u015fmanl\u0131k hizmeti sunuyor. \u00a0Vesta Global, yat\u0131r\u0131m s\u00fcreci, oturma izni ve vatanda\u015fl\u0131k programlar\u0131 ile m\u00fc\u015fterilerine uygun gayrimenkul yat\u0131r\u0131m\u0131n\u0131n yap\u0131lmas\u0131ndan, s\u00fcre\u00e7lerin takibine ve oturma izninin al\u0131nmas\u0131na kadar t\u00fcm evrelerde dan\u0131\u015fmanl\u0131k hizmetlerini s\u00fcrd\u00fcr\u00fcyor.<\/p>\n","protected":false},"excerpt":{"rendered":"<p>Vesta Global, 280 bin Euro gibi en uygun \u015fekilde yat\u0131r\u0131m tutar\u0131 ile ve alt\u0131nc\u0131 sene sonunda yat\u0131r\u0131m\u0131n y\u00fczde 100\u2019\u00fcn\u00fcn sahibine iadesi garantisi ile Portekiz\u2019de vatanda\u015fl\u0131k imk\u00e2n\u0131 sunuyor. Vesta Global bu \u00f6zel f\u0131rsata ek olarak 2022 mart ay\u0131nda ba\u015fvuran yat\u0131r\u0131mc\u0131lara hizmet bedelinde y\u00fczde 25 indirim sa\u011fl\u0131yor. Portekiz, Avrupa\u2019da yat\u0131r\u0131m kanal\u0131 ile en avantajl\u0131 ve k\u0131sa s\u00fcrede [&hellip;]<\/p>\n","protected":false},"author":1,"featured_media":38402,"comment_status":"open","ping_status":"open","sticky":false,"template":"","format":"standard","meta":{"ngg_post_thumbnail":0},"categories":[5388],"tags":[],"_links":{"self":[{"href":"https:\/\/emlaktuel.com\/index.php?rest_route=\/wp\/v2\/posts\/38401"}],"collection":[{"href":"https:\/\/emlaktuel.com\/index.php?rest_route=\/wp\/v2\/posts"}],"about":[{"href":"https:\/\/emlaktuel.com\/index.php?rest_route=\/wp\/v2\/types\/post"}],"author":[{"embeddable":true,"href":"https:\/\/emlaktuel.com\/index.php?rest_route=\/wp\/v2\/users\/1"}],"replies":[{"embeddable":true,"href":"https:\/\/emlaktuel.com\/index.php?rest_route=%2Fwp%2Fv2%2Fcomments&post=38401"}],"version-history":[{"count":1,"href":"https:\/\/emlaktuel.com\/index.php?rest_route=\/wp\/v2\/posts\/38401\/revisions"}],"predecessor-version":[{"id":38404,"href":"https:\/\/emlaktuel.com\/index.php?rest_route=\/wp\/v2\/posts\/38401\/revisions\/38404"}],"wp:featuredmedia":[{"embeddable":true,"href":"https:\/\/emlaktuel.com\/index.php?rest_route=\/wp\/v2\/media\/38402"}],"wp:attachment":[{"href":"https:\/\/emlaktuel.com\/index.php?rest_route=%2Fwp%2Fv2%2Fmedia&parent=38401"}],"wp:term":[{"taxonomy":"category","embeddable":true,"href":"https:\/\/emlaktuel.com\/index.php?rest_route=%2Fwp%2Fv2%2Fcategories&post=38401"},{"taxonomy":"post_tag","embeddable":true,"href":"https:\/\/emlaktuel.com\/index.php?rest_route=%2Fwp%2Fv2%2Ftags&post=38401"}],"curies":[{"name":"wp","href":"https:\/\/api.w.org\/{rel}","templated":true}]}}