{"id":38395,"date":"2022-03-04T12:37:13","date_gmt":"2022-03-04T09:37:13","guid":{"rendered":"https:\/\/emlaktuel.com\/?p=38395"},"modified":"2022-03-04T12:37:55","modified_gmt":"2022-03-04T09:37:55","slug":"bakan-murat-kurumdan-5-7-mart-deprem-haftasi-mesaji","status":"publish","type":"post","link":"https:\/\/emlaktuel.com\/?p=38395","title":{"rendered":"Bakan Murat Kurum&#8217;dan 1-7 Mart Deprem Haftas\u0131 Mesaj\u0131"},"content":{"rendered":"<p>\u00c7evre, \u015eehircilik ve \u0130klim De\u011fi\u015fikli\u011fi Bakan\u0131 Murat Kurum, 1-7 Mart Deprem Haftas\u0131 nedeniyle yay\u0131mlad\u0131\u011f\u0131 videolu mesaj\u0131nda, <em>\u201cBug\u00fcn, sahalarda 120 milyar TL yat\u0131r\u0131m bedeli ile, 140 bini \u0130stanbul olmak \u00fczere \u00fclkemiz genelinde toplam 350 bin kentsel d\u00f6n\u00fc\u015f\u00fcm ve sosyal konutumuzu; en g\u00fcvenli, en sa\u011flam ve en sa\u011fl\u0131kl\u0131 \u015fekilde in\u015fa etmekteyiz. Gelin vatanda\u015f, belediye ve Bakanl\u0131\u011f\u0131m\u0131z i\u015f birli\u011finde evlerimizi, i\u015f yerlerimizi, hayat alanlar\u0131m\u0131z\u0131 depreme kar\u015f\u0131 birlikte haz\u0131rlayal\u0131m.\u201d <\/em>diye konu\u015ftu<em>.<\/em><\/p>\n<p>\u00c7evre, \u015eehircilik ve \u0130klim De\u011fi\u015fikli\u011fi Bakan\u0131 Murat Kurum, 1-7 Mart Deprem Haftas\u0131 sebebiyle bir videolu mesaj yay\u0131mlad\u0131. Bakan Kurum mesaj\u0131nda \u015funlar\u0131 s\u00f6yledi;<\/p>\n<p><em>\u201cTopraklar\u0131n\u0131n y\u00fczde 66\u2019s\u0131 riskli b\u00f6lgelerde yer alan \u00fclkemizin \u00f6n\u00fcnde; pek \u00e7ok can ve mal kayb\u0131na sebep olan bir deprem ger\u00e7e\u011fi var.\u201d diyerek s\u00f6zlerine ba\u015flayan Bakan Murat Kurum, \u201cSon 120 y\u0131lda meydana gelen depremlerde 80 bin vatanda\u015f\u0131m\u0131z\u0131 yitirdik. Art\u0131k hi\u00e7 kimseyi depremlerde kaybetmek istemiyoruz.\u201d<\/em><\/p>\n<p>Bakan Murat Kurum, <em>\u201cBakanl\u0131\u011f\u0131m\u0131z olarak deprem ile m\u00fccadelemizi milletimiz ile beraber g\u00fc\u00e7l\u00fc bir \u015fekilde s\u00fcrd\u00fcr\u00fcyoruz. Deprem y\u00f6netmeli\u011fimizi haz\u0131rlad\u0131k. Yap\u0131 denetim sistemini hayata ge\u00e7irdik. Zorunlu deprem sigortas\u0131 gibi uygulamalar\u0131 y\u00fcr\u00fcrl\u00fc\u011fe koyduk. Belediyeler ve TOK\u0130, konut \u00fcretim \u00e7al\u0131\u015fmalar\u0131n\u0131 h\u0131zland\u0131rd\u0131. 2011 y\u0131l\u0131nda ya\u015fanan Van depremi sonras\u0131 Kentsel D\u00f6n\u00fc\u015f\u00fcm Kanunu y\u00fcr\u00fcrl\u00fc\u011fe girdi. Yap\u0131 denetim sistemiyle de denetimlerimize h\u0131z kesmeden devam ediyoruz.\u201d<\/em> diye konu\u015ftu.<\/p>\n<p>Kentsel d\u00f6n\u00fc\u015f\u00fcm ile ilgili \u00e7al\u0131\u015fmalar hakk\u0131nda a\u00e7\u0131klamalar yapan Bakan Murat Kurum konu\u015fmas\u0131na \u015f\u00f6yle devam etti:<\/p>\n<p><em>\u201cCumhurba\u015fkan\u0131m\u0131z Say\u0131n Recep Tayyip Erdo\u011fan taraf\u0131ndan 2012 y\u0131l\u0131nda ba\u015flat\u0131lan ve T\u00fcrkiye\u2019nin en b\u00fcy\u00fck \u015fehircilik hareketi olan Kentsel D\u00f6n\u00fc\u015f\u00fcm Seferberli\u011fiyle 81 ilimizin tamam\u0131nda afetlere kar\u015f\u0131 risk ta\u015f\u0131yan t\u00fcm binalar\u0131 yeniliyoruz. Bug\u00fcne kadar yerinde, g\u00f6n\u00fcll\u00fc ve h\u0131zl\u0131 kentsel d\u00f6n\u00fc\u015f\u00fcm seferberli\u011fimizle tam 2,8 milyon konutumuzun d\u00f6n\u00fc\u015f\u00fcm\u00fcn\u00fc tamamlayarak 12 milyonu a\u015fk\u0131n vatanda\u015f\u0131m\u0131z\u0131n can ve mal g\u00fcvenli\u011fini teminat alt\u0131na ald\u0131k. Bug\u00fcn, sahada 120 milyar lira yat\u0131r\u0131m bedeliyle, 140 bini \u0130stanbul\u2019da olmak \u00fczere \u00fclke genelinde 350 bin kentsel d\u00f6n\u00fc\u015f\u00fcm ve sosyal konutumuzu en sa\u011flam, en g\u00fcvenli ve en sa\u011fl\u0131kl\u0131 \u015fekilde in\u015fa ediyoruz.\u201d<\/em><\/p>\n<h2><strong>\u201c2035\u2019te deprem riski var olan b\u00f6lgelerimizde kentsel d\u00f6n\u00fc\u015f\u00fcme girmeyen hi\u00e7bir binam\u0131z kalmayacak\u201d<\/strong><\/h2>\n<p>Depreme var\u015f\u0131 sa\u011fl\u0131ks\u0131z oldu\u011funu tespit etti\u011fimiz 1.1 milyon konutun d\u00f6n\u00fc\u015f\u00fcm\u00fcn\u00fc 4 senede bitirmekte kararl\u0131 olduklar\u0131n\u0131n alt\u0131n\u0131 \u00e7izen Bakan Murat Kurum, <em>\u201cYatay mimari merkezli, tarihsel dokusu korunmu\u015f, alt ve \u00fcst yap\u0131s\u0131 g\u00fc\u00e7lendirilmi\u015f, s\u0131f\u0131r at\u0131k uyumlu ve \u00e7evreci binalar\u0131 in\u015fa ederken \u015fehirlerimizin de \u00e7ehresini de\u011fi\u015ftirece\u011fiz. \u0130n\u015fallah 2035 y\u0131l\u0131na geldi\u011fimizde T\u00fcrkiye\u2019nin deprem riski olan b\u00f6lgelerinde kentsel d\u00f6n\u00fc\u015f\u00fcme girmemi\u015f, yap\u0131 stoku yenilenmemi\u015f hi\u00e7bir binam\u0131z kalmayacak.\u201d<\/em> \u015feklinde de\u011ferlendirme yapt\u0131.<\/p>\n<p>Ya\u015fanacak herhangi bir depremin ortaya \u00e7\u0131karaca\u011f\u0131 ac\u0131lar\u0131 al\u0131nacak tedbirlerle \u00f6nleyebileceklerini ve \u015fehirlerimizi gelece\u011fe hep birlikte ta\u015f\u0131yacaklar\u0131n\u0131 dile getiren Bakan Murat Kurum mesaj\u0131n\u0131 \u015fu \u015fekilde tamamlad\u0131:<\/p>\n<p><em>\u201cBen bu vesile ile milletimize her zaman yapt\u0131\u011f\u0131m\u0131z \u00e7a\u011fr\u0131m\u0131 yenilemek istiyorum. Gelin vatanda\u015f, belediye ve Bakanl\u0131\u011f\u0131m\u0131z i\u015f birli\u011finde evlerimizi, i\u015f yerlerimizi, hayat alanlar\u0131m\u0131z\u0131 depreme kar\u015f\u0131 birlikte haz\u0131rlayal\u0131m. 1-7 Mart Deprem Haftas\u0131\u2019n\u0131n \u00fclkemiz ve milletimiz i\u00e7in bir fark\u0131ndal\u0131k olu\u015fturmas\u0131n\u0131 diliyor, Allah\u2019tan b\u00fct\u00fcn vatanda\u015flar\u0131m\u0131z i\u00e7in afetlerden uzak, sa\u011fl\u0131kl\u0131 ve huzur dolu bir \u00f6m\u00fcr niyaz ediyorum. Bu vesileyle depremde yitirdi\u011fimiz canlar\u0131m\u0131za bir kere daha Allah\u2019tan rahmet diliyorum.\u201d<\/em><\/p>\n","protected":false},"excerpt":{"rendered":"<p>\u00c7evre, \u015eehircilik ve \u0130klim De\u011fi\u015fikli\u011fi Bakan\u0131 Murat Kurum, 1-7 Mart Deprem Haftas\u0131 nedeniyle yay\u0131mlad\u0131\u011f\u0131 videolu mesaj\u0131nda, \u201cBug\u00fcn, sahalarda 120 milyar TL yat\u0131r\u0131m bedeli ile, 140 bini \u0130stanbul olmak \u00fczere \u00fclkemiz genelinde toplam 350 bin kentsel d\u00f6n\u00fc\u015f\u00fcm ve sosyal konutumuzu; en g\u00fcvenli, en sa\u011flam ve en sa\u011fl\u0131kl\u0131 \u015fekilde in\u015fa etmekteyiz. Gelin vatanda\u015f, belediye ve Bakanl\u0131\u011f\u0131m\u0131z i\u015f [&hellip;]<\/p>\n","protected":false},"author":1,"featured_media":23910,"comment_status":"open","ping_status":"open","sticky":false,"template":"","format":"standard","meta":{"ngg_post_thumbnail":0},"categories":[221,5388],"tags":[12821,16127,16128],"_links":{"self":[{"href":"https:\/\/emlaktuel.com\/index.php?rest_route=\/wp\/v2\/posts\/38395"}],"collection":[{"href":"https:\/\/emlaktuel.com\/index.php?rest_route=\/wp\/v2\/posts"}],"about":[{"href":"https:\/\/emlaktuel.com\/index.php?rest_route=\/wp\/v2\/types\/post"}],"author":[{"embeddable":true,"href":"https:\/\/emlaktuel.com\/index.php?rest_route=\/wp\/v2\/users\/1"}],"replies":[{"embeddable":true,"href":"https:\/\/emlaktuel.com\/index.php?rest_route=%2Fwp%2Fv2%2Fcomments&post=38395"}],"version-history":[{"count":2,"href":"https:\/\/emlaktuel.com\/index.php?rest_route=\/wp\/v2\/posts\/38395\/revisions"}],"predecessor-version":[{"id":38397,"href":"https:\/\/emlaktuel.com\/index.php?rest_route=\/wp\/v2\/posts\/38395\/revisions\/38397"}],"wp:featuredmedia":[{"embeddable":true,"href":"https:\/\/emlaktuel.com\/index.php?rest_route=\/wp\/v2\/media\/23910"}],"wp:attachment":[{"href":"https:\/\/emlaktuel.com\/index.php?rest_route=%2Fwp%2Fv2%2Fmedia&parent=38395"}],"wp:term":[{"taxonomy":"category","embeddable":true,"href":"https:\/\/emlaktuel.com\/index.php?rest_route=%2Fwp%2Fv2%2Fcategories&post=38395"},{"taxonomy":"post_tag","embeddable":true,"href":"https:\/\/emlaktuel.com\/index.php?rest_route=%2Fwp%2Fv2%2Ftags&post=38395"}],"curies":[{"name":"wp","href":"https:\/\/api.w.org\/{rel}","templated":true}]}}