{"id":38384,"date":"2022-03-04T10:56:39","date_gmt":"2022-03-04T07:56:39","guid":{"rendered":"https:\/\/emlaktuel.com\/?p=38384"},"modified":"2022-03-04T10:56:39","modified_gmt":"2022-03-04T07:56:39","slug":"togg-gelecekte-girisimci-olmak-isteyenler-icin-yol-gosterici-oluyor","status":"publish","type":"post","link":"https:\/\/emlaktuel.com\/?p=38384","title":{"rendered":"Togg, gelecekte giri\u015fimci olmak isteyenler i\u00e7in\u00a0yol g\u00f6sterici oluyor\u00a0"},"content":{"rendered":"<p><strong>T\u00fcrkiye\u2019de mobilite \u00e7er\u00e7evesinde hizmet vermeye ba\u015flayan k\u00fcresel teknoloji markam\u0131z Togg, Bili\u015fim Vadisi ile beraber haz\u0131rlad\u0131\u011f\u0131 Mobilite H\u0131zland\u0131rma Program\u0131 ile, gelece\u011fin mobilite ekosistemini \u015fekillendirecek giri\u015fimcilere, finansal,\u00a0ment\u00f6rl\u00fck ve hukuki dan\u0131\u015fmanl\u0131k, proje takip deste\u011fi ile Ar-Ge te\u015fvikleri gibi konularda yol g\u00f6sterici olacak. Programa 2022 13 Mart&#8217;a kadar ba\u015fvuru yapmak m\u00fcmk\u00fcn.<\/strong><\/p>\n<p><strong>Togg<\/strong>, Bili\u015fim Vadisi&#8217;yle haz\u0131rlam\u0131\u015f oldu\u011fu Mobilite H\u0131zland\u0131rma Program\u0131\u2019nda teknoloji giri\u015fimlerine destek veriyor. Program\u0131n kapsam\u0131nda giri\u015fimciler i\u00e7in mobiliteden b\u00fcy\u00fck veriye, blok zincirinden siber g\u00fcvenli\u011fe, yapay zekadan oyunla\u015ft\u0131rmaya, ak\u0131ll\u0131 \u015febekelerden enerji \u00e7\u00f6z\u00fcmlerine,\u00a0hafif malzemelerden s\u00fcrd\u00fcr\u00fclebilirli\u011fe kadar pek \u00e7ok konuda e\u011fitim, ment\u00f6rl\u00fck, finansal ve hukuki dan\u0131\u015fmanl\u0131k, proje takip deste\u011fi ile Ar-Ge te\u015fvikleri gibi konularda alan\u0131nda uzman isimler taraf\u0131ndan y\u00f6n verecek.<\/p>\n<h2><strong>\u201cGiri\u015fimcilerimize ihtiya\u00e7 duyduklar\u0131 her konuda destek olaca\u011f\u0131z\u201d<\/strong><\/h2>\n<p><strong>Togg CEO\u2019su M. G\u00fcrcan Karaka\u015f<\/strong>, <strong>Bili\u015fim Vadisi<\/strong> ile beraber haz\u0131rlanan Mobilite H\u0131zland\u0131rma Program\u0131 ile \u00fclkemizdeki mobilite ekosisteminin geli\u015fimine katk\u0131 sa\u011flamay\u0131 ve bu alanda faaliyet g\u00f6steren ya da proje geli\u015ftiren giri\u015fimcilere ihtiya\u00e7 duyduklar\u0131 konularda destek olmay\u0131 hedeflediklerini belirtti. Karaka\u015f, <em>\u201cPrograma kat\u0131lan giri\u015fimciler sekt\u00f6r lideri ve alan\u0131nda uzman e\u011fitmenler taraf\u0131ndan ihtiya\u00e7lar\u0131na y\u00f6nelik e\u011fitimler alman\u0131n yan\u0131 s\u0131ra uzman ment\u00f6r ve dan\u0131\u015fmanlardan da teknik destek alacaklar. Bu programla birlikte, giri\u015fimcilerin hem Togg ekosisteminde yer almas\u0131n\u0131n hem de Bili\u015fim Vadisi Giri\u015fim Sermayesi Yat\u0131r\u0131m Fonu&#8217;na teknolojilerini anlatmalar\u0131n\u0131n \u00f6n\u00fcn\u00fc a\u00e7\u0131yoruz. Ayr\u0131ca giri\u015fimciler, geli\u015ftirdikleri \u00fcr\u00fcnlerini ticarile\u015ftirme f\u0131rsat\u0131 da yakalayabilecek. Gelece\u011fin mobilite ekosistemini birlikte \u015fekillendirebilece\u011fimiz giri\u015fimcilerle ayn\u0131 g\u00f6z hizas\u0131nda \u00e7al\u0131\u015fmay\u0131 umuyoruz\u201d<\/em> \u015feklinde konu\u015ftu.<\/p>\n<h2><strong>\u201cTeknik ment\u00f6rl\u00fck, sat\u0131\u015f g\u00f6r\u00fc\u015fmeleri ve de yat\u0131r\u0131mc\u0131 bulu\u015fmalar\u0131 da sa\u011flayaca\u011f\u0131z\u201d<\/strong><\/h2>\n<p><strong>Bili\u015fim Vadisi Genel M\u00fcd\u00fcr\u00fc A. Serdar \u0130brahimcio\u011flu<\/strong> bu program kapsam\u0131nda Bili\u015fim Vadisi mobilite ekosistemine dahil olmak isteyen giri\u015fimcilerin, di\u011fer partner firmalarla i\u015fbirli\u011fi imkan\u0131na sahip olabilece\u011fini ve mevcut projelerini ilerletebilmek ad\u0131na kendi giri\u015fimcilerini se\u00e7me f\u0131rsat\u0131na sahip olacaklar\u0131n\u0131 belirtti. \u0130brahimcio\u011flu, \u201cMobilite H\u0131zland\u0131rma Program\u0131 s\u00fcrecinde bir arada bulunan payda\u015f ve giri\u015fimler; birbirileri ile daha sa\u011flam ili\u015fkiler kuruyorlar ve uzun vadede de olas\u0131 projelerde birlikte \u00e7al\u0131\u015fabiliyorlar. Mobilite H\u0131zland\u0131rma Program\u0131 ile teknik ment\u00f6rl\u00fck, sat\u0131\u015f g\u00f6r\u00fc\u015fmeleri ve yat\u0131r\u0131mc\u0131 bulu\u015fmalar\u0131 sa\u011fl\u0131yoruz\u201d dedi.<\/p>\n<p>Programa ba\u015fvuru son tarihi 13 Mart 2022.<\/p>\n","protected":false},"excerpt":{"rendered":"<p>T\u00fcrkiye\u2019de mobilite \u00e7er\u00e7evesinde hizmet vermeye ba\u015flayan k\u00fcresel teknoloji markam\u0131z Togg, Bili\u015fim Vadisi ile beraber haz\u0131rlad\u0131\u011f\u0131 Mobilite H\u0131zland\u0131rma Program\u0131 ile, gelece\u011fin mobilite ekosistemini \u015fekillendirecek giri\u015fimcilere, finansal,\u00a0ment\u00f6rl\u00fck ve hukuki dan\u0131\u015fmanl\u0131k, proje takip deste\u011fi ile Ar-Ge te\u015fvikleri gibi konularda yol g\u00f6sterici olacak. Programa 2022 13 Mart&#8217;a kadar ba\u015fvuru yapmak m\u00fcmk\u00fcn. Togg, Bili\u015fim Vadisi&#8217;yle haz\u0131rlam\u0131\u015f oldu\u011fu Mobilite H\u0131zland\u0131rma Program\u0131\u2019nda [&hellip;]<\/p>\n","protected":false},"author":1,"featured_media":38385,"comment_status":"open","ping_status":"open","sticky":false,"template":"","format":"standard","meta":{"ngg_post_thumbnail":0},"categories":[5388],"tags":[16121,14917,16120],"_links":{"self":[{"href":"https:\/\/emlaktuel.com\/index.php?rest_route=\/wp\/v2\/posts\/38384"}],"collection":[{"href":"https:\/\/emlaktuel.com\/index.php?rest_route=\/wp\/v2\/posts"}],"about":[{"href":"https:\/\/emlaktuel.com\/index.php?rest_route=\/wp\/v2\/types\/post"}],"author":[{"embeddable":true,"href":"https:\/\/emlaktuel.com\/index.php?rest_route=\/wp\/v2\/users\/1"}],"replies":[{"embeddable":true,"href":"https:\/\/emlaktuel.com\/index.php?rest_route=%2Fwp%2Fv2%2Fcomments&post=38384"}],"version-history":[{"count":2,"href":"https:\/\/emlaktuel.com\/index.php?rest_route=\/wp\/v2\/posts\/38384\/revisions"}],"predecessor-version":[{"id":38387,"href":"https:\/\/emlaktuel.com\/index.php?rest_route=\/wp\/v2\/posts\/38384\/revisions\/38387"}],"wp:featuredmedia":[{"embeddable":true,"href":"https:\/\/emlaktuel.com\/index.php?rest_route=\/wp\/v2\/media\/38385"}],"wp:attachment":[{"href":"https:\/\/emlaktuel.com\/index.php?rest_route=%2Fwp%2Fv2%2Fmedia&parent=38384"}],"wp:term":[{"taxonomy":"category","embeddable":true,"href":"https:\/\/emlaktuel.com\/index.php?rest_route=%2Fwp%2Fv2%2Fcategories&post=38384"},{"taxonomy":"post_tag","embeddable":true,"href":"https:\/\/emlaktuel.com\/index.php?rest_route=%2Fwp%2Fv2%2Ftags&post=38384"}],"curies":[{"name":"wp","href":"https:\/\/api.w.org\/{rel}","templated":true}]}}