{"id":3834,"date":"2016-08-02T11:48:32","date_gmt":"2016-08-02T08:48:32","guid":{"rendered":"http:\/\/emlaktuel.com\/?p=3834"},"modified":"2018-07-05T14:28:04","modified_gmt":"2018-07-05T11:28:04","slug":"3-havalimaninda-insaat-darbe-girisimi-sonrasi-yara-almadan-hizlandi","status":"publish","type":"post","link":"https:\/\/emlaktuel.com\/?p=3834","title":{"rendered":"3. Havaliman\u0131&#8217;nda in\u015faat darbe giri\u015fimi sonras\u0131 yara almadan h\u0131zland\u0131!"},"content":{"rendered":"<div class=\"clear\">\n<div class=\"clear\"><\/div>\n<\/div>\n<div>\n<p>T\u00fcrkiye\u2019nin en \u00f6nemli projelerinden biri olan 3. Havaliman\u0131 in\u015faat\u0131, 15 Temmuz darbe giri\u015fimi s\u00fcrecine ra\u011fmen aksama olmadan h\u0131zla devam ediyor. \u0130n\u015faat\u0131n en \u00f6nemli b\u00f6l\u00fcm\u00fc olan ana terminal binas\u0131n\u0131n ortaya \u00e7\u0131kan silueti, havadan g\u00f6r\u00fcnt\u00fclendi.<\/p>\n<p>T\u00fcrkiye bir yandan darbe giri\u015fimleri ve ter\u00f6rle m\u00fccadele ederken, bir yandan da uluslararas\u0131 \u00f6l\u00e7ekteki dev projelerini tamaml\u0131yor. 3. Havaliman\u0131\u2019ndaki in\u015faat \u00e7al\u0131\u015fmalar\u0131, 15 Temmuz gecesindeki darbe giri\u015fimi ve sonras\u0131nda ya\u015fanan s\u00fcrece ald\u0131rmadan h\u0131zla devam ediyor.<\/p>\n<p>&nbsp;<\/p>\n<p>76 milyon 500 bin metrekarelik dev in\u015faat alan\u0131n\u0131 kapsayan ve tamamland\u0131\u011f\u0131nda y\u0131ll\u0131k 200 milyonun \u00fczerinde yolcu kapasitesiyle d\u00fcnyan\u0131n en b\u00fcy\u00fc\u011f\u00fc olacak olan 3. havaliman\u0131n\u0131n en \u00f6nemli b\u00f6l\u00fcm\u00fc olan silueti ortaya \u00e7\u0131km\u0131\u015f ana terminal binas\u0131 havadan g\u00f6r\u00fcnt\u00fclendi. Y\u0131ll\u0131k yolcu kapasitesi 101.5 milyon olan Atlanta Havaliman\u0131\u2019n\u0131 geride b\u0131rakacak olan 3. Havaliman\u0131, t\u00fcm b\u00f6l\u00fcmler tamamlad\u0131\u011f\u0131nda y\u0131ll\u0131k 200 milyonun \u00fczerinde yolcu kapasitesi ile hizmet vermeye haz\u0131rlan\u0131yor. \u0130stanbul Atat\u00fcrk Havaliman\u0131&#8217;n\u0131n yo\u011funlu\u011fu ve kapasite yetersizli\u011fine \u00e7are olacak 3. Havaliman\u0131 \u00e7al\u0131\u015fmalar\u0131 7 g\u00fcn 24 saat aral\u0131ks\u0131z bir \u015fekilde devam ediyor. \u0130n\u015faat\u0131n en \u00f6nemli b\u00f6l\u00fcm\u00fc olan ana terminal binas\u0131 da planlanan \u015fekilde y\u00fckselmeye ba\u015flad\u0131. Havadan kaydedilen g\u00f6r\u00fcnt\u00fclerde 1 milyon 300 bin metrekarelik alanda in\u015faat\u0131 devam eden ana terminal binas\u0131n\u0131n meydana \u00e7\u0131kmaya ba\u015flad\u0131\u011f\u0131 g\u00f6r\u00fcl\u00fcyor.<\/p>\n<p>&nbsp;<\/p>\n<h2>Personel say\u0131s\u0131 30 bine \u00e7\u0131kacak<\/h2>\n<p>&nbsp;<\/p>\n<p>D\u00fcnyan\u0131n 12 \u00fclkesinden i\u015f\u00e7inin \u00e7al\u0131\u015ft\u0131\u011f\u0131 havaliman\u0131 in\u015faat\u0131nda en \u00e7ok yabanc\u0131 personel ise Vietnam ve Pakistan uyruklu vatanda\u015flardan olu\u015fuyor. D\u00fcnyan\u0131n en b\u00fcy\u00fck \u015fantiyelerinden 3. Havaliman\u0131&#8217;nda ilk b\u00f6l\u00fcm\u00fcn 2018&#8217;in ba\u015f\u0131na yeti\u015ftirilmesi i\u00e7in 12 \u00fclkeden 17 binin \u00fczerinde personel, \u00e7al\u0131\u015fmalar\u0131n\u0131 sahan\u0131n farkl\u0131 b\u00f6lgelerinde e\u015f zamanl\u0131 ve aral\u0131ks\u0131z olarak s\u00fcrd\u00fcr\u00fcyor. Devam eden \u00e7al\u0131\u015fmalarda bin 500 ofis \u00e7al\u0131\u015fan\u0131, 14 bin 500&#8217;\u00fcn\u00fcn de \u015fantiye \u00e7al\u0131\u015fan\u0131 oldu\u011fu belirtiliyor. Personel say\u0131s\u0131n\u0131n ise en yo\u011fun \u00e7al\u0131\u015fma d\u00f6neminde 30 bine kadar \u00e7\u0131kaca\u011f\u0131 belirtiliyor. Havaliman\u0131, i\u015fletmeye a\u00e7\u0131ld\u0131\u011f\u0131nda 100.000 ki\u015fiye yeni i\u015f imkan\u0131 sa\u011flarken, dolayl\u0131 etkilerle 1,5 milyon de ki\u015fiye gelir kayna\u011f\u0131 olacak<\/p>\n<p>&nbsp;<\/p>\n<h2><b>3 binin \u00fczerinde ar\u0131 gibi \u00e7al\u0131\u015fan i\u015f makinesi<\/b><\/h2>\n<p>&nbsp;<\/p>\n<p>\u0130stanbul Grand Airport (\u0130GA) Havalimanlar\u0131 \u00dcst Y\u00f6neticisi (CEO) Yusuf Ak\u00e7ayo\u011flu, 3. Havaliman\u0131 in\u015faat\u0131n\u0131n t\u00fcm h\u0131z\u0131yla devam etti\u011fini belirterek, hali haz\u0131rda 2 bin 200 kamyon, 252 ekskavat\u00f6r, 60 kule vin\u00e7, 57 greyder, 124 silindir, 101 dozer, 60 eklemli kamyon, 57 tekerlekli y\u00fckleyici, 23 mobil vin\u00e7, 70 beton mikseri, 18 beton pompas\u0131 ile toplamda 3 bin 22 arac\u0131n \u00e7al\u0131\u015ft\u0131\u011f\u0131n\u0131 vurgulad\u0131.<\/p>\n<p>Star<\/p>\n<\/div>\n","protected":false},"excerpt":{"rendered":"<p>T\u00fcrkiye\u2019nin en \u00f6nemli projelerinden biri olan 3. Havaliman\u0131 in\u015faat\u0131, 15 Temmuz darbe giri\u015fimi s\u00fcrecine ra\u011fmen aksama olmadan h\u0131zla devam ediyor. \u0130n\u015faat\u0131n en \u00f6nemli b\u00f6l\u00fcm\u00fc olan ana terminal binas\u0131n\u0131n ortaya \u00e7\u0131kan silueti, havadan g\u00f6r\u00fcnt\u00fclendi. T\u00fcrkiye bir yandan darbe giri\u015fimleri ve ter\u00f6rle m\u00fccadele ederken, bir yandan da uluslararas\u0131 \u00f6l\u00e7ekteki dev projelerini tamaml\u0131yor. 3. Havaliman\u0131\u2019ndaki in\u015faat \u00e7al\u0131\u015fmalar\u0131, 15 [&hellip;]<\/p>\n","protected":false},"author":1,"featured_media":0,"comment_status":"open","ping_status":"open","sticky":false,"template":"","format":"standard","meta":{"ngg_post_thumbnail":0},"categories":[1,26,27],"tags":[2373,2544,11307,2577,2578,2576,11473,2182,2581,2580,3967,67,11204,11326,2579,11087],"_links":{"self":[{"href":"https:\/\/emlaktuel.com\/index.php?rest_route=\/wp\/v2\/posts\/3834"}],"collection":[{"href":"https:\/\/emlaktuel.com\/index.php?rest_route=\/wp\/v2\/posts"}],"about":[{"href":"https:\/\/emlaktuel.com\/index.php?rest_route=\/wp\/v2\/types\/post"}],"author":[{"embeddable":true,"href":"https:\/\/emlaktuel.com\/index.php?rest_route=\/wp\/v2\/users\/1"}],"replies":[{"embeddable":true,"href":"https:\/\/emlaktuel.com\/index.php?rest_route=%2Fwp%2Fv2%2Fcomments&post=3834"}],"version-history":[{"count":1,"href":"https:\/\/emlaktuel.com\/index.php?rest_route=\/wp\/v2\/posts\/3834\/revisions"}],"predecessor-version":[{"id":3835,"href":"https:\/\/emlaktuel.com\/index.php?rest_route=\/wp\/v2\/posts\/3834\/revisions\/3835"}],"wp:attachment":[{"href":"https:\/\/emlaktuel.com\/index.php?rest_route=%2Fwp%2Fv2%2Fmedia&parent=3834"}],"wp:term":[{"taxonomy":"category","embeddable":true,"href":"https:\/\/emlaktuel.com\/index.php?rest_route=%2Fwp%2Fv2%2Fcategories&post=3834"},{"taxonomy":"post_tag","embeddable":true,"href":"https:\/\/emlaktuel.com\/index.php?rest_route=%2Fwp%2Fv2%2Ftags&post=3834"}],"curies":[{"name":"wp","href":"https:\/\/api.w.org\/{rel}","templated":true}]}}