{"id":38234,"date":"2022-02-25T12:09:30","date_gmt":"2022-02-25T09:09:30","guid":{"rendered":"https:\/\/emlaktuel.com\/?p=38234"},"modified":"2022-02-25T18:47:26","modified_gmt":"2022-02-25T15:47:26","slug":"turkiyede-kira-fiyatlari-yukselmeye-devam-ediyor","status":"publish","type":"post","link":"https:\/\/emlaktuel.com\/?p=38234","title":{"rendered":"T\u00fcrkiye\u2019de kira fiyatlar\u0131 y\u00fckselmeye devam ediyor!\u00a0"},"content":{"rendered":"<p><strong>\u00dclkemizde \u0130stanbul ile \u0130zmir illerimizde 2022 Ocak ay\u0131 i\u00e7erisinde konut kiralar\u0131 \u00fclke ortalamas\u0131n\u0131n \u00fczerinde art\u0131\u015f g\u00f6sterdi.<\/strong><\/p>\n<p><strong><em>Emlak d\u00fcnyas\u0131n\u0131n nabz\u0131n\u0131 tutan\u00a0sahibinden.com, Bah\u00e7e\u015fehir \u00dcniversitesi Ekonomik ve Toplumsal Ara\u015ft\u0131rmalar Merkezi (BETAM) ile beraber haz\u0131rlam\u0131\u015f oldu\u011fu \u201csahibindex Kiral\u0131k Konut Piyasas\u0131 G\u00f6r\u00fcn\u00fcm\u00fc\u201d raporunda kiral\u0131k konutlar\u0131n piyasas\u0131ndaki de\u011fi\u015fimlerini mercek alt\u0131na ald\u0131. Yay\u0131nlanan rapora g\u00f6re ortalama kiral\u0131k konut metrekare fiyatlar\u0131nda ya\u015fanan art\u0131\u015f \u00fclke geneli ve 3 b\u00fcy\u00fck ilde artmaya devam etti.\u00a0<\/em><\/strong><\/p>\n<p>Bah\u00e7e\u015fehir \u00dcniversitesi Ekonomik ve Toplumsal Ara\u015ft\u0131rmalar Merkezi (BETAM) taraf\u0131ndan\u00a0sahibinden.com\u2019da bulunan ilan verilerinin \u00fczerinden haz\u0131rlanan \u201csahibindex Kiral\u0131k Konut Piyasas\u0131 G\u00f6r\u00fcn\u00fcm\u00fc\u201d raporunu yay\u0131nlad\u0131. Yay\u0131nlanan rapora g\u00f6re, T\u00fcrkiye&#8217;de ortalama konut kiral\u0131k ilan metrekare fiyatlar\u0131ndaki senelik art\u0131\u015f oran\u0131 2022 Ocak\u2019ta y\u00fczde 77,8 olurken, ortalamada kiral\u0131k konut ilan metrekare fiyat\u0131 28 TL&#8217;ye \u00e7\u0131kt\u0131. Senelik kira art\u0131\u015f oran\u0131 \u0130stanbul&#8217;da y\u00fczde 97,7, Ankara&#8217;da y\u00fczde 82 ve \u0130zmir&#8217;de y\u00fczde 62 oldu. Bu geli\u015fmeler sonucunda ortalama kiral\u0131k konut ilan metrekare fiyatlar\u0131 \u0130stanbul\u2019da 44 TL, Ankara\u2019da 21 TL, \u0130zmir&#8217;de ise 27 TL oldu. \u00a0Enflasyondan ar\u0131nd\u0131r\u0131lm\u0131\u015f (reel) kira fiyatlar\u0131 ise Aral\u0131k ay\u0131n\u0131n ard\u0131ndan Ocak ay\u0131nda da \u00fclke geneli ortalamas\u0131nda, \u0130stanbul ve \u0130zmir\u2019de d\u00fc\u015ferken Ankara\u2019da art\u0131\u015f g\u00f6sterdi.<\/p>\n<h2><strong>T\u00fcrkiye&#8217;de cari fiyatlarla kiralar y\u00fckselmeye devam ediyor\u2026<\/strong><\/h2>\n<p>T\u00fcrkiye genelindeki kira fiyatlar\u0131n\u0131n senelik bazda art\u0131\u015f trendi 2022 Ocak ay\u0131nda da devam etti. Kira fiyatlar\u0131ndaki senelik art\u0131\u015f oran\u0131 ge\u00e7en aya g\u00f6re 9 puan y\u00fckselerek y\u00fczde 77,8 oldu. B\u00f6ylece, ge\u00e7en senenin ayn\u0131 d\u00f6neminde 15,8 TL olan T\u00fcrkiye geneli ortalama m<sup>2<\/sup>\u00a0kira fiyat\u0131 28 TL&#8217;ye ula\u015ft\u0131.<\/p>\n<h2><strong>T\u00fcrkiye ve \u00fc\u00e7 b\u00fcy\u00fck ilde bir \u00f6nceki senenin ayn\u0131 ay\u0131na g\u00f6re cari kira de\u011fi\u015fimi (%)<\/strong><\/h2>\n<p><strong>\u00dc\u00e7 b\u00fcy\u00fck ilde de kiralar y\u00fckselmeye devam ediyor\u2026<\/strong><\/p>\n<p>Ocak\u2019ta \u00fc\u00e7 b\u00fcy\u00fck ilde de kiral\u0131k ilan m2 fiyatlar\u0131ndaki y\u0131ll\u0131k art\u0131\u015f oran\u0131 y\u00fckseldi. Cari kira fiyatlar\u0131ndaki y\u0131ll\u0131k art\u0131\u015f oran\u0131 ge\u00e7en aya g\u00f6re \u0130stanbul\u2019da 13,1 puan, Ankara\u2019da 19,4 puan, \u0130zmir\u2019de ise 6 puan artt\u0131. Y\u0131ll\u0131k kira art\u0131\u015f oran\u0131 \u0130stanbul\u2019da %97,7, Ankara\u2019da %82, \u0130zmir\u2019de ise %62 oldu. B\u00f6ylece, ortalama kiral\u0131k konut ilan m2 fiyatlar\u0131 \u0130stanbul\u2019da 44 TL, Ankara\u2019da 21 TL, \u0130zmir\u2019de ise 27 TL oldu. Son aylarda Ankara\u2019da cari kira fiyat art\u0131\u015flar\u0131nda h\u0131zlanma giderek artt\u0131.<\/p>\n<h2><strong>B\u00fcy\u00fck\u015fehirlerdeki senelik kira art\u0131\u015flar\u0131nda farkl\u0131l\u0131klar \u00f6ne \u00e7\u0131k\u0131yor\u2026<\/strong><\/h2>\n<p>2022 Ocak ay\u0131nda senelik ortalama kira art\u0131\u015f\u0131, \u00fclke genelinde y\u00fczde 77,8 olurken b\u00fcy\u00fck\u015fehirlerdeki cari kira art\u0131\u015f h\u0131zlar\u0131 \u00f6nemli farkl\u0131l\u0131k g\u00f6sterdi. En y\u00fcksek y\u0131ll\u0131k kira art\u0131\u015f\u0131n\u0131n g\u00f6r\u00fcld\u00fc\u011f\u00fc iller Mu\u011fla y\u00fczde 108, \u0130stanbul y\u00fczde 97,7, Mersin y\u00fczde 90, Antalya y\u00fczde 92 ve Ankara y\u00fczde 82 oldu. En d\u00fc\u015f\u00fck kira art\u0131\u015f\u0131n\u0131n g\u00f6r\u00fcld\u00fc\u011f\u00fc iller ise Ordu y\u00fczde 34,1, Denizli y\u00fczde 33,3, Malatya y\u00fczde 31,2, Mardin y\u00fczde 30,2 ve Kahramanmara\u015f y\u00fczde 23,3 olarak \u00f6ne \u00e7\u0131kt\u0131.<\/p>\n","protected":false},"excerpt":{"rendered":"<p>\u00dclkemizde \u0130stanbul ile \u0130zmir illerimizde 2022 Ocak ay\u0131 i\u00e7erisinde konut kiralar\u0131 \u00fclke ortalamas\u0131n\u0131n \u00fczerinde art\u0131\u015f g\u00f6sterdi. Emlak d\u00fcnyas\u0131n\u0131n nabz\u0131n\u0131 tutan\u00a0sahibinden.com, Bah\u00e7e\u015fehir \u00dcniversitesi Ekonomik ve Toplumsal Ara\u015ft\u0131rmalar Merkezi (BETAM) ile beraber haz\u0131rlam\u0131\u015f oldu\u011fu \u201csahibindex Kiral\u0131k Konut Piyasas\u0131 G\u00f6r\u00fcn\u00fcm\u00fc\u201d raporunda kiral\u0131k konutlar\u0131n piyasas\u0131ndaki de\u011fi\u015fimlerini mercek alt\u0131na ald\u0131. Yay\u0131nlanan rapora g\u00f6re ortalama kiral\u0131k konut metrekare fiyatlar\u0131nda ya\u015fanan art\u0131\u015f [&hellip;]<\/p>\n","protected":false},"author":1,"featured_media":23248,"comment_status":"open","ping_status":"open","sticky":false,"template":"","format":"standard","meta":{"ngg_post_thumbnail":0},"categories":[5388],"tags":[13759],"_links":{"self":[{"href":"https:\/\/emlaktuel.com\/index.php?rest_route=\/wp\/v2\/posts\/38234"}],"collection":[{"href":"https:\/\/emlaktuel.com\/index.php?rest_route=\/wp\/v2\/posts"}],"about":[{"href":"https:\/\/emlaktuel.com\/index.php?rest_route=\/wp\/v2\/types\/post"}],"author":[{"embeddable":true,"href":"https:\/\/emlaktuel.com\/index.php?rest_route=\/wp\/v2\/users\/1"}],"replies":[{"embeddable":true,"href":"https:\/\/emlaktuel.com\/index.php?rest_route=%2Fwp%2Fv2%2Fcomments&post=38234"}],"version-history":[{"count":3,"href":"https:\/\/emlaktuel.com\/index.php?rest_route=\/wp\/v2\/posts\/38234\/revisions"}],"predecessor-version":[{"id":38241,"href":"https:\/\/emlaktuel.com\/index.php?rest_route=\/wp\/v2\/posts\/38234\/revisions\/38241"}],"wp:featuredmedia":[{"embeddable":true,"href":"https:\/\/emlaktuel.com\/index.php?rest_route=\/wp\/v2\/media\/23248"}],"wp:attachment":[{"href":"https:\/\/emlaktuel.com\/index.php?rest_route=%2Fwp%2Fv2%2Fmedia&parent=38234"}],"wp:term":[{"taxonomy":"category","embeddable":true,"href":"https:\/\/emlaktuel.com\/index.php?rest_route=%2Fwp%2Fv2%2Fcategories&post=38234"},{"taxonomy":"post_tag","embeddable":true,"href":"https:\/\/emlaktuel.com\/index.php?rest_route=%2Fwp%2Fv2%2Ftags&post=38234"}],"curies":[{"name":"wp","href":"https:\/\/api.w.org\/{rel}","templated":true}]}}