{"id":3803,"date":"2016-08-01T11:55:45","date_gmt":"2016-08-01T08:55:45","guid":{"rendered":"http:\/\/emlaktuel.com\/?p=3803"},"modified":"2018-07-05T14:27:37","modified_gmt":"2018-07-05T11:27:37","slug":"bizim-evler-de-tarihi-dev-kampanyada-basladi","status":"publish","type":"post","link":"https:\/\/emlaktuel.com\/?p=3803","title":{"rendered":"Bizim Evler de tarihi dev kampanyada ba\u015flad\u0131!"},"content":{"rendered":"<p>\u0130hlas Yap\u0131 taraf\u0131ndan hayata ge\u00e7irilen Ispartakule\u2019nin en g\u00f6zde projesi Bizim Evler de tarihi kampanya ile ev sahibi yapacak.<\/p>\n<div class=\"hz_main_post_content\">\n<div class=\"big_post_content\">Emlak Konut&#8217;un genel ekonomi ve gayrimenkul sekt\u00f6r\u00fcn\u00fcn canlanmas\u0131 ad\u0131na ba\u015flatt\u0131\u011f\u0131 y\u00fczde 20 pe\u015finat, y\u00fczde 0,70 faiz oran\u0131 ve 120 aya kadar vadeyle ev sahibi olma imkan\u0131 sunan \u2018tarihi kampanya&#8217;s\u0131 bir\u00e7ok firmaya da \u00f6nc\u00fc oldu.<\/p>\n<h4>0.70 ORANI \u0130LE 120 AY VADE \u0130MKANI<\/h4>\n<p>Markal\u0131 konut projeleri ile ad\u0131ndan s\u00f6z ettiren ve ev alanlar\u0131n g\u00fcvenini kazanan \u0130hlas Yap\u0131, <strong>&#8216;Emlak Konut GYO&#8217;nun Kampanyas\u0131na Biz de Kat\u0131l\u0131yoruz&#8217; <\/strong>dedi. Bu \u00e7er\u00e7evede <strong>Bizim Evler 6 <\/strong>projesindeki konut kredisi faizlerini %0,70&#8217;e indiren \u0130hlas Yap\u0131, kendi b\u00fcnyesinde uygulad\u0131\u011f\u0131 finansman modeli ile 120 ay vadeyle ev alacaklar\u0131n y\u00fcz\u00fcn\u00fc g\u00fcld\u00fcrecek.\u00a0 \u0130n\u015fa etti\u011fi projelerle yat\u0131r\u0131mc\u0131s\u0131na y\u00fcksek kazan\u00e7 getiren \u0130hlas Yap\u0131, dev kampanya ile\u00a0ekonominin lokomotifi gayrimenkul sekt\u00f6r\u00fcne de hareket getirecek.\u00a0Ispartakule b\u00f6lgesinin kalan son b\u00fcy\u00fck arsas\u0131 \u00fczerinde y\u00fckselen Bizim Evler 6,\u00a0hemen teslim f\u0131rsat\u0131 ile\u00a0ev sahibi yapacak.<\/p>\n<h4>HEMEN AL, HEMEN TA\u015eIN!<\/h4>\n<p>Geni\u015f peyzaj, sosyal ya\u015fam ve spor alanlar\u0131na sahip olan projede 2+1 daireler 419 bin liradan, 3+1 daireler 550 bin liradan, 4+1 daireler 720 bin liradan ba\u015flang\u0131\u00e7 g\u00f6steriyor. Yo\u011fun ilgi g\u00f6ren ve 5+1 daireleri t\u00fckenen proje G\u00f6kku\u015fa\u011f\u0131 ve Metro etaplar\u0131ndan olu\u015fuyor. Lanse edildi\u011fi g\u00fcnden itibaren ses getiren Bizim Evler 6 projesinin\u00a0G\u00f6kku\u015fa\u011f\u0131 etab\u0131 1207 konuttan meydana geliyor. Metro etab\u0131 ise 454 \u00f6zel daireden olu\u015fuyor.\u00a0Bizim Evler 6 projesinin hemen yan\u0131nda bulunan Bizim Evler Metro etab\u0131, \u00e7al\u0131\u015fmalar\u0131 devam eden\u00a0Kabata\u015f, Be\u015fikta\u015f, Gaziosmanpa\u015fa, Mahmutbey &#8211; Halkal\u0131, Ispartakule, Bah\u00e7e\u015fehir metro hatt\u0131n\u0131n Ispartakule dura\u011f\u0131nda yer al\u0131yor.\u00a0 Kanal \u0130stanbul&#8217;un muhtemel g\u00fczerg\u00e2h\u0131na kom\u015fu olan proje\u00a0y\u00fcksek yat\u0131r\u0131m potansiyeline sahip konumuyla konut al\u0131c\u0131lar\u0131n\u0131n b\u00fcy\u00fck ilgisi ile kar\u015f\u0131la\u015f\u0131yor. Bizim Evler 6&#8217;n\u0131n yeni kampanya ile de g\u00f6rd\u00fc\u011f\u00fc yo\u011fun talebi daha da katlayaca\u011f\u0131 \u00f6ng\u00f6r\u00fcl\u00fcyor.<\/p><\/div>\n<\/div>\n","protected":false},"excerpt":{"rendered":"<p>\u0130hlas Yap\u0131 taraf\u0131ndan hayata ge\u00e7irilen Ispartakule\u2019nin en g\u00f6zde projesi Bizim Evler de tarihi kampanya ile ev sahibi yapacak. Emlak Konut&#8217;un genel ekonomi ve gayrimenkul sekt\u00f6r\u00fcn\u00fcn canlanmas\u0131 ad\u0131na ba\u015flatt\u0131\u011f\u0131 y\u00fczde 20 pe\u015finat, y\u00fczde 0,70 faiz oran\u0131 ve 120 aya kadar vadeyle ev sahibi olma imkan\u0131 sunan \u2018tarihi kampanya&#8217;s\u0131 bir\u00e7ok firmaya da \u00f6nc\u00fc oldu. 0.70 ORANI \u0130LE [&hellip;]<\/p>\n","protected":false},"author":1,"featured_media":3804,"comment_status":"open","ping_status":"open","sticky":false,"template":"","format":"standard","meta":{"ngg_post_thumbnail":0},"categories":[221,1,26,219],"tags":[501,2558,2561,2560,459,11183,2434,11203,2559,544,80,4760,11480],"_links":{"self":[{"href":"https:\/\/emlaktuel.com\/index.php?rest_route=\/wp\/v2\/posts\/3803"}],"collection":[{"href":"https:\/\/emlaktuel.com\/index.php?rest_route=\/wp\/v2\/posts"}],"about":[{"href":"https:\/\/emlaktuel.com\/index.php?rest_route=\/wp\/v2\/types\/post"}],"author":[{"embeddable":true,"href":"https:\/\/emlaktuel.com\/index.php?rest_route=\/wp\/v2\/users\/1"}],"replies":[{"embeddable":true,"href":"https:\/\/emlaktuel.com\/index.php?rest_route=%2Fwp%2Fv2%2Fcomments&post=3803"}],"version-history":[{"count":1,"href":"https:\/\/emlaktuel.com\/index.php?rest_route=\/wp\/v2\/posts\/3803\/revisions"}],"predecessor-version":[{"id":3805,"href":"https:\/\/emlaktuel.com\/index.php?rest_route=\/wp\/v2\/posts\/3803\/revisions\/3805"}],"wp:featuredmedia":[{"embeddable":true,"href":"https:\/\/emlaktuel.com\/index.php?rest_route=\/wp\/v2\/media\/3804"}],"wp:attachment":[{"href":"https:\/\/emlaktuel.com\/index.php?rest_route=%2Fwp%2Fv2%2Fmedia&parent=3803"}],"wp:term":[{"taxonomy":"category","embeddable":true,"href":"https:\/\/emlaktuel.com\/index.php?rest_route=%2Fwp%2Fv2%2Fcategories&post=3803"},{"taxonomy":"post_tag","embeddable":true,"href":"https:\/\/emlaktuel.com\/index.php?rest_route=%2Fwp%2Fv2%2Ftags&post=3803"}],"curies":[{"name":"wp","href":"https:\/\/api.w.org\/{rel}","templated":true}]}}