{"id":37931,"date":"2022-02-01T13:43:21","date_gmt":"2022-02-01T10:43:21","guid":{"rendered":"https:\/\/emlaktuel.com\/?p=37931"},"modified":"2022-02-01T13:43:21","modified_gmt":"2022-02-01T10:43:21","slug":"basaksehir-kayapark-sakura-evleri-kura-cekimi-gerceklesti","status":"publish","type":"post","link":"https:\/\/emlaktuel.com\/?p=37931","title":{"rendered":"Ba\u015fak\u015fehir, Kayapark Sakura Evleri kura \u00e7ekimi ger\u00e7ekle\u015fti"},"content":{"rendered":"<p><strong>Ba\u015fak\u015fehir Belediyesi g\u00fcvencesi ile \u0130stanbul Kaya\u015fehir&#8217;de in\u015fa edilen sosyal konut projesi Kayapark Sakura Evleri i\u00e7in kura \u00e7ekimi heyecan\u0131 ya\u015fand\u0131. \u00d6n talep f\u0131rsatlar\u0131 ile maliyet fiyatlar\u0131na yak\u0131n fiyatlar ile sat\u0131\u015fa \u00e7\u0131kar\u0131lan 50 adet dairenin hak sahipleri d\u00fcn kura \u00e7ekimi ile belli oldu.<\/strong><\/p>\n<p>Ba\u015fak\u015fehir Belediyesi ile Famir Yap\u0131 i\u015fbirli\u011fi&#8217;nde \u0130stanbul Kayaba\u015f\u0131 Mahallesi\u2019nde in\u015fa edilen sosyal konut projesi olan Kayapark Sakura Evleri\u2019nde kura \u00e7ekimi heyecan\u0131 d\u00fcn ya\u015fand\u0131. Modern \u015fehircili\u011fin model il\u00e7esi olarak bilinen Ba\u015fak\u015fehir\u2019de yo\u011fun ilgi ile kar\u015f\u0131la\u015f\u0131lan projeye, 15 g\u00fcn gibi k\u0131sa bir zamanda toplam 8 bin 263 aile ba\u015fvuru yapt\u0131. Avrupa\u2019da en b\u00fcy\u00fck sa\u011fl\u0131k komplekslerinden birisi olan Ba\u015fak\u015fehir \u00c7am ve Sakura \u015eehir Hastanesi ile Atat\u00fcrk Olimpiyat Stad\u0131 ve Kayapark Millet Bah\u00e7esi\u2019ne kom\u015fu olarak y\u00fckselen projedeki 50 hak sahibi noter huzurunda yap\u0131lan \u00e7ekili\u015fle belirlendi.<\/p>\n<h2><strong>Bir \u00e7ok avantajla dolu sosyal konut projesi<\/strong><\/h2>\n<p><strong>Kayapark Sakura Evleri\u00a0<\/strong>6 bloktan olu\u015furken projede iki farkl\u0131 tipte 267 adet 2+1 ve 178 adette 3+1 olmak \u00fczere 445 daire in\u015fa edilecek. Kayapark Sakura Evleri sosyal konut projesi, \u0130stanbul Havaliman\u0131\u2019na yak\u0131nl\u0131\u011f\u0131, Yavuz Sultan Selim K\u00f6pr\u00fcs\u00fc Ba\u011flant\u0131s\u0131, \u015fehrin her b\u00f6lgesine ula\u015f\u0131m imkan\u0131 sa\u011flayan metro hatlar\u0131 ve otob\u00fcs g\u00fczergahlar\u0131 ile sakinlerine se\u00e7kin bir lokasyon avantajlar da sunuyor.<\/p>\n<p>Yap\u0131lan kura \u00e7ekimi program\u0131na, Kovid-19 salg\u0131n\u0131 nedeniyle tedbirler kapsam\u0131nda sadece Ba\u015fak\u015fehir Belediyesi ve Famir Yap\u0131 yetkilileri kat\u0131l\u0131m sa\u011flad\u0131. Kayapark Sakura Evleri\u2019nin kura \u00e7ekimi internet \u00fczerinden sosyal medya hesaplar\u0131ndan canl\u0131 bir \u015fekilde olarak yay\u0131nlad\u0131.<\/p>\n<p>&nbsp;<\/p>\n","protected":false},"excerpt":{"rendered":"<p>Ba\u015fak\u015fehir Belediyesi g\u00fcvencesi ile \u0130stanbul Kaya\u015fehir&#8217;de in\u015fa edilen sosyal konut projesi Kayapark Sakura Evleri i\u00e7in kura \u00e7ekimi heyecan\u0131 ya\u015fand\u0131. \u00d6n talep f\u0131rsatlar\u0131 ile maliyet fiyatlar\u0131na yak\u0131n fiyatlar ile sat\u0131\u015fa \u00e7\u0131kar\u0131lan 50 adet dairenin hak sahipleri d\u00fcn kura \u00e7ekimi ile belli oldu. Ba\u015fak\u015fehir Belediyesi ile Famir Yap\u0131 i\u015fbirli\u011fi&#8217;nde \u0130stanbul Kayaba\u015f\u0131 Mahallesi\u2019nde in\u015fa edilen sosyal konut projesi [&hellip;]<\/p>\n","protected":false},"author":1,"featured_media":37932,"comment_status":"open","ping_status":"open","sticky":false,"template":"","format":"standard","meta":{"ngg_post_thumbnail":0},"categories":[5388],"tags":[15971,15980,15978,15979],"_links":{"self":[{"href":"https:\/\/emlaktuel.com\/index.php?rest_route=\/wp\/v2\/posts\/37931"}],"collection":[{"href":"https:\/\/emlaktuel.com\/index.php?rest_route=\/wp\/v2\/posts"}],"about":[{"href":"https:\/\/emlaktuel.com\/index.php?rest_route=\/wp\/v2\/types\/post"}],"author":[{"embeddable":true,"href":"https:\/\/emlaktuel.com\/index.php?rest_route=\/wp\/v2\/users\/1"}],"replies":[{"embeddable":true,"href":"https:\/\/emlaktuel.com\/index.php?rest_route=%2Fwp%2Fv2%2Fcomments&post=37931"}],"version-history":[{"count":1,"href":"https:\/\/emlaktuel.com\/index.php?rest_route=\/wp\/v2\/posts\/37931\/revisions"}],"predecessor-version":[{"id":37933,"href":"https:\/\/emlaktuel.com\/index.php?rest_route=\/wp\/v2\/posts\/37931\/revisions\/37933"}],"wp:featuredmedia":[{"embeddable":true,"href":"https:\/\/emlaktuel.com\/index.php?rest_route=\/wp\/v2\/media\/37932"}],"wp:attachment":[{"href":"https:\/\/emlaktuel.com\/index.php?rest_route=%2Fwp%2Fv2%2Fmedia&parent=37931"}],"wp:term":[{"taxonomy":"category","embeddable":true,"href":"https:\/\/emlaktuel.com\/index.php?rest_route=%2Fwp%2Fv2%2Fcategories&post=37931"},{"taxonomy":"post_tag","embeddable":true,"href":"https:\/\/emlaktuel.com\/index.php?rest_route=%2Fwp%2Fv2%2Ftags&post=37931"}],"curies":[{"name":"wp","href":"https:\/\/api.w.org\/{rel}","templated":true}]}}